{"id":10933,"date":"2025-06-05T08:00:00","date_gmt":"2025-06-05T06:00:00","guid":{"rendered":"https:\/\/solidanca.cat\/?p=10933"},"modified":"2025-05-20T16:36:24","modified_gmt":"2025-05-20T14:36:24","slug":"celebramos-el-dia-mundial-del-medio-ambiente-con-un-desfile-sostenible-en-viladecans","status":"publish","type":"post","link":"https:\/\/solidanca.cat\/es\/celebramos-el-dia-mundial-del-medio-ambiente-con-un-desfile-sostenible-en-viladecans\/","title":{"rendered":"Celebramos el D\u00eda Mundial del Medio Ambiente con un desfile sostenible en Viladecans"},"content":{"rendered":"\n<p>Este <strong>5 de junio<\/strong>, con motivo del <strong>D\u00eda Mundial del Medio Ambiente<\/strong>, desde Solidan\u00e7a queremos poner en valor el compromiso ambiental de nuestra entidad, que desarrollamos a lo largo del a\u00f1o a trav\u00e9s de una estrategia basada en la econom\u00eda circular, la inclusi\u00f3n social y la gesti\u00f3n de residuos.<\/p>\n\n\n\n<div class=\"wp-block-uagb-image alignright uagb-block-6d48b9c6 wp-block-uagb-image--layout-default wp-block-uagb-image--effect-static wp-block-uagb-image--align-right\"><figure class=\"wp-block-uagb-image__figure\"><img decoding=\"async\" srcset=\"https:\/\/solidanca.cat\/wp-content\/uploads\/2025\/05\/Captura-de-pantalla-2025-05-20-a-las-13.52.48-1-edited-725x1024.png ,https:\/\/solidanca.cat\/wp-content\/uploads\/2025\/05\/Captura-de-pantalla-2025-05-20-a-las-13.52.48-1.png 780w, https:\/\/solidanca.cat\/wp-content\/uploads\/2025\/05\/Captura-de-pantalla-2025-05-20-a-las-13.52.48-1.png 360w\" sizes=\"auto, (max-width: 480px) 150px\" src=\"https:\/\/solidanca.cat\/wp-content\/uploads\/2025\/05\/Captura-de-pantalla-2025-05-20-a-las-13.52.48-1-edited-725x1024.png\" alt=\"\" class=\"uag-image-10882\" width=\"435\" height=\"614\" title=\"Captura de pantalla 2025-05-20 a las 13.52.48\" loading=\"lazy\" role=\"img\"\/><\/figure><\/div>\n\n\n\n<p>Este a\u00f1o, en el marco de esta conmemoraci\u00f3n,<strong> el viernes 6 de juni<\/strong>o organizamos, en colaboraci\u00f3n con el Ayuntamiento de Viladecans, un <strong>desfile de moda sostenible<\/strong> en el <strong>Punto Limpio de Viladecans<\/strong>. Esta actividad abierta al p\u00fablico quiere visibilizar el potencial de la reutilizaci\u00f3n textil y <strong>promover la circularidad a trav\u00e9s del upcycling<\/strong>, transformando prendas descartadas en dise\u00f1os creativos y funcionales. El evento nace con la voluntad de demostrar que <strong>la sostenibilidad tambi\u00e9n puede expresarse a trav\u00e9s de la creatividad y la innovaci\u00f3n<\/strong>, y que el residuo textil puede convertirse en una nueva oportunidad.<\/p>\n\n\n\n<h2 class=\"wp-block-heading\"><strong>Compromiso ambiental activo a lo largo de todo el a\u00f1o<\/strong><\/h2>\n\n\n\n<p>Solidan\u00e7a, junto con ADAD L&#8217;Encant y Recumadrid, impulsa un modelo de gesti\u00f3n de residuos con impacto social, basado en la mejora continua y la sostenibilidad. Algunos de los \u00e1mbitos destacados de acci\u00f3n son:<\/p>\n\n\n\n<ul class=\"wp-block-list\">\n<li><strong>Recogida y tratamiento de residuo textil<\/strong>: Hemos recogido m\u00e1s de 8.400 toneladas de ropa en 2024, contribuyendo a la reducci\u00f3n de 69.687 toneladas de CO\u2082 y fomentando la reutilizaci\u00f3n a trav\u00e9s de la red de contenedores Roba Amiga y nuestras tiendas de segunda mano.<\/li>\n\n\n\n<li><strong>Econom\u00eda circular e innovaci\u00f3n textil:<\/strong> Con proyectos como <strong>RETEXCAT, Circutex, Circular Upcycling o CircularWool<\/strong>, transformamos residuos en nuevos recursos, promoviendo alternativas sostenibles en el sector textil.<\/li>\n\n\n\n<li><strong>Tiendas Solidanza \/ Ropa Amiga<\/strong>: Con 14 establecimientos f\u00edsicos y una tienda online, ofrecemos productos de segunda mano de calidad, generamos empleo y sensibilizamos sobre los beneficios ambientales de la reutilizaci\u00f3n. Este a\u00f1o hemos reutilizado m\u00e1s de 93.000 kg de ropa.<\/li>\n\n\n\n<li><strong>Educaci\u00f3n ambiental y acci\u00f3n comunitaria:<\/strong> A trav\u00e9s de la plataforma<strong> Cercle Zero<\/strong>, actividades en escuelas y proyectos como la <strong>Reparatruck, Didaltruck y Viladecans Repara<\/strong>, fomentamos la prevenci\u00f3n de residuos y la conciencia ambiental entre la ciudadan\u00eda.<\/li>\n\n\n\n<li><strong>Gesti\u00f3n de voluminosos y puntos limpios:<\/strong> Gestionamos seis puntos limpios municipales y hemos recogido m\u00e1s de 2.000 toneladas de residuos voluminosos en diversos territorios, siempre con una mirada circular y orientada a la reutilizaci\u00f3n.<\/li>\n<\/ul>\n\n\n\n<h2 class=\"wp-block-heading\"><strong>Un compromiso certificado con el medio ambiente<\/strong><\/h2>\n\n\n\n<p>Desde hace m\u00e1s de una d\u00e9cada, Solidan\u00e7a cuenta con un <strong>Sistema de Gesti\u00f3n Ambiental certificado seg\u00fan norma UNE-EN ISO 14001:2015 y la verificaci\u00f3n EMAS<\/strong>, que garantiza la calidad y el rigor ambiental de todos nuestros procesos. Nuestra <strong>Pol\u00edtica Ambiental y Declaraci\u00f3n Ambiental <\/strong>son herramientas clave para avanzar hacia una sociedad m\u00e1s sostenible, justa y consciente.<\/p>\n\n\n\n<p>Con motivo del D\u00eda Mundial del Medio Ambiente, reafirmamos nuestro compromiso con la protecci\u00f3n del planeta y con una econom\u00eda circular con impacto real, que pone a las personas y al medio ambiente en el centro.<\/p>\n","protected":false},"excerpt":{"rendered":"<p>Este 5 de junio, con motivo del D\u00eda Mundial del Medio Ambiente, desde Solidan\u00e7a queremos poner en valor el compromiso ambiental&#8230;<\/p>\n","protected":false},"author":2,"featured_media":10932,"comment_status":"closed","ping_status":"closed","sticky":false,"template":"","format":"standard","meta":{"_uag_custom_page_level_css":"","_kad_blocks_custom_css":"","_kad_blocks_head_custom_js":"","_kad_blocks_body_custom_js":"","_kad_blocks_footer_custom_js":"","_kad_post_transparent":"","_kad_post_title":"","_kad_post_layout":"","_kad_post_sidebar_id":"","_kad_post_content_style":"","_kad_post_vertical_padding":"","_kad_post_feature":"","_kad_post_feature_position":"","_kad_post_header":false,"_kad_post_footer":false,"_kad_post_classname":"","footnotes":""},"categories":[761],"tags":[],"class_list":["post-10933","post","type-post","status-publish","format-standard","has-post-thumbnail","hentry","category-medio-ambiente"],"taxonomy_info":{"category":[{"value":761,"label":"MEDIO AMBIENTE"}]},"featured_image_src_large":["https:\/\/solidanca.cat\/wp-content\/uploads\/2025\/06\/FOTO-NOTICIES-WEB.jpg",800,400,false],"author_info":{"display_name":"Solidan\u00e7a","author_link":"https:\/\/solidanca.cat\/es\/author\/alberg\/"},"comment_info":0,"category_info":[{"term_id":761,"name":"MEDIO AMBIENTE","slug":"medio-ambiente","term_group":0,"term_taxonomy_id":761,"taxonomy":"category","description":"","parent":0,"count":263,"filter":"raw","cat_ID":761,"category_count":263,"category_description":"","cat_name":"MEDIO AMBIENTE","category_nicename":"medio-ambiente","category_parent":0}],"tag_info":false,"uagb_featured_image_src":{"full":["https:\/\/solidanca.cat\/wp-content\/uploads\/2025\/06\/FOTO-NOTICIES-WEB.jpg",800,400,false],"thumbnail":["https:\/\/solidanca.cat\/wp-content\/uploads\/2025\/06\/FOTO-NOTICIES-WEB-150x150.jpg",150,150,true],"medium":["https:\/\/solidanca.cat\/wp-content\/uploads\/2025\/06\/FOTO-NOTICIES-WEB-300x150.jpg",300,150,true],"medium_large":["https:\/\/solidanca.cat\/wp-content\/uploads\/2025\/06\/FOTO-NOTICIES-WEB-768x384.jpg",768,384,true],"large":["https:\/\/solidanca.cat\/wp-content\/uploads\/2025\/06\/FOTO-NOTICIES-WEB.jpg",800,400,false],"1536x1536":["https:\/\/solidanca.cat\/wp-content\/uploads\/2025\/06\/FOTO-NOTICIES-WEB.jpg",800,400,false],"2048x2048":["https:\/\/solidanca.cat\/wp-content\/uploads\/2025\/06\/FOTO-NOTICIES-WEB.jpg",800,400,false]},"uagb_author_info":{"display_name":"Solidan\u00e7a","author_link":"https:\/\/solidanca.cat\/es\/author\/alberg\/"},"uagb_comment_info":0,"uagb_excerpt":"Este 5 de junio, con motivo del D\u00eda Mundial del Medio Ambiente, desde Solidan\u00e7a queremos poner en valor el compromiso ambiental...","_links":{"self":[{"href":"https:\/\/solidanca.cat\/es\/wp-json\/wp\/v2\/posts\/10933","targetHints":{"allow":["GET"]}}],"collection":[{"href":"https:\/\/solidanca.cat\/es\/wp-json\/wp\/v2\/posts"}],"about":[{"href":"https:\/\/solidanca.cat\/es\/wp-json\/wp\/v2\/types\/post"}],"author":[{"embeddable":true,"href":"https:\/\/solidanca.cat\/es\/wp-json\/wp\/v2\/users\/2"}],"replies":[{"embeddable":true,"href":"https:\/\/solidanca.cat\/es\/wp-json\/wp\/v2\/comments?post=10933"}],"version-history":[{"count":1,"href":"https:\/\/solidanca.cat\/es\/wp-json\/wp\/v2\/posts\/10933\/revisions"}],"predecessor-version":[{"id":10934,"href":"https:\/\/solidanca.cat\/es\/wp-json\/wp\/v2\/posts\/10933\/revisions\/10934"}],"wp:featuredmedia":[{"embeddable":true,"href":"https:\/\/solidanca.cat\/es\/wp-json\/wp\/v2\/media\/10932"}],"wp:attachment":[{"href":"https:\/\/solidanca.cat\/es\/wp-json\/wp\/v2\/media?parent=10933"}],"wp:term":[{"taxonomy":"category","embeddable":true,"href":"https:\/\/solidanca.cat\/es\/wp-json\/wp\/v2\/categories?post=10933"},{"taxonomy":"post_tag","embeddable":true,"href":"https:\/\/solidanca.cat\/es\/wp-json\/wp\/v2\/tags?post=10933"}],"curies":[{"name":"wp","href":"https:\/\/api.w.org\/{rel}","templated":true}]}}