{"id":11077,"date":"2025-04-16T08:21:10","date_gmt":"2025-04-16T06:21:10","guid":{"rendered":"https:\/\/solidanca.cat\/els-mercats-de-segona-ma-dadad-lencant-consoliden-un-nou-model-de-consum-sostenible-a-les-comarques-gironines\/"},"modified":"2025-05-23T10:49:07","modified_gmt":"2025-05-23T08:49:07","slug":"los-mercados-de-segunda-mano-de-adad-el-encant-consolidan-un-nuevo-modelo-de-consumo-sostenible-en-las-comarcas-gerundenses","status":"publish","type":"post","link":"https:\/\/solidanca.cat\/es\/los-mercados-de-segunda-mano-de-adad-el-encant-consolidan-un-nuevo-modelo-de-consumo-sostenible-en-las-comarcas-gerundenses\/","title":{"rendered":"Los mercados de segunda mano de ADAD el Encant consolidan un nuevo modelo de consumo sostenible en las comarcas gerundenses"},"content":{"rendered":"<p>Los primeros mercados de segunda mano organizados por <strong>ADAD el Encant<\/strong> a Salt y Olot han sido todo un \u00e9xito de participaci\u00f3n y recibimiento por parte de la ciudadan\u00eda. Este nuevo modelo de comercio apuesta por ofrecer<strong> una alternativa sostenible, econ\u00f3mica y de proximidad al consumo de moda r\u00e1pida<\/strong>, consolid\u00e1ndose como una nueva v\u00eda de compra responsable en las comarcas gerundenses. Actualmente, los mercados se est\u00e1n celebrando en dos ubicaciones: en la tienda de <strong>L&#8217;Encant de Salt<\/strong> (Calle Dalai Lama, 7, Salt) y en la <strong>Nave de Olot<\/strong> (Calle Fluvi\u00e0, 18, Olot). En estos espacios, se pone a la venta ropa de temporada y prendas vintage a precios muy asequibles, que pueden variar entre <strong>1\u20ac y 3\u20ac por prenda seg\u00fan la edici\u00f3n.<\/strong><\/p>\n<p>Estos mercados representan una nueva forma de consumir moda, m\u00e1s respetuosa con el medio ambiente y con las personas. Toda la ropa disponible proviene de los contenedores de <strong>Solidan\u00e7a\/Roba Amiga<\/strong>, distribuidos por todas las comarcas de Girona y Barcelona, \u200b\u200bfomentando as\u00ed el <strong>comercio de proximidad.<\/strong> La ropa que se recoge ha sido donada por la ciudadan\u00eda, la cual se clasifica y prepara para su reutilizaci\u00f3n en la planta de Preparaci\u00f3n para la Reutilizaci\u00f3n de la Fundaci\u00f3 Solidan\u00e7a. Esto permite evitar que estas prendas se conviertan en residuo y as\u00ed darles una segunda vida, alargando su ciclo y <strong>reduciendo el impacto ambiental<\/strong> de la industria textil, una de las m\u00e1s contaminantes del mundo. Seg\u00fan datos de la Agencia de Residuos de Catalu\u00f1a, cada persona genera aproximadamente 22 kg de residuos textiles al a\u00f1o, pero s\u00f3lo un 11% se recoge selectivamente. Esto significa que la mayor\u00eda de ropa todav\u00eda se gestiona como rechazo. Ante esta realidad, <strong>iniciativas sostenibles como la venta en mercados de segunda mano no s\u00f3lo fomentan la reutilizaci\u00f3n, sino que ofrecen una alternativa real y accesible al consumo de moda r\u00e1pida y la problem\u00e1tica del textil.<\/strong> Adem\u00e1s del impacto ambiental, el proyecto tambi\u00e9n genera un<strong> retorno social<\/strong> muy importante: tanto el proceso de recogida y clasificaci\u00f3n de ropa como la gesti\u00f3n de los mercados permiten generar <strong>empleo para personas en situaci\u00f3n de vulnerabilidad social.<\/strong> Desde Solidan\u00e7a y ADAD el Encant se promueven <strong>itinerarios de inserci\u00f3n sociolaboral<\/strong>, con contrataci\u00f3n, acompa\u00f1amiento y formaci\u00f3n personalizada para mejorar las oportunidades de inserci\u00f3n de las personas participantes. Los mercados de Salt y Olot se convierten en <strong>espacios de encuentro de sensibilizaci\u00f3n ciudadan\u00eda,<\/strong> donde poder comprar de forma responsable, descubrir nuevas formas de consumir y apoyar proyectos con un <strong>gran impacto social y ambiental.<\/strong> Ya se han anunciado las fechas de las ediciones de los pr\u00f3ximos meses. Podr\u00e1 encontrar toda la informaci\u00f3n relacionada con los mercados de segunda mano en la <a>web de ADAD l&#8217;Encant<\/a> y en el Instagram <a>@robaamigagirona.<\/a><\/p>\n","protected":false},"excerpt":{"rendered":"<p>Los primeros mercados de segunda mano organizados por ADAD el Encant a Salt y Olot han sido todo un \u00e9xito de&#8230;<\/p>\n","protected":false},"author":2,"featured_media":11035,"comment_status":"closed","ping_status":"closed","sticky":false,"template":"","format":"standard","meta":{"_uag_custom_page_level_css":"","_kad_blocks_custom_css":"","_kad_blocks_head_custom_js":"","_kad_blocks_body_custom_js":"","_kad_blocks_footer_custom_js":"","_kad_post_transparent":"","_kad_post_title":"","_kad_post_layout":"","_kad_post_sidebar_id":"","_kad_post_content_style":"","_kad_post_vertical_padding":"","_kad_post_feature":"","_kad_post_feature_position":"","_kad_post_header":false,"_kad_post_footer":false,"_kad_post_classname":"","footnotes":""},"categories":[8,756],"tags":[],"class_list":["post-11077","post","type-post","status-publish","format-standard","has-post-thumbnail","hentry","category-sin-categorizar","category-tiendas"],"taxonomy_info":{"category":[{"value":8,"label":"Sin categorizar"},{"value":756,"label":"Tiendas"}]},"featured_image_src_large":["https:\/\/solidanca.cat\/wp-content\/uploads\/2025\/05\/FOTO-NOTICIES-WEB-1-2-1.png",800,400,false],"author_info":{"display_name":"Solidan\u00e7a","author_link":"https:\/\/solidanca.cat\/es\/author\/alberg\/"},"comment_info":0,"category_info":[{"term_id":8,"name":"Sin categorizar","slug":"sin-categorizar","term_group":0,"term_taxonomy_id":8,"taxonomy":"category","description":"","parent":0,"count":199,"filter":"raw","cat_ID":8,"category_count":199,"category_description":"","cat_name":"Sin categorizar","category_nicename":"sin-categorizar","category_parent":0},{"term_id":756,"name":"Tiendas","slug":"tiendas","term_group":0,"term_taxonomy_id":756,"taxonomy":"category","description":"","parent":0,"count":60,"filter":"raw","cat_ID":756,"category_count":60,"category_description":"","cat_name":"Tiendas","category_nicename":"tiendas","category_parent":0}],"tag_info":false,"uagb_featured_image_src":{"full":["https:\/\/solidanca.cat\/wp-content\/uploads\/2025\/05\/FOTO-NOTICIES-WEB-1-2-1.png",800,400,false],"thumbnail":["https:\/\/solidanca.cat\/wp-content\/uploads\/2025\/05\/FOTO-NOTICIES-WEB-1-2-1-150x150.png",150,150,true],"medium":["https:\/\/solidanca.cat\/wp-content\/uploads\/2025\/05\/FOTO-NOTICIES-WEB-1-2-1-300x150.png",300,150,true],"medium_large":["https:\/\/solidanca.cat\/wp-content\/uploads\/2025\/05\/FOTO-NOTICIES-WEB-1-2-1-768x384.png",768,384,true],"large":["https:\/\/solidanca.cat\/wp-content\/uploads\/2025\/05\/FOTO-NOTICIES-WEB-1-2-1.png",800,400,false],"1536x1536":["https:\/\/solidanca.cat\/wp-content\/uploads\/2025\/05\/FOTO-NOTICIES-WEB-1-2-1.png",800,400,false],"2048x2048":["https:\/\/solidanca.cat\/wp-content\/uploads\/2025\/05\/FOTO-NOTICIES-WEB-1-2-1.png",800,400,false]},"uagb_author_info":{"display_name":"Solidan\u00e7a","author_link":"https:\/\/solidanca.cat\/es\/author\/alberg\/"},"uagb_comment_info":0,"uagb_excerpt":"Los primeros mercados de segunda mano organizados por ADAD el Encant a Salt y Olot han sido todo un \u00e9xito de...","_links":{"self":[{"href":"https:\/\/solidanca.cat\/es\/wp-json\/wp\/v2\/posts\/11077","targetHints":{"allow":["GET"]}}],"collection":[{"href":"https:\/\/solidanca.cat\/es\/wp-json\/wp\/v2\/posts"}],"about":[{"href":"https:\/\/solidanca.cat\/es\/wp-json\/wp\/v2\/types\/post"}],"author":[{"embeddable":true,"href":"https:\/\/solidanca.cat\/es\/wp-json\/wp\/v2\/users\/2"}],"replies":[{"embeddable":true,"href":"https:\/\/solidanca.cat\/es\/wp-json\/wp\/v2\/comments?post=11077"}],"version-history":[{"count":1,"href":"https:\/\/solidanca.cat\/es\/wp-json\/wp\/v2\/posts\/11077\/revisions"}],"predecessor-version":[{"id":11099,"href":"https:\/\/solidanca.cat\/es\/wp-json\/wp\/v2\/posts\/11077\/revisions\/11099"}],"wp:featuredmedia":[{"embeddable":true,"href":"https:\/\/solidanca.cat\/es\/wp-json\/wp\/v2\/media\/11035"}],"wp:attachment":[{"href":"https:\/\/solidanca.cat\/es\/wp-json\/wp\/v2\/media?parent=11077"}],"wp:term":[{"taxonomy":"category","embeddable":true,"href":"https:\/\/solidanca.cat\/es\/wp-json\/wp\/v2\/categories?post=11077"},{"taxonomy":"post_tag","embeddable":true,"href":"https:\/\/solidanca.cat\/es\/wp-json\/wp\/v2\/tags?post=11077"}],"curies":[{"name":"wp","href":"https:\/\/api.w.org\/{rel}","templated":true}]}}