{"id":11080,"date":"2025-04-30T08:21:45","date_gmt":"2025-04-30T06:21:45","guid":{"rendered":"https:\/\/solidanca.cat\/amb-larribada-del-bon-temps-es-hora-de-fer-el-canvi-darmari-de-manera-sostenible\/"},"modified":"2025-05-23T10:51:38","modified_gmt":"2025-05-23T08:51:38","slug":"con-la-llegada-del-buen-tiempo-es-hora-de-hacer-el-cambio-de-armario-de-manera-sostenible","status":"publish","type":"post","link":"https:\/\/solidanca.cat\/es\/con-la-llegada-del-buen-tiempo-es-hora-de-hacer-el-cambio-de-armario-de-manera-sostenible\/","title":{"rendered":"Con la llegada del buen tiempo, es hora de hacer el cambio de armario\u2026 \u00a1de manera sostenible!"},"content":{"rendered":"<p>Con la llegada de la primavera y las temperaturas m\u00e1s suaves, llega tambi\u00e9n el momento ideal para <strong>limpiar y reorganizar tu armario<\/strong>. El cambio de estaci\u00f3n no s\u00f3lo es una ocasi\u00f3n para guardar los abrigos y recuperar prendas m\u00e1s ligeras, sino tambi\u00e9n para <strong>repensar la forma en que consumimos ropa<\/strong> y dar una segunda oportunidad a todo lo que ya no utilizamos. Desde Solidan\u00e7a te proponemos una <strong>manera responsable y circular<\/strong> de realizar el cambio de armario: lleva la ropa que ya no utilices en los c<strong>ontenedores naranjas de Solidan\u00e7a\/Roba Amiga.<\/strong> Estos contenedores, repartidos por todo el territorio, son el primer paso de un <strong>ciclo de reutilizaci\u00f3n<\/strong> que da una nueva vida a la ropa en desuso.<\/p>\n<h4><strong><em>De d\u00f3nde viene la ropa: el ciclo del textil<a href=\"https:\/\/solidanca.con2webs.es\/wp-content\/uploads\/2025\/02\/image-3-400x400-2.png\" target=\"_blank\" rel=\"noopener\"><img loading=\"lazy\" decoding=\"async\" class=\"size-full wp-image-66525 alignright\" src=\"https:\/\/solidanca.con2webs.es\/wp-content\/uploads\/2025\/02\/image-3-400x400-2.png\" alt=\"\" width=\"400\" height=\"400\" \/><\/a><\/em><\/strong><\/h4>\n<p>El proceso de gesti\u00f3n del residuo textil con Solidan\u00e7a comienza con la <strong>recogida de ropa en los contenedores naranjas de Ropa Amiga<\/strong> gestionados por la entidad, que es trasladado a la <strong>planta de Preparaci\u00f3n para la Reutilizaci\u00f3n<\/strong> de Sant Just Desvern (Barcelona) y pasa por un <strong>proceso de clasificaci\u00f3n <\/strong>en funci\u00f3n de l&#8217;estado y la tipolog\u00eda de las piezas, prepar\u00e1ndolas para su reutilizaci\u00f3n y, en caso necesario, el reciclaje. Una vez seleccionadas, aquellas piezas aptas para una segunda vida, son <strong>distribuidas en la red de tiendas de Solidan\u00e7a \/ Roba Amiga (<a href=\"https:\/\/www.instagram.com\/solidanca_circular\/?locale=de-DE\" target=\"_blank\" rel=\"noopener\">@solidanca_circular<\/a>)<\/strong>, con 17 tiendas distribuidas por el territorio catal\u00e1n. Con la compra de estos productos, la ciudadan\u00eda contribuye a cerrar el c\u00edrculo de la econom\u00eda circular y el ciclo de la ropa, convirtiendo el residuo en recurso y evitando generar nuevos residuos textiles.<\/p>\n<h4><strong><em>Las tiendas de Solidan\u00e7a, moda con valor social y ambiental<\/em><\/strong><\/h4>\n<p>En las tiendas de Solidan\u00e7a \/ Roba Amiga se ofrece una moda de segunda mano sostenible y consciente con el medio ambiente y con las personas. A trav\u00e9s del <strong>aprovechamiento, la reutilizaci\u00f3n y la revalorizaci\u00f3n del residuo textil<\/strong> ponen a la venta ropa con un doble impacto positivo: ambiental y social.<\/p>\n<ul>\n<li><strong><u>Valor ambiental<\/u><\/strong> Por un lado, la gesti\u00f3n de este residuo permite la recogida anual de m\u00e1s de <strong>5.946\u00a0toneladas de ropa\u00a0y evita la emisi\u00f3n de m\u00e1s de 48.527 toneladas de CO\u2082<\/strong>*\u00a0a la atm\u00f3sfera. *Datos de impacto de 2024.<\/li>\n<\/ul>\n<p>As\u00ed pues, el hecho de poder gestionar el residuo textil y reutilizarlo tiene un doble beneficio ambiental: evitamos las emisiones del tratamiento finalista y tambi\u00e9n las emisiones de la producci\u00f3n y transporte de nuevas prendas, as\u00ed como todas las materias primas necesarias para producirlas.<\/p>\n<ul>\n<li><strong><u>Valor social<\/u><\/strong> Al mismo tiempo, el proceso y el recorrido de valorizaci\u00f3n de la ropa permite la <strong>creaci\u00f3n de puestos de trabajo<\/strong> para personas en situaci\u00f3n de vulnerabilidad social, a trav\u00e9s de las <strong>Empresas de Inserci\u00f3n<\/strong> gestionadas desde Solidan\u00e7a (Solidan\u00e7a Treball EI, SLU, ADAD l&#8217;Encant Girona dedicadas a la inserci\u00f3n sociolaboral mediante actividades vinculadas a la gesti\u00f3n integral de residuos y la econom\u00eda circular.<\/li>\n<\/ul>\n<p>Solidan\u00e7a ofrece un trabajo remunerado, adem\u00e1s del acompa\u00f1amiento, la intervenci\u00f3n social y la formaci\u00f3n, durante per\u00edodos de tiempo que van desde los 6 meses hasta los 3 a\u00f1os, con el objetivo de que las personas que participan se puedan <strong>inserir en el mercado laboral ordinario al finalizar el itinerario<\/strong>. Este <strong>itinerario de inserci\u00f3n sociolaboral es un proceso personalizado y hol\u00edstico<\/strong>, donde la formaci\u00f3n es clave, y est\u00e1 acompa\u00f1ado por un equipo de profesionales multidisciplinar con psic\u00f3logas, psicopedagogas y educadoras sociales.<\/p>\n<h4><strong>SI TIENES ROPA QUE NO UTILIZAS, LL\u00c9VALA<a href=\"https:\/\/www.robaamiga.cat\/es\/\" target=\"_blank\" rel=\"noopener\">\u00a0A TU CONTENEDOR M\u00c1S PR\u00d3XIMO<\/a><\/strong><\/h4>\n<p data-pm-slice=\"1 1 []\">\n","protected":false},"excerpt":{"rendered":"<p>Con la llegada de la primavera y las temperaturas m\u00e1s suaves, llega tambi\u00e9n el momento ideal para limpiar y reorganizar tu&#8230;<\/p>\n","protected":false},"author":2,"featured_media":11042,"comment_status":"closed","ping_status":"closed","sticky":false,"template":"","format":"standard","meta":{"_uag_custom_page_level_css":"","_kad_blocks_custom_css":"","_kad_blocks_head_custom_js":"","_kad_blocks_body_custom_js":"","_kad_blocks_footer_custom_js":"","_kad_post_transparent":"","_kad_post_title":"","_kad_post_layout":"","_kad_post_sidebar_id":"","_kad_post_content_style":"","_kad_post_vertical_padding":"","_kad_post_feature":"","_kad_post_feature_position":"","_kad_post_header":false,"_kad_post_footer":false,"_kad_post_classname":"","footnotes":""},"categories":[761,799],"tags":[778,779,738,780,781,155],"class_list":["post-11080","post","type-post","status-publish","format-standard","has-post-thumbnail","hentry","category-medio-ambiente","category-sostenibilitat-2","tag-botigues-de-segona-ma","tag-canvi-darmari","tag-cicle-de-la-roba","tag-contenidors-textils","tag-primavera","tag-sostenible"],"taxonomy_info":{"category":[{"value":761,"label":"MEDIO AMBIENTE"},{"value":799,"label":"Sostenibilitat"}],"post_tag":[{"value":778,"label":"botigues de segona m\u00e0"},{"value":779,"label":"canvi d'armari"},{"value":738,"label":"cicle de la roba"},{"value":780,"label":"contenidors t\u00e8xtils"},{"value":781,"label":"primavera"},{"value":155,"label":"sostenible"}]},"featured_image_src_large":["https:\/\/solidanca.cat\/wp-content\/uploads\/2025\/05\/FOTO-NOTICIES-WEB-4-1.png",800,400,false],"author_info":{"display_name":"Solidan\u00e7a","author_link":"https:\/\/solidanca.cat\/es\/author\/alberg\/"},"comment_info":0,"category_info":[{"term_id":761,"name":"MEDIO AMBIENTE","slug":"medio-ambiente","term_group":0,"term_taxonomy_id":761,"taxonomy":"category","description":"","parent":0,"count":263,"filter":"raw","cat_ID":761,"category_count":263,"category_description":"","cat_name":"MEDIO AMBIENTE","category_nicename":"medio-ambiente","category_parent":0},{"term_id":799,"name":"Sostenibilitat","slug":"sostenibilitat-2","term_group":0,"term_taxonomy_id":799,"taxonomy":"category","description":"","parent":0,"count":2,"filter":"raw","cat_ID":799,"category_count":2,"category_description":"","cat_name":"Sostenibilitat","category_nicename":"sostenibilitat-2","category_parent":0}],"tag_info":[{"term_id":778,"name":"botigues de segona m\u00e0","slug":"botigues-de-segona-ma","term_group":0,"term_taxonomy_id":778,"taxonomy":"post_tag","description":"","parent":0,"count":2,"filter":"raw"},{"term_id":779,"name":"canvi d'armari","slug":"canvi-darmari","term_group":0,"term_taxonomy_id":779,"taxonomy":"post_tag","description":"","parent":0,"count":2,"filter":"raw"},{"term_id":738,"name":"cicle de la roba","slug":"cicle-de-la-roba","term_group":0,"term_taxonomy_id":738,"taxonomy":"post_tag","description":"","parent":0,"count":4,"filter":"raw"},{"term_id":780,"name":"contenidors t\u00e8xtils","slug":"contenidors-textils","term_group":0,"term_taxonomy_id":780,"taxonomy":"post_tag","description":"","parent":0,"count":2,"filter":"raw"},{"term_id":781,"name":"primavera","slug":"primavera","term_group":0,"term_taxonomy_id":781,"taxonomy":"post_tag","description":"","parent":0,"count":2,"filter":"raw"},{"term_id":155,"name":"sostenible","slug":"sostenible","term_group":0,"term_taxonomy_id":155,"taxonomy":"post_tag","description":"","parent":0,"count":12,"filter":"raw"}],"uagb_featured_image_src":{"full":["https:\/\/solidanca.cat\/wp-content\/uploads\/2025\/05\/FOTO-NOTICIES-WEB-4-1.png",800,400,false],"thumbnail":["https:\/\/solidanca.cat\/wp-content\/uploads\/2025\/05\/FOTO-NOTICIES-WEB-4-1-150x150.png",150,150,true],"medium":["https:\/\/solidanca.cat\/wp-content\/uploads\/2025\/05\/FOTO-NOTICIES-WEB-4-1-300x150.png",300,150,true],"medium_large":["https:\/\/solidanca.cat\/wp-content\/uploads\/2025\/05\/FOTO-NOTICIES-WEB-4-1-768x384.png",768,384,true],"large":["https:\/\/solidanca.cat\/wp-content\/uploads\/2025\/05\/FOTO-NOTICIES-WEB-4-1.png",800,400,false],"1536x1536":["https:\/\/solidanca.cat\/wp-content\/uploads\/2025\/05\/FOTO-NOTICIES-WEB-4-1.png",800,400,false],"2048x2048":["https:\/\/solidanca.cat\/wp-content\/uploads\/2025\/05\/FOTO-NOTICIES-WEB-4-1.png",800,400,false]},"uagb_author_info":{"display_name":"Solidan\u00e7a","author_link":"https:\/\/solidanca.cat\/es\/author\/alberg\/"},"uagb_comment_info":0,"uagb_excerpt":"Con la llegada de la primavera y las temperaturas m\u00e1s suaves, llega tambi\u00e9n el momento ideal para limpiar y reorganizar tu...","_links":{"self":[{"href":"https:\/\/solidanca.cat\/es\/wp-json\/wp\/v2\/posts\/11080","targetHints":{"allow":["GET"]}}],"collection":[{"href":"https:\/\/solidanca.cat\/es\/wp-json\/wp\/v2\/posts"}],"about":[{"href":"https:\/\/solidanca.cat\/es\/wp-json\/wp\/v2\/types\/post"}],"author":[{"embeddable":true,"href":"https:\/\/solidanca.cat\/es\/wp-json\/wp\/v2\/users\/2"}],"replies":[{"embeddable":true,"href":"https:\/\/solidanca.cat\/es\/wp-json\/wp\/v2\/comments?post=11080"}],"version-history":[{"count":1,"href":"https:\/\/solidanca.cat\/es\/wp-json\/wp\/v2\/posts\/11080\/revisions"}],"predecessor-version":[{"id":11101,"href":"https:\/\/solidanca.cat\/es\/wp-json\/wp\/v2\/posts\/11080\/revisions\/11101"}],"wp:featuredmedia":[{"embeddable":true,"href":"https:\/\/solidanca.cat\/es\/wp-json\/wp\/v2\/media\/11042"}],"wp:attachment":[{"href":"https:\/\/solidanca.cat\/es\/wp-json\/wp\/v2\/media?parent=11080"}],"wp:term":[{"taxonomy":"category","embeddable":true,"href":"https:\/\/solidanca.cat\/es\/wp-json\/wp\/v2\/categories?post=11080"},{"taxonomy":"post_tag","embeddable":true,"href":"https:\/\/solidanca.cat\/es\/wp-json\/wp\/v2\/tags?post=11080"}],"curies":[{"name":"wp","href":"https:\/\/api.w.org\/{rel}","templated":true}]}}