{"id":11081,"date":"2025-04-29T08:21:49","date_gmt":"2025-04-29T06:21:49","guid":{"rendered":"https:\/\/solidanca.cat\/solidanca-reforca-el-seu-compromis-social-i-ambiental-a-sant-joan-despi-amb-multiples-serveis-i-activitats\/"},"modified":"2025-05-23T10:53:36","modified_gmt":"2025-05-23T08:53:36","slug":"solidanca-refuerza-su-compromiso-social-y-ambiental-en-sant-joan-despi-con-multiples-servicios-y-actividades","status":"publish","type":"post","link":"https:\/\/solidanca.cat\/es\/solidanca-refuerza-su-compromiso-social-y-ambiental-en-sant-joan-despi-con-multiples-servicios-y-actividades\/","title":{"rendered":"Solidan\u00e7a refuerza su compromiso social y ambiental en Sant Joan Desp\u00ed con m\u00faltiples servicios y actividades"},"content":{"rendered":"<p>Gracias al convenio de colaboraci\u00f3n que mantenemos anualmente entre Solidan\u00e7a y el Ayuntamiento de Sant Joan Desp\u00ed, se ha podido impulsar una gran variedad de actividades con un impacto social y ambiental muy positivo para el municipio.<\/p>\n<p><strong>Inserci\u00f3n sociolaboral y formaci\u00f3n<\/strong><br \/>\nEn el marco de este convenio, a lo largo de 2024, 17 personas del municipio han sido contratadas en la Empresa de Inserci\u00f3n de Solidan\u00e7a, ofreci\u00e9ndoles una oportunidad real de integraci\u00f3n sociolaboral. A trav\u00e9s de los itinerarios de inserci\u00f3n que ofrecemos desde la entidad, las personas en situaci\u00f3n de vulnerabilidad social son contratadas en actividades de gesti\u00f3n de residuo para mejorar su empleabilidad. Adem\u00e1s de las oportunidades laborales, desde el Centro de Formaci\u00f3n de Solidan\u00e7a hemos podido formar a 18 personas para mejorar sus competencias profesionales, facilitando el acceso a futuras oportunidades laborales. Durante los cursos, adem\u00e1s de la formaci\u00f3n t\u00e9cnica (en Atenci\u00f3n al Cliente o Almac\u00e9n en E-Commerce, por ejemplo) y las pr\u00e1cticas en empresas, tambi\u00e9n se ofrecen competencias transversales para dar m\u00e1s herramientas para garantizar la inserci\u00f3n en el mundo laboral ordinario.<\/p>\n<p><strong>Econom\u00eda circular y gesti\u00f3n de residuos<\/strong><br \/>\nSolidan\u00e7a ha recogido un total de 95.115 kg de ropa usada a trav\u00e9s de los contenedores ubicados en diferentes puntos de Sant Joan Desp\u00ed. Esta ropa recibe una nueva vida gracias al proceso de reutilizaci\u00f3n y reciclaje a trav\u00e9s de la planta de preparaci\u00f3n para la reutilizaci\u00f3n de la entidad. Paralelamente, la tienda del municipio, conocida como La Nau de Solidan\u00e7a, es un espacio de venta de ropa y objetos de segunda mano que sigue siendo un referente local de consumo responsable y sostenible. Adem\u00e1s, Solidan\u00e7a gestiona el Punto Limpio de Fontsanta, un servicio clave para la correcta gesti\u00f3n de los residuos y para fomentar h\u00e1bitos sostenibles entre la ciudadan\u00eda. Tambi\u00e9n se ofrece en el municipio el servicio de vaciado de pisos, almacenes y oficinas, facilitando la reutilizaci\u00f3n de materiales y contribuyendo a una gesti\u00f3n eficiente de los recursos.<\/p>\n<p><strong>Compromiso solidario y cooperaci\u00f3n<\/strong><br \/>\nSolidan\u00e7a participa activamente en la comisi\u00f3n de solidaridad y cooperaci\u00f3n de Sant Joan Desp\u00ed, promoviendo iniciativas sociales y de cooperaci\u00f3n municipal con una mirada transformadora e inclusiva. El municipio tambi\u00e9n participa activamente en la dimensi\u00f3n internacional del compromiso social de Solidan\u00e7a, mediante la financiaci\u00f3n del proyecto \u201cRE-Circulant: 0 residuos en la cadena de aprovisionamiento alimentario de Gambia\u201d, impulsado por Solidan\u00e7a y la entidad local Mbolo. Contribuye a una iniciativa que promueve la econom\u00eda circular y la sostenibilidad ambiental en Gambia a trav\u00e9s de la formaci\u00f3n en pr\u00e1cticas agroecol\u00f3gicas y de gesti\u00f3n de residuos. Esta actuaci\u00f3n se enmarca dentro del proyecto Fandema, una propuesta consolidada desde hace m\u00e1s de diez a\u00f1os por el empoderamiento de las mujeres gambianas, y que trabaja para reducir las desigualdades de g\u00e9nero e impulsar el desarrollo comunitario. Con esta colaboraci\u00f3n, Solidan\u00e7a reafirma su compromiso con la sostenibilidad, la justicia social y el desarrollo local. Con el apoyo del Ayuntamiento de Sant Joan Desp\u00ed. <img class=\"\" width=\"\" height=\"\" \/>\u00ab<\/p>\n","protected":false},"excerpt":{"rendered":"<p>Gracias al convenio de colaboraci\u00f3n que mantenemos anualmente entre Solidan\u00e7a y el Ayuntamiento de Sant Joan Desp\u00ed, se ha podido impulsar&#8230;<\/p>\n","protected":false},"author":2,"featured_media":11045,"comment_status":"closed","ping_status":"closed","sticky":false,"template":"","format":"standard","meta":{"_uag_custom_page_level_css":"","_kad_blocks_custom_css":"","_kad_blocks_head_custom_js":"","_kad_blocks_body_custom_js":"","_kad_blocks_footer_custom_js":"","_kad_post_transparent":"","_kad_post_title":"","_kad_post_layout":"","_kad_post_sidebar_id":"","_kad_post_content_style":"","_kad_post_vertical_padding":"","_kad_post_feature":"","_kad_post_feature_position":"","_kad_post_header":false,"_kad_post_footer":false,"_kad_post_classname":"","footnotes":""},"categories":[763,761],"tags":[806,807,808,809],"class_list":["post-11081","post","type-post","status-publish","format-standard","has-post-thumbnail","hentry","category-area-social-es","category-medio-ambiente","tag-activitats-2","tag-ajuntament-de-sant-joan-despi-2","tag-conveni-2","tag-sant-joan-despi-2"],"taxonomy_info":{"category":[{"value":763,"label":"Area Social"},{"value":761,"label":"MEDIO AMBIENTE"}],"post_tag":[{"value":806,"label":"activitats"},{"value":807,"label":"ajuntament de Sant Joan Desp\u00ed"},{"value":808,"label":"conveni"},{"value":809,"label":"Sant Joan Desp\u00ed"}]},"featured_image_src_large":["https:\/\/solidanca.cat\/wp-content\/uploads\/2025\/05\/FOTO-NOTICIES-WEB-54-1.png",800,400,false],"author_info":{"display_name":"Solidan\u00e7a","author_link":"https:\/\/solidanca.cat\/es\/author\/alberg\/"},"comment_info":0,"category_info":[{"term_id":763,"name":"Area Social","slug":"area-social-es","term_group":0,"term_taxonomy_id":763,"taxonomy":"category","description":"","parent":0,"count":205,"filter":"raw","cat_ID":763,"category_count":205,"category_description":"","cat_name":"Area Social","category_nicename":"area-social-es","category_parent":0},{"term_id":761,"name":"MEDIO AMBIENTE","slug":"medio-ambiente","term_group":0,"term_taxonomy_id":761,"taxonomy":"category","description":"","parent":0,"count":263,"filter":"raw","cat_ID":761,"category_count":263,"category_description":"","cat_name":"MEDIO AMBIENTE","category_nicename":"medio-ambiente","category_parent":0}],"tag_info":[{"term_id":806,"name":"activitats","slug":"activitats-2","term_group":0,"term_taxonomy_id":806,"taxonomy":"post_tag","description":"","parent":0,"count":1,"filter":"raw"},{"term_id":807,"name":"ajuntament de Sant Joan Desp\u00ed","slug":"ajuntament-de-sant-joan-despi-2","term_group":0,"term_taxonomy_id":807,"taxonomy":"post_tag","description":"","parent":0,"count":1,"filter":"raw"},{"term_id":808,"name":"conveni","slug":"conveni-2","term_group":0,"term_taxonomy_id":808,"taxonomy":"post_tag","description":"","parent":0,"count":1,"filter":"raw"},{"term_id":809,"name":"Sant Joan Desp\u00ed","slug":"sant-joan-despi-2","term_group":0,"term_taxonomy_id":809,"taxonomy":"post_tag","description":"","parent":0,"count":1,"filter":"raw"}],"uagb_featured_image_src":{"full":["https:\/\/solidanca.cat\/wp-content\/uploads\/2025\/05\/FOTO-NOTICIES-WEB-54-1.png",800,400,false],"thumbnail":["https:\/\/solidanca.cat\/wp-content\/uploads\/2025\/05\/FOTO-NOTICIES-WEB-54-1-150x150.png",150,150,true],"medium":["https:\/\/solidanca.cat\/wp-content\/uploads\/2025\/05\/FOTO-NOTICIES-WEB-54-1-300x150.png",300,150,true],"medium_large":["https:\/\/solidanca.cat\/wp-content\/uploads\/2025\/05\/FOTO-NOTICIES-WEB-54-1-768x384.png",768,384,true],"large":["https:\/\/solidanca.cat\/wp-content\/uploads\/2025\/05\/FOTO-NOTICIES-WEB-54-1.png",800,400,false],"1536x1536":["https:\/\/solidanca.cat\/wp-content\/uploads\/2025\/05\/FOTO-NOTICIES-WEB-54-1.png",800,400,false],"2048x2048":["https:\/\/solidanca.cat\/wp-content\/uploads\/2025\/05\/FOTO-NOTICIES-WEB-54-1.png",800,400,false]},"uagb_author_info":{"display_name":"Solidan\u00e7a","author_link":"https:\/\/solidanca.cat\/es\/author\/alberg\/"},"uagb_comment_info":0,"uagb_excerpt":"Gracias al convenio de colaboraci\u00f3n que mantenemos anualmente entre Solidan\u00e7a y el Ayuntamiento de Sant Joan Desp\u00ed, se ha podido impulsar...","_links":{"self":[{"href":"https:\/\/solidanca.cat\/es\/wp-json\/wp\/v2\/posts\/11081","targetHints":{"allow":["GET"]}}],"collection":[{"href":"https:\/\/solidanca.cat\/es\/wp-json\/wp\/v2\/posts"}],"about":[{"href":"https:\/\/solidanca.cat\/es\/wp-json\/wp\/v2\/types\/post"}],"author":[{"embeddable":true,"href":"https:\/\/solidanca.cat\/es\/wp-json\/wp\/v2\/users\/2"}],"replies":[{"embeddable":true,"href":"https:\/\/solidanca.cat\/es\/wp-json\/wp\/v2\/comments?post=11081"}],"version-history":[{"count":1,"href":"https:\/\/solidanca.cat\/es\/wp-json\/wp\/v2\/posts\/11081\/revisions"}],"predecessor-version":[{"id":11103,"href":"https:\/\/solidanca.cat\/es\/wp-json\/wp\/v2\/posts\/11081\/revisions\/11103"}],"wp:featuredmedia":[{"embeddable":true,"href":"https:\/\/solidanca.cat\/es\/wp-json\/wp\/v2\/media\/11045"}],"wp:attachment":[{"href":"https:\/\/solidanca.cat\/es\/wp-json\/wp\/v2\/media?parent=11081"}],"wp:term":[{"taxonomy":"category","embeddable":true,"href":"https:\/\/solidanca.cat\/es\/wp-json\/wp\/v2\/categories?post=11081"},{"taxonomy":"post_tag","embeddable":true,"href":"https:\/\/solidanca.cat\/es\/wp-json\/wp\/v2\/tags?post=11081"}],"curies":[{"name":"wp","href":"https:\/\/api.w.org\/{rel}","templated":true}]}}