{"id":11082,"date":"2025-05-05T00:00:00","date_gmt":"2025-05-04T22:00:00","guid":{"rendered":"https:\/\/solidanca.cat\/barcelona-impulsa-el-consum-responsable-amb-la-nova-edicio-de-renova-la-roba-i-les-joguines\/"},"modified":"2025-05-23T10:54:37","modified_gmt":"2025-05-23T08:54:37","slug":"barcelona-impulsa-el-consumo-responsable-con-la-nueva-edicion-de-renueva-la-ropa-y-los-juguetes","status":"publish","type":"post","link":"https:\/\/solidanca.cat\/es\/barcelona-impulsa-el-consumo-responsable-con-la-nueva-edicion-de-renueva-la-ropa-y-los-juguetes\/","title":{"rendered":"Barcelona impulsa el consumo responsable con la nueva edici\u00f3n de \u00abRenueva la ropa y los juguetes\u00bb"},"content":{"rendered":"<p>\u00ab<a><img class=\"\" alt=\"\" width=\"\" height=\"\" \/><\/a> L\u2019Ajuntament de Barcelona reafirma el seu comprom\u00eds amb el consum responsable i la sostenibilitat amb una nova edici\u00f3 del projecte <strong>\u201cRenova la teva roba, Renova la teva roba jove i Renova les teves joguines 2025\u201d<\/strong>, que tindr\u00e0 lloc del<strong> 5 de maig al 14 de juny de 2025<\/strong>. La iniciativa, que compta amb la col\u00b7laboraci\u00f3 de la Fundaci\u00f3 Solidan\u00e7a, promou la reutilitzaci\u00f3 de recursos, redueix la generaci\u00f3 de residus i fomenta un <strong>model d\u2019intercanvi responsable i accessible per a tothom.<\/strong> Aquest projecte va n\u00e9ixer el 2011, impulsat per l\u2019<strong>Ajuntament de Barcelona<\/strong>, com una xarxa d\u2019intercanvi de roba i joguines en bon estat. Des d\u2019aleshores, no ha deixat de cr\u00e9ixer. L\u2019edici\u00f3 de primavera del 2025 compta amb la participaci\u00f3 de <strong data-start=\"\" data-end=\"\">m\u00e9s de 35 equipaments i entitats<\/strong> d\u2019arreu de la ciutat, que acolliran activitats obertes a la ciutadania amb l\u2019objectiu de continuar expandint la xarxa col\u00b7laborativa i els h\u00e0bits de consum sostenibles. Puede consultar toda la informaci\u00f3n y la programaci\u00f3n de actividades a trav\u00e9s de los siguientes enlaces:<\/p>\n<ul>\n<li><a>RENUEVA tu Ropa<\/a><\/li>\n<li><a>RENUEVA tus Juguetes<\/a><\/li>\n<\/ul>\n<p>Tambi\u00e9n puedes seguir el d\u00eda a d\u00eda del proyecto en las <strong>redes sociales de: <a>@fansdelrenova<\/a><\/strong><\/p>\n<h4><strong><em>\u00bfSabes c\u00f3mo funciona el intercambio?<\/em><\/strong><\/h4>\n<p class=\"\" data-start=\"\" data-end=\"\"><a><img class=\"\" alt=\"\" width=\"\" height=\"\" \/><\/a><\/p>\n<p>Las personas participantes pueden llevar ropa o juguetes en buen estado en los distintos puntos de intercambio repartidos por Barcelona. A cambio, reciben <strong>puntos Renova<\/strong> que podr\u00e1n canjear posteriormente por otras piezas o juguetes. El objetivo es <strong>alargar la vida \u00fatil de los objetos<\/strong> y evitar la compra impulsiva de nuevos productos, contribuyendo as\u00ed a reducir la huella ecol\u00f3gica. Se pueden llevar un m\u00e1ximo de <strong>10 prendas<\/strong>, previamente lavadas y en buen estado. No se aceptan zapatos, ropa interior ni prendas del hogar. Durante el intercambio, se pueden recoger hasta 10 piezas sin posibilidad de retorno. Por lo que respecta a los juguetes, el proyecto pretende concienciar sobre el<strong> consumo excesivo y poco reflexionado<\/strong> en este \u00e1mbito, ofreciendo una alternativa l\u00fadica y educativa que da una segunda vida a juguetes en buen estado y promueve valores como la reutilizaci\u00f3n y el consumo responsable. Con el apoyo del Ayuntamiento de Barcelona:<\/p>\n<p data-start=\"\" data-end=\"\"><a><img class=\"\" alt=\"\" width=\"\" height=\"\" \/><\/a><\/p>\n<p data-start=\"\" data-end=\"\">\n<p>\u00ab<\/p>\n","protected":false},"excerpt":{"rendered":"<p>\u00ab L\u2019Ajuntament de Barcelona reafirma el seu comprom\u00eds amb el consum responsable i la sostenibilitat amb una nova edici\u00f3 del projecte&#8230;<\/p>\n","protected":false},"author":2,"featured_media":11048,"comment_status":"closed","ping_status":"closed","sticky":false,"template":"","format":"standard","meta":{"_uag_custom_page_level_css":"","_kad_blocks_custom_css":"","_kad_blocks_head_custom_js":"","_kad_blocks_body_custom_js":"","_kad_blocks_footer_custom_js":"","_kad_post_transparent":"","_kad_post_title":"","_kad_post_layout":"","_kad_post_sidebar_id":"","_kad_post_content_style":"","_kad_post_vertical_padding":"","_kad_post_feature":"","_kad_post_feature_position":"","_kad_post_header":false,"_kad_post_footer":false,"_kad_post_classname":"","footnotes":""},"categories":[761],"tags":[],"class_list":["post-11082","post","type-post","status-publish","format-standard","has-post-thumbnail","hentry","category-medio-ambiente"],"taxonomy_info":{"category":[{"value":761,"label":"MEDIO AMBIENTE"}]},"featured_image_src_large":["https:\/\/solidanca.cat\/wp-content\/uploads\/2025\/05\/FOTO-NOTICIES-WEB-5-1.png",800,400,false],"author_info":{"display_name":"Solidan\u00e7a","author_link":"https:\/\/solidanca.cat\/es\/author\/alberg\/"},"comment_info":0,"category_info":[{"term_id":761,"name":"MEDIO AMBIENTE","slug":"medio-ambiente","term_group":0,"term_taxonomy_id":761,"taxonomy":"category","description":"","parent":0,"count":263,"filter":"raw","cat_ID":761,"category_count":263,"category_description":"","cat_name":"MEDIO AMBIENTE","category_nicename":"medio-ambiente","category_parent":0}],"tag_info":false,"uagb_featured_image_src":{"full":["https:\/\/solidanca.cat\/wp-content\/uploads\/2025\/05\/FOTO-NOTICIES-WEB-5-1.png",800,400,false],"thumbnail":["https:\/\/solidanca.cat\/wp-content\/uploads\/2025\/05\/FOTO-NOTICIES-WEB-5-1-150x150.png",150,150,true],"medium":["https:\/\/solidanca.cat\/wp-content\/uploads\/2025\/05\/FOTO-NOTICIES-WEB-5-1-300x150.png",300,150,true],"medium_large":["https:\/\/solidanca.cat\/wp-content\/uploads\/2025\/05\/FOTO-NOTICIES-WEB-5-1-768x384.png",768,384,true],"large":["https:\/\/solidanca.cat\/wp-content\/uploads\/2025\/05\/FOTO-NOTICIES-WEB-5-1.png",800,400,false],"1536x1536":["https:\/\/solidanca.cat\/wp-content\/uploads\/2025\/05\/FOTO-NOTICIES-WEB-5-1.png",800,400,false],"2048x2048":["https:\/\/solidanca.cat\/wp-content\/uploads\/2025\/05\/FOTO-NOTICIES-WEB-5-1.png",800,400,false]},"uagb_author_info":{"display_name":"Solidan\u00e7a","author_link":"https:\/\/solidanca.cat\/es\/author\/alberg\/"},"uagb_comment_info":0,"uagb_excerpt":"\u00ab L\u2019Ajuntament de Barcelona reafirma el seu comprom\u00eds amb el consum responsable i la sostenibilitat amb una nova edici\u00f3 del projecte...","_links":{"self":[{"href":"https:\/\/solidanca.cat\/es\/wp-json\/wp\/v2\/posts\/11082","targetHints":{"allow":["GET"]}}],"collection":[{"href":"https:\/\/solidanca.cat\/es\/wp-json\/wp\/v2\/posts"}],"about":[{"href":"https:\/\/solidanca.cat\/es\/wp-json\/wp\/v2\/types\/post"}],"author":[{"embeddable":true,"href":"https:\/\/solidanca.cat\/es\/wp-json\/wp\/v2\/users\/2"}],"replies":[{"embeddable":true,"href":"https:\/\/solidanca.cat\/es\/wp-json\/wp\/v2\/comments?post=11082"}],"version-history":[{"count":1,"href":"https:\/\/solidanca.cat\/es\/wp-json\/wp\/v2\/posts\/11082\/revisions"}],"predecessor-version":[{"id":11104,"href":"https:\/\/solidanca.cat\/es\/wp-json\/wp\/v2\/posts\/11082\/revisions\/11104"}],"wp:featuredmedia":[{"embeddable":true,"href":"https:\/\/solidanca.cat\/es\/wp-json\/wp\/v2\/media\/11048"}],"wp:attachment":[{"href":"https:\/\/solidanca.cat\/es\/wp-json\/wp\/v2\/media?parent=11082"}],"wp:term":[{"taxonomy":"category","embeddable":true,"href":"https:\/\/solidanca.cat\/es\/wp-json\/wp\/v2\/categories?post=11082"},{"taxonomy":"post_tag","embeddable":true,"href":"https:\/\/solidanca.cat\/es\/wp-json\/wp\/v2\/tags?post=11082"}],"curies":[{"name":"wp","href":"https:\/\/api.w.org\/{rel}","templated":true}]}}