{"id":11199,"date":"2025-05-29T14:00:00","date_gmt":"2025-05-29T12:00:00","guid":{"rendered":"https:\/\/solidanca.cat\/?p=11199"},"modified":"2025-05-29T14:00:00","modified_gmt":"2025-05-29T12:00:00","slug":"la-responsabilidad-social-corporativa-una-herramienta-para-acercar-el-mundo-empresarial-a-los-valores-de-la-economia-social","status":"publish","type":"post","link":"https:\/\/solidanca.cat\/es\/la-responsabilidad-social-corporativa-una-herramienta-para-acercar-el-mundo-empresarial-a-los-valores-de-la-economia-social\/","title":{"rendered":"La responsabilidad social corporativa: una herramienta para acercar el mundo empresarial a los valores de la econom\u00eda social"},"content":{"rendered":"\n<p>Cada vez m\u00e1s empresas ordinarias se encuentran en un proceso de cambio con mayor responsabilidad con la sociedad. El tejido empresarial est\u00e1 tomando conciencia de su potencial para <strong>generar impacto positivo<\/strong> y busca formas de conectar con iniciativas del <strong>tercer sector<\/strong> que promueven la <strong>inclusi\u00f3n social, la sostenibilidad y la econom\u00eda circular<\/strong> . Una de estas v\u00edas es el <strong>voluntariado corporativo<\/strong> , una herramienta cada vez m\u00e1s extendida que ofrece al personal de las empresas la oportunidad de vivir experiencias transformadoras fuera de su entorno habitual.  <\/p>\n\n<p>Las jornadas de voluntariado corporativo en espacios como Solidan\u00e7a son una oportunidad para que las empresas conozcan de cerca <strong>realidades sociales diversas<\/strong> , se acerquen a modelos de <strong>producci\u00f3n y consumo responsables<\/strong> y reflexionen sobre su papel dentro de la sociedad, as\u00ed como <strong>el impacto que pueden tener sus acciones.<\/strong> Estos encuentros permiten que las personas trabajadoras tomen conciencia de las problem\u00e1ticas sociales y ambientales desde la proximidad y la experiencia directa.<\/p>\n\n<p>En este marco, hoy hemos recibido la visita de un grupo de trabajadores y trabajadoras de <strong>Amazon<\/strong> , que han participado en una jornada interna de sensibilizaci\u00f3n en nuestra planta central. La jornada ha incluido la producci\u00f3n de <strong>200 <em>tote bags<\/em> hechas con textiles en desuso<\/strong> , destinadas para personas en riesgo de exclusi\u00f3n social. Esta acci\u00f3n ha abierto una reflexi\u00f3n sobre el desperdicio textil y las posibilidades de reutilizaci\u00f3n con finalidad social. Durante la jornada, tambi\u00e9n han podido conocer de primera mano la labor de Solidan\u00e7a en el \u00e1mbito de la <strong>inserci\u00f3n sociolaboral<\/strong> , donde acompa\u00f1amos a personas en situaci\u00f3n de vulnerabilidad social hacia nuevas oportunidades laborales con formaci\u00f3n y acompa\u00f1amiento personalizado.   <\/p>\n\n<p>Otras empresas tambi\u00e9n han colaborado con Solidan\u00e7a mediante jornadas como \u00e9stas, como el caso de <strong>HP<\/strong> . En esta ocasi\u00f3n, un grupo de personas trabajadoras particip\u00f3 en nuestro <strong>Taller de Residuos de Aparatos El\u00e9ctrico y Electr\u00f3nicos<\/strong> (Taller de RAEE), donde contribuyeron en la <strong>restauraci\u00f3n de ordenadores port\u00e1tiles<\/strong> , alargando su vida \u00fatil y evitando su vida \u00fatil i evitando as\u00ed la generaci\u00f3n de residuos electr\u00f3nicos y emisiones de CO\u2082 asociadas. <\/p>\n\n<p>Estas acciones contribuyen a <strong>difundir los valores de la econom\u00eda social<\/strong> y hacer visibles <strong>modelos laborales con compromiso social y ambiental<\/strong> , fomentando una mirada m\u00e1s comprometida y consciente por parte de las organizaciones. En un mundo cada vez m\u00e1s interconectado y fr\u00e1gil, sumar esfuerzos es imprescindible: s\u00f3lo desde la colaboraci\u00f3n podremos construir una sociedad m\u00e1s justa, sostenible y cohesionada. Desde Solidan\u00e7a, agradecemos la implicaci\u00f3n de todas las empresas que apuestan por <strong>un modelo con valor social y ambiental<\/strong> , y que eligen formar parte activa del cambio.  <\/p>\n\n<p><\/p>\n","protected":false},"excerpt":{"rendered":"<p>Cada vez m\u00e1s empresas ordinarias se encuentran en un proceso de cambio con mayor responsabilidad con la sociedad. El tejido empresarial&#8230;<\/p>\n","protected":false},"author":2,"featured_media":11257,"comment_status":"closed","ping_status":"closed","sticky":false,"template":"","format":"standard","meta":{"_uag_custom_page_level_css":"","_kad_blocks_custom_css":"","_kad_blocks_head_custom_js":"","_kad_blocks_body_custom_js":"","_kad_blocks_footer_custom_js":"","_kad_post_transparent":"","_kad_post_title":"","_kad_post_layout":"","_kad_post_sidebar_id":"","_kad_post_content_style":"","_kad_post_vertical_padding":"","_kad_post_feature":"","_kad_post_feature_position":"","_kad_post_header":false,"_kad_post_footer":false,"_kad_post_classname":"","footnotes":""},"categories":[763,757,826,827,824],"tags":[],"class_list":["post-11199","post","type-post","status-publish","format-standard","has-post-thumbnail","hentry","category-area-social-es","category-educacion-ambiental","category-medio-ambiente-ropa-amiga","category-responsabilidad-social-corporativa","category-sostenibilidad"],"taxonomy_info":{"category":[{"value":763,"label":"Area Social"},{"value":757,"label":"Educaci\u00f3n ambiental"},{"value":826,"label":"MEDIO AMBIENTE&gt; Ropa Amiga"},{"value":827,"label":"Responsabilidad Social Corporativa"},{"value":824,"label":"Sostenibilidad"}]},"featured_image_src_large":["https:\/\/solidanca.cat\/wp-content\/uploads\/2025\/05\/FOTO-NOTICIES-WEB-15.png",800,400,false],"author_info":{"display_name":"Solidan\u00e7a","author_link":"https:\/\/solidanca.cat\/es\/author\/alberg\/"},"comment_info":0,"category_info":[{"term_id":763,"name":"Area Social","slug":"area-social-es","term_group":0,"term_taxonomy_id":763,"taxonomy":"category","description":"","parent":0,"count":208,"filter":"raw","cat_ID":763,"category_count":208,"category_description":"","cat_name":"Area Social","category_nicename":"area-social-es","category_parent":0},{"term_id":757,"name":"Educaci\u00f3n ambiental","slug":"educacion-ambiental","term_group":0,"term_taxonomy_id":757,"taxonomy":"category","description":"","parent":0,"count":80,"filter":"raw","cat_ID":757,"category_count":80,"category_description":"","cat_name":"Educaci\u00f3n ambiental","category_nicename":"educacion-ambiental","category_parent":0},{"term_id":826,"name":"MEDIO AMBIENTE&gt; Ropa Amiga","slug":"medio-ambiente-ropa-amiga","term_group":0,"term_taxonomy_id":826,"taxonomy":"category","description":"","parent":0,"count":3,"filter":"raw","cat_ID":826,"category_count":3,"category_description":"","cat_name":"MEDIO AMBIENTE&gt; Ropa Amiga","category_nicename":"medio-ambiente-ropa-amiga","category_parent":0},{"term_id":827,"name":"Responsabilidad Social Corporativa","slug":"responsabilidad-social-corporativa","term_group":0,"term_taxonomy_id":827,"taxonomy":"category","description":"","parent":0,"count":6,"filter":"raw","cat_ID":827,"category_count":6,"category_description":"","cat_name":"Responsabilidad Social Corporativa","category_nicename":"responsabilidad-social-corporativa","category_parent":0},{"term_id":824,"name":"Sostenibilidad","slug":"sostenibilidad","term_group":0,"term_taxonomy_id":824,"taxonomy":"category","description":"","parent":0,"count":18,"filter":"raw","cat_ID":824,"category_count":18,"category_description":"","cat_name":"Sostenibilidad","category_nicename":"sostenibilidad","category_parent":0}],"tag_info":false,"uagb_featured_image_src":{"full":["https:\/\/solidanca.cat\/wp-content\/uploads\/2025\/05\/FOTO-NOTICIES-WEB-15.png",800,400,false],"thumbnail":["https:\/\/solidanca.cat\/wp-content\/uploads\/2025\/05\/FOTO-NOTICIES-WEB-15-150x150.png",150,150,true],"medium":["https:\/\/solidanca.cat\/wp-content\/uploads\/2025\/05\/FOTO-NOTICIES-WEB-15-300x150.png",300,150,true],"medium_large":["https:\/\/solidanca.cat\/wp-content\/uploads\/2025\/05\/FOTO-NOTICIES-WEB-15-768x384.png",768,384,true],"large":["https:\/\/solidanca.cat\/wp-content\/uploads\/2025\/05\/FOTO-NOTICIES-WEB-15.png",800,400,false],"1536x1536":["https:\/\/solidanca.cat\/wp-content\/uploads\/2025\/05\/FOTO-NOTICIES-WEB-15.png",800,400,false],"2048x2048":["https:\/\/solidanca.cat\/wp-content\/uploads\/2025\/05\/FOTO-NOTICIES-WEB-15.png",800,400,false]},"uagb_author_info":{"display_name":"Solidan\u00e7a","author_link":"https:\/\/solidanca.cat\/es\/author\/alberg\/"},"uagb_comment_info":0,"uagb_excerpt":"Cada vez m\u00e1s empresas ordinarias se encuentran en un proceso de cambio con mayor responsabilidad con la sociedad. El tejido empresarial...","_links":{"self":[{"href":"https:\/\/solidanca.cat\/es\/wp-json\/wp\/v2\/posts\/11199","targetHints":{"allow":["GET"]}}],"collection":[{"href":"https:\/\/solidanca.cat\/es\/wp-json\/wp\/v2\/posts"}],"about":[{"href":"https:\/\/solidanca.cat\/es\/wp-json\/wp\/v2\/types\/post"}],"author":[{"embeddable":true,"href":"https:\/\/solidanca.cat\/es\/wp-json\/wp\/v2\/users\/2"}],"replies":[{"embeddable":true,"href":"https:\/\/solidanca.cat\/es\/wp-json\/wp\/v2\/comments?post=11199"}],"version-history":[{"count":1,"href":"https:\/\/solidanca.cat\/es\/wp-json\/wp\/v2\/posts\/11199\/revisions"}],"predecessor-version":[{"id":11200,"href":"https:\/\/solidanca.cat\/es\/wp-json\/wp\/v2\/posts\/11199\/revisions\/11200"}],"wp:featuredmedia":[{"embeddable":true,"href":"https:\/\/solidanca.cat\/es\/wp-json\/wp\/v2\/media\/11257"}],"wp:attachment":[{"href":"https:\/\/solidanca.cat\/es\/wp-json\/wp\/v2\/media?parent=11199"}],"wp:term":[{"taxonomy":"category","embeddable":true,"href":"https:\/\/solidanca.cat\/es\/wp-json\/wp\/v2\/categories?post=11199"},{"taxonomy":"post_tag","embeddable":true,"href":"https:\/\/solidanca.cat\/es\/wp-json\/wp\/v2\/tags?post=11199"}],"curies":[{"name":"wp","href":"https:\/\/api.w.org\/{rel}","templated":true}]}}