{"id":11250,"date":"2025-06-03T14:00:00","date_gmt":"2025-06-03T12:00:00","guid":{"rendered":"https:\/\/solidanca.cat\/?p=11250"},"modified":"2025-06-03T14:23:48","modified_gmt":"2025-06-03T12:23:48","slug":"participamos-en-la-jornada-ecodiseno-2025-para-impulsar-nuevos-modelos-de-negocio-circulares","status":"publish","type":"post","link":"https:\/\/solidanca.cat\/es\/participamos-en-la-jornada-ecodiseno-2025-para-impulsar-nuevos-modelos-de-negocio-circulares\/","title":{"rendered":"Participamos en la Jornada Ecodise\u00f1o 2025 para impulsar nuevos modelos de negocio circulares"},"content":{"rendered":"\n<p>Este martes 3 de junio, Solidan\u00e7a ha participado en la <strong>primera Jornada Ecodise\u00f1o 2025<\/strong>, organizada por el <strong>Cl\u00faster de Residuos de Catalu\u00f1a (CREC) e In\u00e8dit.<\/strong> El encuentro ha reunido a profesionales del sector para explorar c\u00f3mo los <strong>principios del ecodise\u00f1o pueden favorecer la sostenibilidad de productos y servicios<\/strong>, y c\u00f3mo se pueden aplicar en iniciativas de preparaci\u00f3n para la reutilizaci\u00f3n. <\/p>\n\n<p>Con un enfoque pedag\u00f3gico y pr\u00e1ctico, la jornada ha tenido por objetivo <strong>acercar el ecodise\u00f1o a las empresas y entidades del sector de los residuos<\/strong> , destacando su potencial transformador en su preparaci\u00f3n para la reutilizaci\u00f3n de productos.<\/p>\n\n<p>El acto ha arrancado con la <strong>ponencia de J\u00falia Farriol<\/strong> , responsable de proyectos de In\u00e9dito, que ha expuesto los <strong>principios del ecodise\u00f1o para mejorar la sostenibilidad<\/strong> y su aplicaci\u00f3n real en diferentes fases del ciclo de vida de los productos.<\/p>\n\n<p>Acto seguido, se ha celebrado una <strong>mesa redonda moderada por Adriana Sanz<\/strong> , tambi\u00e9n de In\u00e9dito, con la participaci\u00f3n de varios agentes clave de la cadena de valor. Nuestra compa\u00f1era <strong>Nati Yesares<\/strong> , jefe de Medio Ambiente en Solidan\u00e7a, ha intervenido como ponente aportando su punto de vista sobre los retos actuales, como abordarlos, oportunidades y casos de \u00e9xito. <\/p>\n\n<p>En la mesa tambi\u00e9n han participado:<\/p>\n\n<ul class=\"wp-block-list\">\n<li><strong>Mikel Telleria<\/strong> , promotor de nuevos negocios en Copreci<\/li>\n\n\n\n<li><strong>Patricia H.<\/strong> , directora t\u00e9cnica de operaciones en ECOLUM<\/li>\n\n\n\n<li><strong>Marike Charlier<\/strong> , secretaria t\u00e9cnica de aREca<\/li>\n<\/ul>\n\n<p>Desde Solidan\u00e7a celebramos espacios como \u00e9ste que <strong>fomentan el conocimiento colectivo y el di\u00e1logo entre profesionales<\/strong> , fundamentales para avanzar hacia una econom\u00eda circular, con impacto social y ambiental. Continuamos comprometidas con <strong>la sostenibilidad, la innovaci\u00f3n y la transformaci\u00f3n social<\/strong> a trav\u00e9s de la gesti\u00f3n responsable de los residuos y el dise\u00f1o consciente de productos y servicios. <\/p>\n","protected":false},"excerpt":{"rendered":"<p>Este martes 3 de junio, Solidan\u00e7a ha participado en la primera Jornada Ecodise\u00f1o 2025, organizada por el Cl\u00faster de Residuos de&#8230;<\/p>\n","protected":false},"author":2,"featured_media":11334,"comment_status":"closed","ping_status":"closed","sticky":false,"template":"","format":"standard","meta":{"_uag_custom_page_level_css":"","_kad_blocks_custom_css":"","_kad_blocks_head_custom_js":"","_kad_blocks_body_custom_js":"","_kad_blocks_footer_custom_js":"","_kad_post_transparent":"","_kad_post_title":"","_kad_post_layout":"","_kad_post_sidebar_id":"","_kad_post_content_style":"","_kad_post_vertical_padding":"","_kad_post_feature":"","_kad_post_feature_position":"","_kad_post_header":false,"_kad_post_footer":false,"_kad_post_classname":"","footnotes":""},"categories":[761,8],"tags":[],"class_list":["post-11250","post","type-post","status-publish","format-standard","has-post-thumbnail","hentry","category-medio-ambiente","category-sin-categorizar"],"taxonomy_info":{"category":[{"value":761,"label":"MEDIO AMBIENTE"},{"value":8,"label":"Sin categorizar"}]},"featured_image_src_large":["https:\/\/solidanca.cat\/wp-content\/uploads\/2025\/06\/FOTO-NOTICIES-WEB-3.png",800,400,false],"author_info":{"display_name":"Solidan\u00e7a","author_link":"https:\/\/solidanca.cat\/es\/author\/alberg\/"},"comment_info":0,"category_info":[{"term_id":761,"name":"MEDIO AMBIENTE","slug":"medio-ambiente","term_group":0,"term_taxonomy_id":761,"taxonomy":"category","description":"","parent":0,"count":263,"filter":"raw","cat_ID":761,"category_count":263,"category_description":"","cat_name":"MEDIO AMBIENTE","category_nicename":"medio-ambiente","category_parent":0},{"term_id":8,"name":"Sin categorizar","slug":"sin-categorizar","term_group":0,"term_taxonomy_id":8,"taxonomy":"category","description":"","parent":0,"count":199,"filter":"raw","cat_ID":8,"category_count":199,"category_description":"","cat_name":"Sin categorizar","category_nicename":"sin-categorizar","category_parent":0}],"tag_info":false,"uagb_featured_image_src":{"full":["https:\/\/solidanca.cat\/wp-content\/uploads\/2025\/06\/FOTO-NOTICIES-WEB-3.png",800,400,false],"thumbnail":["https:\/\/solidanca.cat\/wp-content\/uploads\/2025\/06\/FOTO-NOTICIES-WEB-3-150x150.png",150,150,true],"medium":["https:\/\/solidanca.cat\/wp-content\/uploads\/2025\/06\/FOTO-NOTICIES-WEB-3-300x150.png",300,150,true],"medium_large":["https:\/\/solidanca.cat\/wp-content\/uploads\/2025\/06\/FOTO-NOTICIES-WEB-3-768x384.png",768,384,true],"large":["https:\/\/solidanca.cat\/wp-content\/uploads\/2025\/06\/FOTO-NOTICIES-WEB-3.png",800,400,false],"1536x1536":["https:\/\/solidanca.cat\/wp-content\/uploads\/2025\/06\/FOTO-NOTICIES-WEB-3.png",800,400,false],"2048x2048":["https:\/\/solidanca.cat\/wp-content\/uploads\/2025\/06\/FOTO-NOTICIES-WEB-3.png",800,400,false]},"uagb_author_info":{"display_name":"Solidan\u00e7a","author_link":"https:\/\/solidanca.cat\/es\/author\/alberg\/"},"uagb_comment_info":0,"uagb_excerpt":"Este martes 3 de junio, Solidan\u00e7a ha participado en la primera Jornada Ecodise\u00f1o 2025, organizada por el Cl\u00faster de Residuos de...","_links":{"self":[{"href":"https:\/\/solidanca.cat\/es\/wp-json\/wp\/v2\/posts\/11250","targetHints":{"allow":["GET"]}}],"collection":[{"href":"https:\/\/solidanca.cat\/es\/wp-json\/wp\/v2\/posts"}],"about":[{"href":"https:\/\/solidanca.cat\/es\/wp-json\/wp\/v2\/types\/post"}],"author":[{"embeddable":true,"href":"https:\/\/solidanca.cat\/es\/wp-json\/wp\/v2\/users\/2"}],"replies":[{"embeddable":true,"href":"https:\/\/solidanca.cat\/es\/wp-json\/wp\/v2\/comments?post=11250"}],"version-history":[{"count":3,"href":"https:\/\/solidanca.cat\/es\/wp-json\/wp\/v2\/posts\/11250\/revisions"}],"predecessor-version":[{"id":11342,"href":"https:\/\/solidanca.cat\/es\/wp-json\/wp\/v2\/posts\/11250\/revisions\/11342"}],"wp:featuredmedia":[{"embeddable":true,"href":"https:\/\/solidanca.cat\/es\/wp-json\/wp\/v2\/media\/11334"}],"wp:attachment":[{"href":"https:\/\/solidanca.cat\/es\/wp-json\/wp\/v2\/media?parent=11250"}],"wp:term":[{"taxonomy":"category","embeddable":true,"href":"https:\/\/solidanca.cat\/es\/wp-json\/wp\/v2\/categories?post=11250"},{"taxonomy":"post_tag","embeddable":true,"href":"https:\/\/solidanca.cat\/es\/wp-json\/wp\/v2\/tags?post=11250"}],"curies":[{"name":"wp","href":"https:\/\/api.w.org\/{rel}","templated":true}]}}