{"id":11275,"date":"2025-06-06T08:00:00","date_gmt":"2025-06-06T06:00:00","guid":{"rendered":"https:\/\/solidanca.cat\/?p=11275"},"modified":"2025-06-06T11:37:59","modified_gmt":"2025-06-06T09:37:59","slug":"mataro-refuerza-la-economia-circular-y-la-inclusion-social-con-la-ampliacion-de-la-gestion-de-residuos-de-solidanca","status":"publish","type":"post","link":"https:\/\/solidanca.cat\/es\/mataro-refuerza-la-economia-circular-y-la-inclusion-social-con-la-ampliacion-de-la-gestion-de-residuos-de-solidanca\/","title":{"rendered":"Matar\u00f3 refuerza la econom\u00eda circular y la inclusi\u00f3n social con la ampliaci\u00f3n de la gesti\u00f3n de residuos de Solidan\u00e7a"},"content":{"rendered":"\n<p>Esta semana, Solidan\u00e7a conmemora <strong>siete a\u00f1os de colaboraci\u00f3n con el<a href=\"https:\/\/solidanca.cat\/es\/solidanca-inicia-servei-la-ciutat-mataro-amb-la-gestio-les-deixalleries-i-la-recollida-del-residu-textil\/\"> Ayuntamiento de Matar\u00f3<\/a><\/strong> en la prestaci\u00f3n de servicios vinculados a la gesti\u00f3n ambiental y la promoci\u00f3n de la econom\u00eda circular. Coincidiendo con este aniversario, el proyecto entra en una nueva etapa marcada por la ampliaci\u00f3n de los servicios y el refuerzo del compromiso compartido con la sostenibilidad, reutilizaci\u00f3n y cohesi\u00f3n social. El objetivo principal de esta ampliaci\u00f3n es <strong>seguir avanzando hacia un modelo m\u00e1s circular, eficiente e inclusivo<\/strong>, donde los residuos se gestionen como recursos y cada acci\u00f3n tenga un impacto positivo tanto a nivel ambiental como social.  <\/p>\n\n<p>Una de las primeras actuaciones destacadas es <strong>la expansi\u00f3n de la red de <a href=\"https:\/\/www.robaamiga.cat\/ca\/\" target=\"_blank\" rel=\"noopener\">contenedores naranjas Solidan\u00e7a\/Roba Amiga<\/a><\/strong> para la recogida de residuos textiles. Esta acci\u00f3n busca <strong>facilitar la participaci\u00f3n ciudadana en la reutilizaci\u00f3n<\/strong> y dar una segunda vida a la ropa usada, reduciendo as\u00ed el impacto ambiental del sector textil, uno de los m\u00e1s contaminantes a nivel global. A trav\u00e9s de estos contenedores, no solo se reducen los residuos, sino que tambi\u00e9n se contribuye a la generaci\u00f3n de puestos de trabajo en el sector de la reutilizaci\u00f3n.  <\/p>\n<div class=\"wp-block-image\">\n<figure class=\"alignleft size-large is-resized\"><img loading=\"lazy\" decoding=\"async\" width=\"1024\" height=\"683\" src=\"https:\/\/solidanca.cat\/wp-content\/uploads\/2025\/05\/2025.03.12-Solidanca-mobles-034-AE7A8651-1-1024x683.jpg\" alt=\"\" class=\"wp-image-11269\" style=\"width:478px;height:auto\" srcset=\"https:\/\/solidanca.cat\/wp-content\/uploads\/2025\/05\/2025.03.12-Solidanca-mobles-034-AE7A8651-1-1024x683.jpg 1024w, https:\/\/solidanca.cat\/wp-content\/uploads\/2025\/05\/2025.03.12-Solidanca-mobles-034-AE7A8651-1-300x200.jpg 300w, https:\/\/solidanca.cat\/wp-content\/uploads\/2025\/05\/2025.03.12-Solidanca-mobles-034-AE7A8651-1-768x512.jpg 768w, https:\/\/solidanca.cat\/wp-content\/uploads\/2025\/05\/2025.03.12-Solidanca-mobles-034-AE7A8651-1-1536x1024.jpg 1536w, https:\/\/solidanca.cat\/wp-content\/uploads\/2025\/05\/2025.03.12-Solidanca-mobles-034-AE7A8651-1-2048x1365.jpg 2048w\" sizes=\"auto, (max-width: 1024px) 100vw, 1024px\" \/><\/figure>\n<\/div>\n<p>Paralelamente, tambi\u00e9n se realizar\u00e1 <strong>la instalaci\u00f3n de nuevos puntos de recogida de aceite de cocina usado<\/strong> . El aceite dom\u00e9stico mal gestionado es uno de los residuos m\u00e1s contaminantes para el medio acu\u00e1tico y el sistema de alcantarillado. Por este motivo, dotar a la ciudadan\u00eda de infraestructura adecuada para su recogida facilita su correcta gesti\u00f3n y <strong>evita un grave impacto ambiental<\/strong> , a la vez que abre la puerta a su reutilizaci\u00f3n como materia prima en otros sectores, como el de la producci\u00f3n de biocombustibles.  <\/p>\n\n<p>Otra novedad significativa es <strong>la incorporaci\u00f3n de los contenedores <a href=\"https:\/\/solidanca.cat\/es\/solidanca-codisena-nuevos-productos-a-partir-de-fibras-recicladas-de-circutex\/\">Circutex<\/a><\/strong> , elaborados con fieltro reciclado, que se instalar\u00e1n en establecimientos comerciales de Matar\u00f3. Esta acci\u00f3n no s\u00f3lo ampl\u00eda los puntos de recogida de ropa, acerc\u00e1ndolos al d\u00eda a d\u00eda de la ciudadan\u00eda, sino que tambi\u00e9n <strong>visibiliza y refuerza el valor de la circularidad en el dise\u00f1o y la funcionalidad de los propios contenedores<\/strong> , convirti\u00e9ndolos en un elemento de sensibilizaci\u00f3n urbana. <\/p>\n\n<p>En el \u00e1mbito de la recogida de residuos voluminosos y especiales, el proyecto tambi\u00e9n da un paso adelante. Hasta ahora, Solidan\u00e7a prestaba a Matar\u00f3 el servicio de recogida de <a href=\"https:\/\/solidanca.cat\/es\/mataro-ha-recogido-761-507kg-de-residuos-en-el-tercer-ano-del-servicio-de-recogida-de-voluminosos\/\">voluminosos<\/a> a domicilio y gestionaba <strong><a href=\"https:\/\/solidanca.cat\/es\/solidanca-gestiona-mas-de-52-000-toneladas-de-residuos-en-los-puntos-limpios-durante-el-2024\/\">dos puntos limpios fijos y un mini punto limpio m\u00f3vil<\/a><\/strong> , que se desplazaba peri\u00f3dicamente por diferentes puntos del municipio. Con la nueva ampliaci\u00f3n, se pondr\u00e1 en marcha <strong>un punto limpio m\u00f3vil adicional en formato de furgoneta<\/strong>, dise\u00f1ada para <strong>facilitar el acceso de toda la ciudadan\u00eda a una gesti\u00f3n adecuada de sus residuos<\/strong>. De esta forma, se quiere <strong>romper barreras territoriales y log\u00edsticas<\/strong>, asegurando que cualquier persona, pueda realizar una correcta separaci\u00f3n y entrega de los residuos especiales.   <\/p>\n<div class=\"wp-block-image\">\n<figure class=\"alignright size-large is-resized\"><img loading=\"lazy\" decoding=\"async\" width=\"1024\" height=\"626\" src=\"https:\/\/solidanca.cat\/wp-content\/uploads\/2025\/05\/1-1-1024x626.png\" alt=\"\" class=\"wp-image-11264\" style=\"width:494px;height:auto\" srcset=\"https:\/\/solidanca.cat\/wp-content\/uploads\/2025\/05\/1-1-1024x626.png 1024w, https:\/\/solidanca.cat\/wp-content\/uploads\/2025\/05\/1-1-300x183.png 300w, https:\/\/solidanca.cat\/wp-content\/uploads\/2025\/05\/1-1-768x470.png 768w, https:\/\/solidanca.cat\/wp-content\/uploads\/2025\/05\/1-1.png 1063w\" sizes=\"auto, (max-width: 1024px) 100vw, 1024px\" \/><\/figure>\n<\/div>\n<p>Sin embargo, el proyecto va m\u00e1s all\u00e1 de la gesti\u00f3n de los materiales y pone <strong>en el centro a las personas y su entorno social.<\/strong> La <a href=\"https:\/\/solidanca.cat\/es\/tiendas\/\">tienda Solidan\u00e7a\/Roba Amiga de Matar\u00f3<\/a> es un buen ejemplo de esta dimensi\u00f3n social. A trav\u00e9s de este espacio, se da salida a una gran cantidad de ropa recuperada, que por volumen no puede canalizarse en otras v\u00edas. Al mismo tiempo, se convierte en una<strong> herramienta de inclusi\u00f3n sociolaboral<\/strong>, puesto que ofrece <strong>contratos de inserci\u00f3n para personas en situaci\u00f3n de vulnerabilidad,<\/strong> proporcion\u00e1ndoles una experiencia laboral, formaci\u00f3n y acompa\u00f1amiento para su incorporaci\u00f3n al mercado laboral ordinario. Asimismo, el acceso a productos de primera necesidad a precios asequibles <strong>fomenta un consumo m\u00e1s responsable, accesible y solidario.<\/strong>    <\/p>\n\n<p>Con todas estas actuaciones, el proyecto se consolida como una herramienta estrat\u00e9gica para el municipio, tanto desde el punto de vista de la sostenibilidad ambiental como de <strong>la construcci\u00f3n de un modelo m\u00e1s equitativo e inclusivo<\/strong> . Asimismo, pone en valor la corresponsabilidad ciudadana en la transici\u00f3n hacia una econom\u00eda circular, donde cada gesto cuenta y cada residuo puede convertirse en una oportunidad. <\/p>\n\n<p>Desde Solidan\u00e7a, celebramos <strong>la confianza renovada del <a href=\"https:\/\/solidanca.cat\/es\/mataro-y-solidanca-roba-amiga-reafirman-su-compromiso-con-la-sostenibilidad-y-la-inclusion-social\/\">Ayuntamiento de Matar\u00f3<\/a><\/strong> y nos comprometemos a seguir trabajando conjuntamente para <strong>transformar los sistemas de producci\u00f3n y consumo, reducir las desigualdades sociales y promover una gesti\u00f3n de residuos que sea tambi\u00e9n una herramienta de cambio social<\/strong> .<\/p>\n\n<figure class=\"wp-block-image size-large is-resized\"><img loading=\"lazy\" decoding=\"async\" width=\"1024\" height=\"398\" src=\"https:\/\/solidanca.cat\/wp-content\/uploads\/2025\/05\/Mataro-1024x398.png\" alt=\"\" class=\"wp-image-11272\" style=\"width:220px;height:auto\" srcset=\"https:\/\/solidanca.cat\/wp-content\/uploads\/2025\/05\/Mataro-1024x398.png 1024w, https:\/\/solidanca.cat\/wp-content\/uploads\/2025\/05\/Mataro-300x117.png 300w, https:\/\/solidanca.cat\/wp-content\/uploads\/2025\/05\/Mataro-768x299.png 768w, https:\/\/solidanca.cat\/wp-content\/uploads\/2025\/05\/Mataro-1536x597.png 1536w, https:\/\/solidanca.cat\/wp-content\/uploads\/2025\/05\/Mataro-2048x796.png 2048w\" sizes=\"auto, (max-width: 1024px) 100vw, 1024px\" \/><\/figure>\n","protected":false},"excerpt":{"rendered":"<p>Esta semana, Solidan\u00e7a conmemora siete a\u00f1os de colaboraci\u00f3n con el Ayuntamiento de Matar\u00f3 en la prestaci\u00f3n de servicios vinculados a la&#8230;<\/p>\n","protected":false},"author":2,"featured_media":11278,"comment_status":"closed","ping_status":"closed","sticky":false,"template":"","format":"standard","meta":{"_uag_custom_page_level_css":"","_kad_blocks_custom_css":"","_kad_blocks_head_custom_js":"","_kad_blocks_body_custom_js":"","_kad_blocks_footer_custom_js":"","_kad_post_transparent":"","_kad_post_title":"","_kad_post_layout":"","_kad_post_sidebar_id":"","_kad_post_content_style":"","_kad_post_vertical_padding":"","_kad_post_feature":"","_kad_post_feature_position":"","_kad_post_header":false,"_kad_post_footer":false,"_kad_post_classname":"","footnotes":""},"categories":[761],"tags":[],"class_list":["post-11275","post","type-post","status-publish","format-standard","has-post-thumbnail","hentry","category-medio-ambiente"],"taxonomy_info":{"category":[{"value":761,"label":"MEDIO AMBIENTE"}]},"featured_image_src_large":["https:\/\/solidanca.cat\/wp-content\/uploads\/2025\/06\/FOTO-NOTICIES-WEB.png",800,400,false],"author_info":{"display_name":"Solidan\u00e7a","author_link":"https:\/\/solidanca.cat\/es\/author\/alberg\/"},"comment_info":0,"category_info":[{"term_id":761,"name":"MEDIO AMBIENTE","slug":"medio-ambiente","term_group":0,"term_taxonomy_id":761,"taxonomy":"category","description":"","parent":0,"count":263,"filter":"raw","cat_ID":761,"category_count":263,"category_description":"","cat_name":"MEDIO AMBIENTE","category_nicename":"medio-ambiente","category_parent":0}],"tag_info":false,"uagb_featured_image_src":{"full":["https:\/\/solidanca.cat\/wp-content\/uploads\/2025\/06\/FOTO-NOTICIES-WEB.png",800,400,false],"thumbnail":["https:\/\/solidanca.cat\/wp-content\/uploads\/2025\/06\/FOTO-NOTICIES-WEB-150x150.png",150,150,true],"medium":["https:\/\/solidanca.cat\/wp-content\/uploads\/2025\/06\/FOTO-NOTICIES-WEB-300x150.png",300,150,true],"medium_large":["https:\/\/solidanca.cat\/wp-content\/uploads\/2025\/06\/FOTO-NOTICIES-WEB-768x384.png",768,384,true],"large":["https:\/\/solidanca.cat\/wp-content\/uploads\/2025\/06\/FOTO-NOTICIES-WEB.png",800,400,false],"1536x1536":["https:\/\/solidanca.cat\/wp-content\/uploads\/2025\/06\/FOTO-NOTICIES-WEB.png",800,400,false],"2048x2048":["https:\/\/solidanca.cat\/wp-content\/uploads\/2025\/06\/FOTO-NOTICIES-WEB.png",800,400,false]},"uagb_author_info":{"display_name":"Solidan\u00e7a","author_link":"https:\/\/solidanca.cat\/es\/author\/alberg\/"},"uagb_comment_info":0,"uagb_excerpt":"Esta semana, Solidan\u00e7a conmemora siete a\u00f1os de colaboraci\u00f3n con el Ayuntamiento de Matar\u00f3 en la prestaci\u00f3n de servicios vinculados a la...","_links":{"self":[{"href":"https:\/\/solidanca.cat\/es\/wp-json\/wp\/v2\/posts\/11275","targetHints":{"allow":["GET"]}}],"collection":[{"href":"https:\/\/solidanca.cat\/es\/wp-json\/wp\/v2\/posts"}],"about":[{"href":"https:\/\/solidanca.cat\/es\/wp-json\/wp\/v2\/types\/post"}],"author":[{"embeddable":true,"href":"https:\/\/solidanca.cat\/es\/wp-json\/wp\/v2\/users\/2"}],"replies":[{"embeddable":true,"href":"https:\/\/solidanca.cat\/es\/wp-json\/wp\/v2\/comments?post=11275"}],"version-history":[{"count":1,"href":"https:\/\/solidanca.cat\/es\/wp-json\/wp\/v2\/posts\/11275\/revisions"}],"predecessor-version":[{"id":11276,"href":"https:\/\/solidanca.cat\/es\/wp-json\/wp\/v2\/posts\/11275\/revisions\/11276"}],"wp:featuredmedia":[{"embeddable":true,"href":"https:\/\/solidanca.cat\/es\/wp-json\/wp\/v2\/media\/11278"}],"wp:attachment":[{"href":"https:\/\/solidanca.cat\/es\/wp-json\/wp\/v2\/media?parent=11275"}],"wp:term":[{"taxonomy":"category","embeddable":true,"href":"https:\/\/solidanca.cat\/es\/wp-json\/wp\/v2\/categories?post=11275"},{"taxonomy":"post_tag","embeddable":true,"href":"https:\/\/solidanca.cat\/es\/wp-json\/wp\/v2\/tags?post=11275"}],"curies":[{"name":"wp","href":"https:\/\/api.w.org\/{rel}","templated":true}]}}