{"id":11282,"date":"2025-06-10T10:00:00","date_gmt":"2025-06-10T08:00:00","guid":{"rendered":"https:\/\/solidanca.cat\/?p=11282"},"modified":"2025-05-30T15:26:55","modified_gmt":"2025-05-30T13:26:55","slug":"exito-de-la-fiesta-del-medio-ambiente-2025-en-el-punto-limpio-de-viladecans-con-moda-sostenible-musica-y-compromiso-ambiental","status":"publish","type":"post","link":"https:\/\/solidanca.cat\/es\/exito-de-la-fiesta-del-medio-ambiente-2025-en-el-punto-limpio-de-viladecans-con-moda-sostenible-musica-y-compromiso-ambiental\/","title":{"rendered":"\u00c9xito de la Fiesta del Medio Ambiente 2025 en el Punto Limpio de Viladecans con moda sostenible, m\u00fasica y compromiso ambiental"},"content":{"rendered":"\n<p>Este viernes 6 de junio, con motivo del <strong>D\u00eda Mundial del Medio Ambiente<\/strong>, el Punto Limpio de Viladecans se ha vuelto a llenar de vida y conciencia ecol\u00f3gica con una nueva edici\u00f3n de la ya consolidada <strong>Fiesta del Medio Ambiente<\/strong>, organizada por el Ayuntamiento de Viladecans i Solidan\u00e7a, en el marco del Pacto por el Clima.<\/p>\n\n<p>El acto ha comenzado a las 18.30 h con uno de los momentos m\u00e1s esperados: el <strong>desfile de moda sostenible<\/strong>, protagonizado por prendas \u00fanicas creadas a partir de ropa reutilizada. Esta singular pasarela ha servido para <strong>poner en valor el potencial de la reutilizaci\u00f3n textil y el upcycling como formas creativas de circularidad<\/strong>, demostrando que la sostenibilidad y la est\u00e9tica pueden ir juntos. <\/p>\n\n<p>El p\u00fablico asistente ha podido disfrutar tambi\u00e9n de un espacio de <strong>picoteo<\/strong> con productos locales y de proximidad, fomentando un consumo consciente, as\u00ed como de un <strong>concierto en directo a cargo de La Sabandija<\/strong>, que ha puesto el toque musical y festivo a la jornada.<\/p>\n\n<p>Con este evento festivo y reivindicativo, desde Solidan\u00e7a <strong>reivindicamos la importancia de generar espacios de sensibilizaci\u00f3n ambiental abiertos a la ciudadan\u00eda<\/strong>, donde poner en el centro acciones transformadoras en el \u00e1mbito de la gesti\u00f3n de residuos, la moda sostenible y el consumo responsable.<\/p>\n\n<p>Desde Viladecans i Solidan\u00e7a, <strong>seguimos trabajando de lado para avanzar hacia un futuro m\u00e1s verde, inclusivo y circular.<\/strong> \u00a1Gracias a todas las personas que hizo posible esta tarde llena de inspiraci\u00f3n, comunidad y compromiso con el planeta! <\/p>\n\n<p><\/p>\n","protected":false},"excerpt":{"rendered":"<p>Este viernes 6 de junio, con motivo del D\u00eda Mundial del Medio Ambiente, el Punto Limpio de Viladecans se ha vuelto&#8230;<\/p>\n","protected":false},"author":2,"featured_media":11370,"comment_status":"closed","ping_status":"closed","sticky":false,"template":"","format":"standard","meta":{"_uag_custom_page_level_css":"","_kad_blocks_custom_css":"","_kad_blocks_head_custom_js":"","_kad_blocks_body_custom_js":"","_kad_blocks_footer_custom_js":"","_kad_post_transparent":"","_kad_post_title":"","_kad_post_layout":"","_kad_post_sidebar_id":"","_kad_post_content_style":"","_kad_post_vertical_padding":"","_kad_post_feature":"","_kad_post_feature_position":"","_kad_post_header":false,"_kad_post_footer":false,"_kad_post_classname":"","footnotes":""},"categories":[761],"tags":[],"class_list":["post-11282","post","type-post","status-publish","format-standard","has-post-thumbnail","hentry","category-medio-ambiente"],"taxonomy_info":{"category":[{"value":761,"label":"MEDIO AMBIENTE"}]},"featured_image_src_large":["https:\/\/solidanca.cat\/wp-content\/uploads\/2025\/06\/FOTO-NOTICIES-WEB-5.png",800,400,false],"author_info":{"display_name":"Solidan\u00e7a","author_link":"https:\/\/solidanca.cat\/es\/author\/alberg\/"},"comment_info":0,"category_info":[{"term_id":761,"name":"MEDIO AMBIENTE","slug":"medio-ambiente","term_group":0,"term_taxonomy_id":761,"taxonomy":"category","description":"","parent":0,"count":263,"filter":"raw","cat_ID":761,"category_count":263,"category_description":"","cat_name":"MEDIO AMBIENTE","category_nicename":"medio-ambiente","category_parent":0}],"tag_info":false,"uagb_featured_image_src":{"full":["https:\/\/solidanca.cat\/wp-content\/uploads\/2025\/06\/FOTO-NOTICIES-WEB-5.png",800,400,false],"thumbnail":["https:\/\/solidanca.cat\/wp-content\/uploads\/2025\/06\/FOTO-NOTICIES-WEB-5-150x150.png",150,150,true],"medium":["https:\/\/solidanca.cat\/wp-content\/uploads\/2025\/06\/FOTO-NOTICIES-WEB-5-300x150.png",300,150,true],"medium_large":["https:\/\/solidanca.cat\/wp-content\/uploads\/2025\/06\/FOTO-NOTICIES-WEB-5-768x384.png",768,384,true],"large":["https:\/\/solidanca.cat\/wp-content\/uploads\/2025\/06\/FOTO-NOTICIES-WEB-5.png",800,400,false],"1536x1536":["https:\/\/solidanca.cat\/wp-content\/uploads\/2025\/06\/FOTO-NOTICIES-WEB-5.png",800,400,false],"2048x2048":["https:\/\/solidanca.cat\/wp-content\/uploads\/2025\/06\/FOTO-NOTICIES-WEB-5.png",800,400,false]},"uagb_author_info":{"display_name":"Solidan\u00e7a","author_link":"https:\/\/solidanca.cat\/es\/author\/alberg\/"},"uagb_comment_info":0,"uagb_excerpt":"Este viernes 6 de junio, con motivo del D\u00eda Mundial del Medio Ambiente, el Punto Limpio de Viladecans se ha vuelto...","_links":{"self":[{"href":"https:\/\/solidanca.cat\/es\/wp-json\/wp\/v2\/posts\/11282","targetHints":{"allow":["GET"]}}],"collection":[{"href":"https:\/\/solidanca.cat\/es\/wp-json\/wp\/v2\/posts"}],"about":[{"href":"https:\/\/solidanca.cat\/es\/wp-json\/wp\/v2\/types\/post"}],"author":[{"embeddable":true,"href":"https:\/\/solidanca.cat\/es\/wp-json\/wp\/v2\/users\/2"}],"replies":[{"embeddable":true,"href":"https:\/\/solidanca.cat\/es\/wp-json\/wp\/v2\/comments?post=11282"}],"version-history":[{"count":2,"href":"https:\/\/solidanca.cat\/es\/wp-json\/wp\/v2\/posts\/11282\/revisions"}],"predecessor-version":[{"id":11286,"href":"https:\/\/solidanca.cat\/es\/wp-json\/wp\/v2\/posts\/11282\/revisions\/11286"}],"wp:featuredmedia":[{"embeddable":true,"href":"https:\/\/solidanca.cat\/es\/wp-json\/wp\/v2\/media\/11370"}],"wp:attachment":[{"href":"https:\/\/solidanca.cat\/es\/wp-json\/wp\/v2\/media?parent=11282"}],"wp:term":[{"taxonomy":"category","embeddable":true,"href":"https:\/\/solidanca.cat\/es\/wp-json\/wp\/v2\/categories?post=11282"},{"taxonomy":"post_tag","embeddable":true,"href":"https:\/\/solidanca.cat\/es\/wp-json\/wp\/v2\/tags?post=11282"}],"curies":[{"name":"wp","href":"https:\/\/api.w.org\/{rel}","templated":true}]}}