{"id":11355,"date":"2025-06-17T08:00:00","date_gmt":"2025-06-17T06:00:00","guid":{"rendered":"https:\/\/solidanca.cat\/?p=11355"},"modified":"2025-06-18T13:25:27","modified_gmt":"2025-06-18T11:25:27","slug":"solidanca-cierra-el-primer-semestre-con-38-campanas-de-educacion-ambiental","status":"publish","type":"post","link":"https:\/\/solidanca.cat\/es\/solidanca-cierra-el-primer-semestre-con-38-campanas-de-educacion-ambiental\/","title":{"rendered":"Solidan\u00e7a cierra el primer semestre con 38 campa\u00f1as de educaci\u00f3n ambiental"},"content":{"rendered":"\n<p>Durante el primer semestre de 2025, Solidan\u00e7a ha continuado desplegando su labor educativa a trav\u00e9s de las campa\u00f1as de sensibilizaci\u00f3n ambiental, con el objetivo de acercar a la ciudadan\u00eda, especialmente a ni\u00f1os y j\u00f3venes, a los valores de la sostenibilidad, la prevenci\u00f3n de residuos y la responsabilidad colectiva en el cuidado del planeta. <\/p>\n\n<p>Estas acciones son muy importantes para <strong>concienciar al alumnado y sus familias<\/strong> sobre la situaci\u00f3n medioambiental actual y sobre la necesidad de la corresponsabilidad ciudadana en la transici\u00f3n hacia una econom\u00eda circular, en la que cada gesto cuenta y cada residuo puede convertirse en una oportunidad.<\/p>\n\n<p>En el compromiso de Solidan\u00e7a, a lo largo de estos meses hemos llevado a cabo <strong>6 actividades<\/strong> llegando a sensibilizar a <strong>150 alumnos<\/strong>, adem\u00e1s de las campa\u00f1as de educaci\u00f3n ambiental que se realizan en escuelas enteras. En total hemos participado en <strong>44 centros educativos<\/strong> en 1<strong>6 municipios diferentes.<\/strong> <\/p>\n\n<p>En este semestre hemos realizado <strong>38 campa\u00f1as de educaci\u00f3n ambiental<\/strong> que tienen como eje central el <strong>residuo textil,<\/strong> pero van mucho m\u00e1s all\u00e1. A trav\u00e9s de este hilo conductor se trabajan herramientas pr\u00e1cticas para <strong>prevenir la generaci\u00f3n de residuos, fomentar la reutilizaci\u00f3n e impulsar una econom\u00eda circular con valor social.<\/strong> Tambi\u00e9n aprovechamos para dar a conocer proyectos como el de Solidan\u00e7a\/Roba Amiga y la tarea que llevamos a cabo en el sector de la gesti\u00f3n de los residuos y la inclusi\u00f3n sociolaboral. <\/p>\n\n<p>Desde Solidan\u00e7a entendemos la educaci\u00f3n ambiental como una herramienta fundamental para construir una sociedad m\u00e1s responsable y comprometida con los retos ambientales globales. Por eso, no s\u00f3lo ponemos el foco en el conocimiento, sino en fomentar actitudes cr\u00edticas y transformadoras. <\/p>\n\n<p>Este primer semestre de 2025, los buenos resultados alcanzados nos animan a seguir trabajando, junto con escuelas, administraciones y entidades del territorio, para <strong>hacer de la educaci\u00f3n ambiental una pieza clave en el camino hacia la sostenibilidad.<\/strong><\/p>\n\n<p>i tu centro o municipio quiere participar en las campa\u00f1as educativas, puede solicitar el servicio a trav\u00e9s de este formulario: <a href=\"https:\/\/forms.office.com\/e\/9KwW8W6mCP\" target=\"_blank\" rel=\"noreferrer noopener\">https:\/\/forms.office.com\/e\/9KwW8W6mCP<\/a> o enviando un correo a: <a href=\"mailto:eduambiental@solidanca.cat\" target=\"_blank\" rel=\"noreferrer noopener\">eduambiental@solidanca.cat<\/a><\/p>\n\n<p><\/p>\n","protected":false},"excerpt":{"rendered":"<p>Durante el primer semestre de 2025, Solidan\u00e7a ha continuado desplegando su labor educativa a trav\u00e9s de las campa\u00f1as de sensibilizaci\u00f3n ambiental,&#8230;<\/p>\n","protected":false},"author":2,"featured_media":11353,"comment_status":"closed","ping_status":"closed","sticky":false,"template":"","format":"standard","meta":{"_uag_custom_page_level_css":"","_kad_blocks_custom_css":"","_kad_blocks_head_custom_js":"","_kad_blocks_body_custom_js":"","_kad_blocks_footer_custom_js":"","_kad_post_transparent":"","_kad_post_title":"","_kad_post_layout":"","_kad_post_sidebar_id":"","_kad_post_content_style":"","_kad_post_vertical_padding":"","_kad_post_feature":"","_kad_post_feature_position":"","_kad_post_header":false,"_kad_post_footer":false,"_kad_post_classname":"","footnotes":""},"categories":[757],"tags":[],"class_list":["post-11355","post","type-post","status-publish","format-standard","has-post-thumbnail","hentry","category-educacion-ambiental"],"taxonomy_info":{"category":[{"value":757,"label":"Educaci\u00f3n ambiental"}]},"featured_image_src_large":["https:\/\/solidanca.cat\/wp-content\/uploads\/2025\/06\/FOTO-NOTICIES-WEB-1-2.png",800,400,false],"author_info":{"display_name":"Solidan\u00e7a","author_link":"https:\/\/solidanca.cat\/es\/author\/alberg\/"},"comment_info":0,"category_info":[{"term_id":757,"name":"Educaci\u00f3n ambiental","slug":"educacion-ambiental","term_group":0,"term_taxonomy_id":757,"taxonomy":"category","description":"","parent":0,"count":80,"filter":"raw","cat_ID":757,"category_count":80,"category_description":"","cat_name":"Educaci\u00f3n ambiental","category_nicename":"educacion-ambiental","category_parent":0}],"tag_info":false,"uagb_featured_image_src":{"full":["https:\/\/solidanca.cat\/wp-content\/uploads\/2025\/06\/FOTO-NOTICIES-WEB-1-2.png",800,400,false],"thumbnail":["https:\/\/solidanca.cat\/wp-content\/uploads\/2025\/06\/FOTO-NOTICIES-WEB-1-2-150x150.png",150,150,true],"medium":["https:\/\/solidanca.cat\/wp-content\/uploads\/2025\/06\/FOTO-NOTICIES-WEB-1-2-300x150.png",300,150,true],"medium_large":["https:\/\/solidanca.cat\/wp-content\/uploads\/2025\/06\/FOTO-NOTICIES-WEB-1-2-768x384.png",768,384,true],"large":["https:\/\/solidanca.cat\/wp-content\/uploads\/2025\/06\/FOTO-NOTICIES-WEB-1-2.png",800,400,false],"1536x1536":["https:\/\/solidanca.cat\/wp-content\/uploads\/2025\/06\/FOTO-NOTICIES-WEB-1-2.png",800,400,false],"2048x2048":["https:\/\/solidanca.cat\/wp-content\/uploads\/2025\/06\/FOTO-NOTICIES-WEB-1-2.png",800,400,false]},"uagb_author_info":{"display_name":"Solidan\u00e7a","author_link":"https:\/\/solidanca.cat\/es\/author\/alberg\/"},"uagb_comment_info":0,"uagb_excerpt":"Durante el primer semestre de 2025, Solidan\u00e7a ha continuado desplegando su labor educativa a trav\u00e9s de las campa\u00f1as de sensibilizaci\u00f3n ambiental,...","_links":{"self":[{"href":"https:\/\/solidanca.cat\/es\/wp-json\/wp\/v2\/posts\/11355","targetHints":{"allow":["GET"]}}],"collection":[{"href":"https:\/\/solidanca.cat\/es\/wp-json\/wp\/v2\/posts"}],"about":[{"href":"https:\/\/solidanca.cat\/es\/wp-json\/wp\/v2\/types\/post"}],"author":[{"embeddable":true,"href":"https:\/\/solidanca.cat\/es\/wp-json\/wp\/v2\/users\/2"}],"replies":[{"embeddable":true,"href":"https:\/\/solidanca.cat\/es\/wp-json\/wp\/v2\/comments?post=11355"}],"version-history":[{"count":2,"href":"https:\/\/solidanca.cat\/es\/wp-json\/wp\/v2\/posts\/11355\/revisions"}],"predecessor-version":[{"id":11516,"href":"https:\/\/solidanca.cat\/es\/wp-json\/wp\/v2\/posts\/11355\/revisions\/11516"}],"wp:featuredmedia":[{"embeddable":true,"href":"https:\/\/solidanca.cat\/es\/wp-json\/wp\/v2\/media\/11353"}],"wp:attachment":[{"href":"https:\/\/solidanca.cat\/es\/wp-json\/wp\/v2\/media?parent=11355"}],"wp:term":[{"taxonomy":"category","embeddable":true,"href":"https:\/\/solidanca.cat\/es\/wp-json\/wp\/v2\/categories?post=11355"},{"taxonomy":"post_tag","embeddable":true,"href":"https:\/\/solidanca.cat\/es\/wp-json\/wp\/v2\/tags?post=11355"}],"curies":[{"name":"wp","href":"https:\/\/api.w.org\/{rel}","templated":true}]}}