{"id":11698,"date":"2025-07-17T08:00:00","date_gmt":"2025-07-17T06:00:00","guid":{"rendered":"https:\/\/solidanca.cat\/?p=11698"},"modified":"2025-07-23T12:52:54","modified_gmt":"2025-07-23T10:52:54","slug":"abrimos-plazas-para-la-nueva-formacion-en-ecodiseno-y-upcycling","status":"publish","type":"post","link":"https:\/\/solidanca.cat\/es\/abrimos-plazas-para-la-nueva-formacion-en-ecodiseno-y-upcycling\/","title":{"rendered":"Abrimos plazas para la nueva formaci\u00f3n en ecodise\u00f1o y upcycling"},"content":{"rendered":"\n<p>En Solidan\u00e7a empezamos en septiembre con una nueva propuesta formativa enfocada a la <strong>sostenibilidad textil, el dise\u00f1o responsable y la creatividad aplicada a la moda<\/strong>, que se llevar\u00e1 a cabo en nuestro <a href=\"https:\/\/solidanca.cat\/wp-admin\/post.php?post=7603&amp;action=edit&amp;lang=ca\">Centro de Formaci\u00f3n<\/a>. Esta vez, ofrecemos la <strong>formaci\u00f3n en ecodise\u00f1o, desarrollo de productos textiles sostenibles y t\u00e9cnicas de upcycling<\/strong>, cofinanciada por el FSE+ dentro del proyecto GreenJobsLab: Formaciones innovadoras hacia el empleo verde para colectivos en riesgo de exclusi\u00f3n.<\/p>\n<div class=\"wp-block-image\">\n<figure class=\"alignright size-large is-resized\"><img loading=\"lazy\" decoding=\"async\" width=\"724\" height=\"1024\" src=\"https:\/\/solidanca.cat\/wp-content\/uploads\/2025\/07\/cofinancat-Greenjobslab-1-1-724x1024.png\" alt=\"\" class=\"wp-image-11943\" style=\"width:331px;height:auto\" srcset=\"https:\/\/solidanca.cat\/wp-content\/uploads\/2025\/07\/cofinancat-Greenjobslab-1-1-724x1024.png 724w, https:\/\/solidanca.cat\/wp-content\/uploads\/2025\/07\/cofinancat-Greenjobslab-1-1-212x300.png 212w, https:\/\/solidanca.cat\/wp-content\/uploads\/2025\/07\/cofinancat-Greenjobslab-1-1-768x1086.png 768w, https:\/\/solidanca.cat\/wp-content\/uploads\/2025\/07\/cofinancat-Greenjobslab-1-1-1086x1536.png 1086w, https:\/\/solidanca.cat\/wp-content\/uploads\/2025\/07\/cofinancat-Greenjobslab-1-1-1448x2048.png 1448w, https:\/\/solidanca.cat\/wp-content\/uploads\/2025\/07\/cofinancat-Greenjobslab-1-1.png 1587w\" sizes=\"auto, (max-width: 724px) 100vw, 724px\" \/><\/figure>\n<\/div>\n<p>El <strong>ecodise\u00f1o<\/strong> es una metodolog\u00eda que busca crear productos teniendo en cuenta su impacto ambiental durante todo el ciclo de vida, mientras que el <strong>upcycling<\/strong> (o suprarreciclaje) consiste en reutilizar materiales o piezas ya existentes para convertirlos en nuevos productos con valor a\u00f1adido, alargando su vida \u00fatil y reduciendo residuos.<\/p>\n\n<p>Esta formaci\u00f3n gratuita va dirigida a <strong>personas en paro con NIE o pasaporte,<\/strong> y permitir\u00e1 a las participantes conocer las t\u00e9cnicas b\u00e1sicas de dise\u00f1o sostenible, reutilizaci\u00f3n textil, costura creativa y creaci\u00f3n de productos con valor ambiental y social.<\/p>\n\n<p>Durante el curso, el <strong>alumnado aprender\u00e1 <\/strong>a trav\u00e9s de una metodolog\u00eda <strong>te\u00f3rico-pr\u00e1ctica<\/strong> en:<\/p>\n\n<ul class=\"wp-block-list\">\n<li>Introducirse en el mundo del ecodise\u00f1o.<\/li>\n\n\n\n<li>Desarrollar productos textiles sostenibles.<\/li>\n\n\n\n<li>Materiales sostenibles y certificaciones.<\/li>\n\n\n\n<li>Marketing y comunicaci\u00f3n de productos sostenibles.<\/li>\n\n\n\n<li>Ampliar sus competencias transversales y digitales.<\/li>\n<\/ul>\n\n<p>El curso se llevar\u00e1 a cabo en el <strong>CENTRO DE FORMACI\u00d3N SOLIDAN\u00c7A<\/strong> (C\/ Sant Mart\u00ed de Lerm, 1, 7\u00ba-2\u00ba, Sant Joan Desp\u00ed) de lunes a viernes de 9h a 14h. El curso empezar\u00e1 el 23 de septiembre y finalizar\u00e1 el 14 de noviembre. <\/p>\n\n<p><em><strong>Sol\u00b7licita la inscripci\u00f3 escrivint a <strong><a href=\"mailto:lina.morales@solidanca.cat\">formacio@solidanca.cat<\/a><\/strong> o trucant al <strong>655 189 119<\/strong>.<\/strong><\/em><\/p>\n\n<p>Este curso est\u00e1 cofinanciado por el FSE+ a trav\u00e9s del Programa Empleaverde+ de la Fundaci\u00f3n Biodiversidad del Ministerio para la Transici\u00f3n Ecol\u00f3gica y el Reto Demogr\u00e1fico<\/p>\n\n<figure class=\"wp-block-image size-large is-resized\"><img loading=\"lazy\" decoding=\"async\" width=\"1024\" height=\"100\" src=\"https:\/\/solidanca.cat\/wp-content\/uploads\/2025\/07\/FORMACIONS-CARTELLS-1024x100.png\" alt=\"\" class=\"wp-image-11689\" style=\"width:781px;height:auto\" srcset=\"https:\/\/solidanca.cat\/wp-content\/uploads\/2025\/07\/FORMACIONS-CARTELLS-1024x100.png 1024w, https:\/\/solidanca.cat\/wp-content\/uploads\/2025\/07\/FORMACIONS-CARTELLS-300x29.png 300w, https:\/\/solidanca.cat\/wp-content\/uploads\/2025\/07\/FORMACIONS-CARTELLS-768x75.png 768w, https:\/\/solidanca.cat\/wp-content\/uploads\/2025\/07\/FORMACIONS-CARTELLS-1536x150.png 1536w, https:\/\/solidanca.cat\/wp-content\/uploads\/2025\/07\/FORMACIONS-CARTELLS.png 1623w\" sizes=\"auto, (max-width: 1024px) 100vw, 1024px\" \/><\/figure>\n\n<figure class=\"wp-block-image size-full is-resized\"><img loading=\"lazy\" decoding=\"async\" width=\"362\" height=\"69\" src=\"https:\/\/solidanca.cat\/wp-content\/uploads\/2025\/07\/FORMACIONS-CARTELLS-2.png\" alt=\"\" class=\"wp-image-11788\" style=\"width:194px;height:auto\" srcset=\"https:\/\/solidanca.cat\/wp-content\/uploads\/2025\/07\/FORMACIONS-CARTELLS-2.png 362w, https:\/\/solidanca.cat\/wp-content\/uploads\/2025\/07\/FORMACIONS-CARTELLS-2-300x57.png 300w\" sizes=\"auto, (max-width: 362px) 100vw, 362px\" \/><\/figure>\n\n<p><\/p>\n","protected":false},"excerpt":{"rendered":"<p>En Solidan\u00e7a empezamos en septiembre con una nueva propuesta formativa enfocada a la sostenibilidad textil, el dise\u00f1o responsable y la creatividad&#8230;<\/p>\n","protected":false},"author":2,"featured_media":11729,"comment_status":"closed","ping_status":"closed","sticky":false,"template":"","format":"standard","meta":{"_uag_custom_page_level_css":"","_kad_blocks_custom_css":"","_kad_blocks_head_custom_js":"","_kad_blocks_body_custom_js":"","_kad_blocks_footer_custom_js":"","_kad_post_transparent":"","_kad_post_title":"","_kad_post_layout":"","_kad_post_sidebar_id":"","_kad_post_content_style":"","_kad_post_vertical_padding":"","_kad_post_feature":"","_kad_post_feature_position":"","_kad_post_header":false,"_kad_post_footer":false,"_kad_post_classname":"","footnotes":""},"categories":[758],"tags":[],"class_list":["post-11698","post","type-post","status-publish","format-standard","has-post-thumbnail","hentry","category-formacion"],"taxonomy_info":{"category":[{"value":758,"label":"Formaci\u00f3n"}]},"featured_image_src_large":["https:\/\/solidanca.cat\/wp-content\/uploads\/2025\/07\/FOTO-NOTICIES-WEB-4.png",800,400,false],"author_info":{"display_name":"Solidan\u00e7a","author_link":"https:\/\/solidanca.cat\/es\/author\/alberg\/"},"comment_info":0,"category_info":[{"term_id":758,"name":"Formaci\u00f3n","slug":"formacion","term_group":0,"term_taxonomy_id":758,"taxonomy":"category","description":"","parent":0,"count":107,"filter":"raw","cat_ID":758,"category_count":107,"category_description":"","cat_name":"Formaci\u00f3n","category_nicename":"formacion","category_parent":0}],"tag_info":false,"uagb_featured_image_src":{"full":["https:\/\/solidanca.cat\/wp-content\/uploads\/2025\/07\/FOTO-NOTICIES-WEB-4.png",800,400,false],"thumbnail":["https:\/\/solidanca.cat\/wp-content\/uploads\/2025\/07\/FOTO-NOTICIES-WEB-4-150x150.png",150,150,true],"medium":["https:\/\/solidanca.cat\/wp-content\/uploads\/2025\/07\/FOTO-NOTICIES-WEB-4-300x150.png",300,150,true],"medium_large":["https:\/\/solidanca.cat\/wp-content\/uploads\/2025\/07\/FOTO-NOTICIES-WEB-4-768x384.png",768,384,true],"large":["https:\/\/solidanca.cat\/wp-content\/uploads\/2025\/07\/FOTO-NOTICIES-WEB-4.png",800,400,false],"1536x1536":["https:\/\/solidanca.cat\/wp-content\/uploads\/2025\/07\/FOTO-NOTICIES-WEB-4.png",800,400,false],"2048x2048":["https:\/\/solidanca.cat\/wp-content\/uploads\/2025\/07\/FOTO-NOTICIES-WEB-4.png",800,400,false]},"uagb_author_info":{"display_name":"Solidan\u00e7a","author_link":"https:\/\/solidanca.cat\/es\/author\/alberg\/"},"uagb_comment_info":0,"uagb_excerpt":"En Solidan\u00e7a empezamos en septiembre con una nueva propuesta formativa enfocada a la sostenibilidad textil, el dise\u00f1o responsable y la creatividad...","_links":{"self":[{"href":"https:\/\/solidanca.cat\/es\/wp-json\/wp\/v2\/posts\/11698","targetHints":{"allow":["GET"]}}],"collection":[{"href":"https:\/\/solidanca.cat\/es\/wp-json\/wp\/v2\/posts"}],"about":[{"href":"https:\/\/solidanca.cat\/es\/wp-json\/wp\/v2\/types\/post"}],"author":[{"embeddable":true,"href":"https:\/\/solidanca.cat\/es\/wp-json\/wp\/v2\/users\/2"}],"replies":[{"embeddable":true,"href":"https:\/\/solidanca.cat\/es\/wp-json\/wp\/v2\/comments?post=11698"}],"version-history":[{"count":5,"href":"https:\/\/solidanca.cat\/es\/wp-json\/wp\/v2\/posts\/11698\/revisions"}],"predecessor-version":[{"id":11948,"href":"https:\/\/solidanca.cat\/es\/wp-json\/wp\/v2\/posts\/11698\/revisions\/11948"}],"wp:featuredmedia":[{"embeddable":true,"href":"https:\/\/solidanca.cat\/es\/wp-json\/wp\/v2\/media\/11729"}],"wp:attachment":[{"href":"https:\/\/solidanca.cat\/es\/wp-json\/wp\/v2\/media?parent=11698"}],"wp:term":[{"taxonomy":"category","embeddable":true,"href":"https:\/\/solidanca.cat\/es\/wp-json\/wp\/v2\/categories?post=11698"},{"taxonomy":"post_tag","embeddable":true,"href":"https:\/\/solidanca.cat\/es\/wp-json\/wp\/v2\/tags?post=11698"}],"curies":[{"name":"wp","href":"https:\/\/api.w.org\/{rel}","templated":true}]}}