{"id":11901,"date":"2025-07-22T14:00:00","date_gmt":"2025-07-22T12:00:00","guid":{"rendered":"https:\/\/solidanca.cat\/?p=11901"},"modified":"2025-07-23T12:57:27","modified_gmt":"2025-07-23T10:57:27","slug":"89-personas-se-han-insertado-en-el-mercado-laboral-durante-el-primer-semestre-de-2025-con-solidanca","status":"publish","type":"post","link":"https:\/\/solidanca.cat\/es\/89-personas-se-han-insertado-en-el-mercado-laboral-durante-el-primer-semestre-de-2025-con-solidanca\/","title":{"rendered":"89 personas se han insertado en el mercado laboral durante el primer semestre de 2025 con Solidan\u00e7a"},"content":{"rendered":"<div class=\"wp-block-image\">\n<figure class=\"alignright size-large is-resized\"><img loading=\"lazy\" decoding=\"async\" width=\"1080\" height=\"1080\" src=\"https:\/\/solidanca.cat\/wp-content\/uploads\/2025\/07\/3-edited.png\" alt=\"\" class=\"wp-image-11878\" style=\"width:277px;height:auto\" srcset=\"https:\/\/solidanca.cat\/wp-content\/uploads\/2025\/07\/3-edited.png 1080w, https:\/\/solidanca.cat\/wp-content\/uploads\/2025\/07\/3-edited-300x300.png 300w, https:\/\/solidanca.cat\/wp-content\/uploads\/2025\/07\/3-edited-1024x1024.png 1024w, https:\/\/solidanca.cat\/wp-content\/uploads\/2025\/07\/3-edited-150x150.png 150w, https:\/\/solidanca.cat\/wp-content\/uploads\/2025\/07\/3-edited-768x768.png 768w\" sizes=\"auto, (max-width: 1080px) 100vw, 1080px\" \/><\/figure>\n<\/div>\n<p>En Fundaci\u00f3 Solidan\u00e7a entendemos la gesti\u00f3n de residuos como una herramienta para<strong> mejorar la empleabilidad de personas en situaci\u00f3n de vulnerabilidad social.<\/strong> A trav\u00e9s de itinerarios de inserci\u00f3n sociolaboral, ofrecemos contrataci\u00f3n, acompa\u00f1amiento individualizado y formaci\u00f3n, con el objetivo de facilitar el acceso a un empleo digno y estable. <\/p>\n\n<p>Durante el primer semestre de 2025, hemos acompa\u00f1ado a <strong>89 personas que han logrado insertarse en el mercado laboral<\/strong>, de las cuales <strong>24<\/strong> lo han hecho a trav\u00e9s de la<strong> empresa de inserci\u00f3n Solidan\u00e7a Treball.<\/strong> Cada persona que accede a un trabajo despu\u00e9s de un itinerario de formaci\u00f3n, orientaci\u00f3n y apoyo representa un paso m\u00e1s en nuestro compromiso por construir una sociedad m\u00e1s justa e inclusiva. <\/p>\n\n<div class=\"wp-block-uagb-advanced-heading uagb-block-3d996e75\"><h3 class=\"uagb-heading-text\"><strong>Un semestre lleno de proyectos con impacto social <\/strong><\/h3><\/div>\n\n<p><\/p>\n\n<p>\u2705 <strong>Taller prelaboral Eco Empodera<\/strong> <\/p>\n<div class=\"wp-block-image\">\n<figure class=\"alignright size-large is-resized\"><img loading=\"lazy\" decoding=\"async\" width=\"760\" height=\"1350\" src=\"https:\/\/solidanca.cat\/wp-content\/uploads\/2025\/07\/2-edited.png\" alt=\"\" class=\"wp-image-11882\" style=\"width:296px;height:auto\" srcset=\"https:\/\/solidanca.cat\/wp-content\/uploads\/2025\/07\/2-edited.png 760w, https:\/\/solidanca.cat\/wp-content\/uploads\/2025\/07\/2-edited-169x300.png 169w, https:\/\/solidanca.cat\/wp-content\/uploads\/2025\/07\/2-edited-576x1024.png 576w\" sizes=\"auto, (max-width: 760px) 100vw, 760px\" \/><\/figure>\n<\/div>\n<p>Una formaci\u00f3n prelaboral, que recibe el apoyo de la Fundaci\u00f3n \u201cLa Caixa\u201d, dirigida a personas que buscan su primer empleo o que llevan tiempo desconectadas del mercado laboral. Su objetivo es <strong>mejorar las oportunidades de empleo<\/strong> y fomentar el acceso a trabajos estables y de calidad.  <\/p>\n\n<p>En esta primera edici\u00f3n <strong>40% de las personas participantes<\/strong> han logrado insertarse en el mercado laboral. <\/p>\n\n<p>\u2705 <strong>Programa Treballa\u2019t \u2013 Sant Vicen\u00e7 dels Horts<\/strong> <\/p>\n\n<p>Este programa de formaci\u00f3n y acompa\u00f1amiento a la inserci\u00f3n, impulsado por el <strong>Servicio Local de Ocupaci\u00f3n del Ayuntamiento de Sant Vicen\u00e7 dels Horts<\/strong>, est\u00e1 destinado a personas mayores de 45 a\u00f1os en situaci\u00f3n de paro de larga duraci\u00f3n. A trav\u00e9s de itinerarios personalizados, se trabaja la preparaci\u00f3n del curr\u00edculum, las entrevistas, la b\u00fasqueda de empleo y se realizan pr\u00e1cticas en empresas.  <\/p>\n\n<p>Durante este semestre, <strong>35 han logrado insertarse<\/strong> en el mercado laboral. <\/p>\n\n<p>\u2705<strong> Incorpora y Punto Formativo Incorpora<\/strong> <\/p>\n\n<p>Estos programas de la Fundaci\u00f3n \u201cLa Caixa\u201d siguen siendo una de las <strong>principales v\u00edas de acceso al mundo laboral para personas en situaci\u00f3n de vulnerabilidad social.<\/strong> Su enfoque integral combina formaci\u00f3n t\u00e9cnica, digital, competencias personales y pr\u00e1cticas en empresa, respondiendo a las necesidades tanto de las personas como del tejido empresarial. <\/p>\n\n<p>Con ambos programas, se han abierto <strong>57 ofertas de trabajo, 14 han realizado pr\u00e1cticas en empresa y 27 han accedido a un trabajo<\/strong> durante este primer semestre. <\/p>\n\n<div class=\"wp-block-uagb-advanced-heading uagb-block-efa8cef6\"><h3 class=\"uagb-heading-text\"><strong>M\u00e1s all\u00e1 de los datos, hay historias<\/strong> <\/h3><\/div>\n\n<p>Detr\u00e1s de cada inserci\u00f3n existe una trayectoria vital, un camino marcado por retos, decisiones valientes y momentos de crecimiento. En Solidan\u00e7a entendemos cada proceso de inserci\u00f3n como una <strong>oportunidad de transformaci\u00f3n personal y colectiva<\/strong>. Por eso trabajamos desde el territorio, generando alianzas con empresas y entidades que comparten el compromiso por una sociedad m\u00e1s justa y cohesionada.   <\/p>\n\n<p>Continuaremos impulsando itinerarios de inserci\u00f3n con sentido, que abran puertas y contribuyan a construir un modelo de desarrollo econ\u00f3mico inclusivo y socialmente responsable. <\/p>\n\n<figure class=\"wp-block-image size-large is-resized\"><img loading=\"lazy\" decoding=\"async\" width=\"1024\" height=\"189\" src=\"https:\/\/solidanca.cat\/wp-content\/uploads\/2025\/07\/FRASES-Insta-@treball_solidanca-1080-x-1350-px-1-1024x189.png\" alt=\"\" class=\"wp-image-11895\" style=\"width:648px;height:auto\" srcset=\"https:\/\/solidanca.cat\/wp-content\/uploads\/2025\/07\/FRASES-Insta-@treball_solidanca-1080-x-1350-px-1-1024x189.png 1024w, https:\/\/solidanca.cat\/wp-content\/uploads\/2025\/07\/FRASES-Insta-@treball_solidanca-1080-x-1350-px-1-300x55.png 300w, https:\/\/solidanca.cat\/wp-content\/uploads\/2025\/07\/FRASES-Insta-@treball_solidanca-1080-x-1350-px-1-768x141.png 768w, https:\/\/solidanca.cat\/wp-content\/uploads\/2025\/07\/FRASES-Insta-@treball_solidanca-1080-x-1350-px-1.png 1423w\" sizes=\"auto, (max-width: 1024px) 100vw, 1024px\" \/><\/figure>\n\n<p><\/p>\n","protected":false},"excerpt":{"rendered":"<p>En Fundaci\u00f3 Solidan\u00e7a entendemos la gesti\u00f3n de residuos como una herramienta para mejorar la empleabilidad de personas en situaci\u00f3n de vulnerabilidad&#8230;<\/p>\n","protected":false},"author":2,"featured_media":11898,"comment_status":"closed","ping_status":"closed","sticky":false,"template":"","format":"standard","meta":{"_uag_custom_page_level_css":"","_kad_blocks_custom_css":"","_kad_blocks_head_custom_js":"","_kad_blocks_body_custom_js":"","_kad_blocks_footer_custom_js":"","_kad_post_transparent":"","_kad_post_title":"","_kad_post_layout":"","_kad_post_sidebar_id":"","_kad_post_content_style":"","_kad_post_vertical_padding":"","_kad_post_feature":"","_kad_post_feature_position":"","_kad_post_header":false,"_kad_post_footer":false,"_kad_post_classname":"","footnotes":""},"categories":[8],"tags":[],"class_list":["post-11901","post","type-post","status-publish","format-standard","has-post-thumbnail","hentry","category-sin-categorizar"],"taxonomy_info":{"category":[{"value":8,"label":"Sin categorizar"}]},"featured_image_src_large":["https:\/\/solidanca.cat\/wp-content\/uploads\/2025\/07\/FOTO-NOTICIES-WEB-6.png",800,400,false],"author_info":{"display_name":"Solidan\u00e7a","author_link":"https:\/\/solidanca.cat\/es\/author\/alberg\/"},"comment_info":0,"category_info":[{"term_id":8,"name":"Sin categorizar","slug":"sin-categorizar","term_group":0,"term_taxonomy_id":8,"taxonomy":"category","description":"","parent":0,"count":199,"filter":"raw","cat_ID":8,"category_count":199,"category_description":"","cat_name":"Sin categorizar","category_nicename":"sin-categorizar","category_parent":0}],"tag_info":false,"uagb_featured_image_src":{"full":["https:\/\/solidanca.cat\/wp-content\/uploads\/2025\/07\/FOTO-NOTICIES-WEB-6.png",800,400,false],"thumbnail":["https:\/\/solidanca.cat\/wp-content\/uploads\/2025\/07\/FOTO-NOTICIES-WEB-6-150x150.png",150,150,true],"medium":["https:\/\/solidanca.cat\/wp-content\/uploads\/2025\/07\/FOTO-NOTICIES-WEB-6-300x150.png",300,150,true],"medium_large":["https:\/\/solidanca.cat\/wp-content\/uploads\/2025\/07\/FOTO-NOTICIES-WEB-6-768x384.png",768,384,true],"large":["https:\/\/solidanca.cat\/wp-content\/uploads\/2025\/07\/FOTO-NOTICIES-WEB-6.png",800,400,false],"1536x1536":["https:\/\/solidanca.cat\/wp-content\/uploads\/2025\/07\/FOTO-NOTICIES-WEB-6.png",800,400,false],"2048x2048":["https:\/\/solidanca.cat\/wp-content\/uploads\/2025\/07\/FOTO-NOTICIES-WEB-6.png",800,400,false]},"uagb_author_info":{"display_name":"Solidan\u00e7a","author_link":"https:\/\/solidanca.cat\/es\/author\/alberg\/"},"uagb_comment_info":0,"uagb_excerpt":"En Fundaci\u00f3 Solidan\u00e7a entendemos la gesti\u00f3n de residuos como una herramienta para mejorar la empleabilidad de personas en situaci\u00f3n de vulnerabilidad...","_links":{"self":[{"href":"https:\/\/solidanca.cat\/es\/wp-json\/wp\/v2\/posts\/11901","targetHints":{"allow":["GET"]}}],"collection":[{"href":"https:\/\/solidanca.cat\/es\/wp-json\/wp\/v2\/posts"}],"about":[{"href":"https:\/\/solidanca.cat\/es\/wp-json\/wp\/v2\/types\/post"}],"author":[{"embeddable":true,"href":"https:\/\/solidanca.cat\/es\/wp-json\/wp\/v2\/users\/2"}],"replies":[{"embeddable":true,"href":"https:\/\/solidanca.cat\/es\/wp-json\/wp\/v2\/comments?post=11901"}],"version-history":[{"count":1,"href":"https:\/\/solidanca.cat\/es\/wp-json\/wp\/v2\/posts\/11901\/revisions"}],"predecessor-version":[{"id":11902,"href":"https:\/\/solidanca.cat\/es\/wp-json\/wp\/v2\/posts\/11901\/revisions\/11902"}],"wp:featuredmedia":[{"embeddable":true,"href":"https:\/\/solidanca.cat\/es\/wp-json\/wp\/v2\/media\/11898"}],"wp:attachment":[{"href":"https:\/\/solidanca.cat\/es\/wp-json\/wp\/v2\/media?parent=11901"}],"wp:term":[{"taxonomy":"category","embeddable":true,"href":"https:\/\/solidanca.cat\/es\/wp-json\/wp\/v2\/categories?post=11901"},{"taxonomy":"post_tag","embeddable":true,"href":"https:\/\/solidanca.cat\/es\/wp-json\/wp\/v2\/tags?post=11901"}],"curies":[{"name":"wp","href":"https:\/\/api.w.org\/{rel}","templated":true}]}}