{"id":12063,"date":"2025-08-21T14:00:00","date_gmt":"2025-08-21T12:00:00","guid":{"rendered":"https:\/\/solidanca.cat\/?p=12063"},"modified":"2025-08-13T09:01:02","modified_gmt":"2025-08-13T07:01:02","slug":"una-primera-mitad-de-ano-llena-de-actividad-compromiso-y-accion-transformadora","status":"publish","type":"post","link":"https:\/\/solidanca.cat\/es\/una-primera-mitad-de-ano-llena-de-actividad-compromiso-y-accion-transformadora\/","title":{"rendered":"Una primera mitad de a\u00f1o llena de actividad, compromiso y acci\u00f3n transformadora."},"content":{"rendered":"\n<p><strong>El primer semestre de 2025 en Solidan\u00e7a ha estado lleno de actividad, colaboraciones y aprendizajes.<\/strong> Durante estos seis meses, hemos organizado y participado en una gran variedad de eventos, jornadas, ferias y visitas que reflejan nuestro compromiso con la sostenibilidad, la inserci\u00f3n sociolaboral y la promoci\u00f3n de una econom\u00eda social y solidaria transformadora.<\/p>\n\n<p>Las jornadas y espacios de encuentro nos han permitido <strong>compartir experiencias, generar sinergias y aprender de iniciativas innovadoras<\/strong> que abren camino a nuevas v\u00edas de fomento de la Econom\u00eda Social y Solidaria. Asimismo, hemos participado en eventos y ferias que nos han ayudado a <strong>dar a conocer nuestros proyectos y sensibilizar <\/strong>sobre el valor de la reutilizaci\u00f3n, el consumo responsable y la inclusi\u00f3n social, reforzando la conexi\u00f3n entre <strong>Solidan\u00e7a y el territorio.<\/strong> <\/p>\n\n<div class=\"wp-block-columns is-layout-flex wp-container-core-columns-is-layout-2edb0647 wp-block-columns-is-layout-flex\" style=\"border-style:none;border-width:0px;margin-top:0;margin-bottom:0\">\n<div class=\"wp-block-column is-layout-flow wp-block-column-is-layout-flow\" style=\"padding-right:0;padding-left:0\">\n<div class=\"wp-block-uagb-advanced-heading uagb-block-ba7b98b6\"><h4 class=\"uagb-heading-text\"><a href=\"https:\/\/solidanca.cat\/es\/10942\/\">Visita del presidente del Parlament a la planta de Solidanza<\/a><\/h4><\/div>\n\n\n\n<figure class=\"wp-block-image size-full\"><a href=\"https:\/\/solidanca.cat\/es\/10942\/\"><img loading=\"lazy\" decoding=\"async\" width=\"800\" height=\"400\" src=\"https:\/\/solidanca.cat\/wp-content\/uploads\/2025\/07\/FOTO-NOTICIES-WEB-7.png\" alt=\"\" class=\"wp-image-11980\" srcset=\"https:\/\/solidanca.cat\/wp-content\/uploads\/2025\/07\/FOTO-NOTICIES-WEB-7.png 800w, https:\/\/solidanca.cat\/wp-content\/uploads\/2025\/07\/FOTO-NOTICIES-WEB-7-300x150.png 300w, https:\/\/solidanca.cat\/wp-content\/uploads\/2025\/07\/FOTO-NOTICIES-WEB-7-768x384.png 768w\" sizes=\"auto, (max-width: 800px) 100vw, 800px\" \/><\/a><\/figure>\n\n\n\n<p>El pasado mes de mayo, Solidan\u00e7a recibi\u00f3 la <strong>visita del presidente del Parlament de Catalunya, Josep Rull,<\/strong> en la planta de preparaci\u00f3n para la reutilizaci\u00f3n. Una visita que se enmarca en el reconocimiento de la <strong><a href=\"https:\/\/solidanca.cat\/es\/solidanca-recibe-la-creu-de-sant-jordi-2024\/\">Cruz de Sant Jordi 2024<\/a><\/strong> y que pone en valor la labor de Solidan\u00e7a como referente en inserci\u00f3n sociolaboral y gesti\u00f3n responsable de los residuos. La visita reforz\u00f3 el papel de la econom\u00eda social y solidaria como herramienta clave para afrontar los retos sociales y ambientales, y <strong>reivindic\u00f3 la necesidad de mayor apoyo institucional al tercer sector<\/strong> ya las empresas de inserci\u00f3n.  <\/p>\n<\/div>\n\n\n\n<div class=\"wp-block-column is-layout-flow wp-block-column-is-layout-flow\">\n<div class=\"wp-block-uagb-advanced-heading uagb-block-58fc6fe9\"><h4 class=\"uagb-heading-text\"><a href=\"https:\/\/solidanca.cat\/es\/feicat-celebra-25-anos-de-compromiso-colectivo-con-las-empresas-de-insercion-en-cataluna\/\">25 a\u00f1os de trabajo compartido con FEICAT<\/a><\/h4><\/div>\n\n\n\n<figure class=\"wp-block-image size-full\"><a href=\"https:\/\/solidanca.cat\/es\/feicat-celebra-25-anos-de-compromiso-colectivo-con-las-empresas-de-insercion-en-cataluna\/\"><img loading=\"lazy\" decoding=\"async\" width=\"631\" height=\"315\" src=\"https:\/\/solidanca.cat\/wp-content\/uploads\/2025\/07\/image-edited.png\" alt=\"\" class=\"wp-image-11991\" srcset=\"https:\/\/solidanca.cat\/wp-content\/uploads\/2025\/07\/image-edited.png 631w, https:\/\/solidanca.cat\/wp-content\/uploads\/2025\/07\/image-edited-300x150.png 300w\" sizes=\"auto, (max-width: 631px) 100vw, 631px\" \/><\/a><\/figure>\n\n\n\n<p>Solidan\u00e7a se sum\u00f3 a la jornada de <strong>celebraci\u00f3n de los 25 a\u00f1os de la Federaci\u00f3n de Empresas de Inserci\u00f3n de Catalu\u00f1a (FEICAT)<\/strong>, en el Colegio de la Abogac\u00eda de Barcelona. El acto reuni\u00f3 a profesionales del sector, instituciones y representantes internacionales para reflexionar sobre los retos de futuro de las empresas de inserci\u00f3n, como la IA, las migraciones o la transici\u00f3n verde. Un encuentro para <strong>generar alianzas y reivindicar el papel estrat\u00e9gico de la econom\u00eda social.<\/strong> Desde Solidan\u00e7a celebramos estos 25 a\u00f1os de trabajo colectivo por la inclusi\u00f3n y la sostenibilidad.  <\/p>\n<\/div>\n<\/div>\n\n<div class=\"wp-block-columns is-layout-flex wp-container-core-columns-is-layout-9d6595d7 wp-block-columns-is-layout-flex\">\n<div class=\"wp-block-column is-layout-flow wp-block-column-is-layout-flow\" style=\"flex-basis:50%\">\n<p><br\/><\/p>\n<\/div>\n\n\n\n<div class=\"wp-block-column is-layout-flow wp-block-column-is-layout-flow\" style=\"flex-basis:50%\"><\/div>\n<\/div>\n\n<div class=\"wp-block-uagb-advanced-heading uagb-block-15e0fac5\"><h4 class=\"uagb-heading-text\">Encuentros, jornadas y ponencias del primer semestre de 2025<\/h4><\/div>\n\n<div class=\"wp-block-columns is-layout-flex wp-container-core-columns-is-layout-9d6595d7 wp-block-columns-is-layout-flex\">\n<div class=\"wp-block-column is-layout-flow wp-block-column-is-layout-flow\">\n<div class=\"wp-block-uagb-advanced-heading uagb-block-e432ca02\"><h5 class=\"uagb-heading-text\"><a href=\"https:\/\/solidanca.cat\/es\/?p=10936\">Solidan\u00e7a en Recuwaste 2025<\/a><\/h5><\/div>\n\n\n\n<figure class=\"wp-block-image size-full\"><a href=\"https:\/\/solidanca.cat\/es\/?p=10936\"><img loading=\"lazy\" decoding=\"async\" width=\"800\" height=\"400\" src=\"https:\/\/solidanca.cat\/wp-content\/uploads\/2025\/07\/image-1.png\" alt=\"\" class=\"wp-image-11996\" srcset=\"https:\/\/solidanca.cat\/wp-content\/uploads\/2025\/07\/image-1.png 800w, https:\/\/solidanca.cat\/wp-content\/uploads\/2025\/07\/image-1-300x150.png 300w, https:\/\/solidanca.cat\/wp-content\/uploads\/2025\/07\/image-1-768x384.png 768w\" sizes=\"auto, (max-width: 800px) 100vw, 800px\" \/><\/a><\/figure>\n\n\n\n<p>Nuestra jefa de Medio Ambiente, Nati Yesares, particip\u00f3 en Recuwaste en una mesa dedicada al <strong>reto del residuo textil<\/strong>, una de las fracciones con m\u00e1s asignaturas pendientes a escala municipal.<\/p>\n<\/div>\n\n\n\n<div class=\"wp-block-column is-layout-flow wp-block-column-is-layout-flow\">\n<div class=\"wp-block-uagb-advanced-heading uagb-block-16f71c25\"><h5 class=\"uagb-heading-text\"><a href=\"https:\/\/solidanca.cat\/es\/participamos-en-la-jornada-ecodiseno-2025-para-impulsar-nuevos-modelos-de-negocio-circulares\/\">Jornada de Ecodise\u00f1o 2025<\/a><\/h5><\/div>\n\n\n\n<figure class=\"wp-block-image\"><a href=\"https:\/\/solidanca.cat\/es\/participamos-en-la-jornada-ecodiseno-2025-para-impulsar-nuevos-modelos-de-negocio-circulares\/\"><img decoding=\"async\" src=\"https:\/\/solidanca.cat\/wp-content\/uploads\/2025\/06\/FOTO-NOTICIES-WEB-3.png\" alt=\"\"\/><\/a><\/figure>\n\n\n\n<p>Solidan\u00e7a estuvo presente en la Jornada Ecodise\u00f1o 2025, organizada por el Cl\u00faster de Residuos e In\u00e9dito, para explorar c\u00f3mo <strong>aplicar el ecodise\u00f1o a proyectos de reutilizaci\u00f3n<\/strong> y fomentar nuevos modelos de negocio circulares.<\/p>\n<\/div>\n\n\n\n<div class=\"wp-block-column is-layout-flow wp-block-column-is-layout-flow\">\n<div class=\"wp-block-uagb-advanced-heading uagb-block-cf6ec183\"><h5 class=\"uagb-heading-text\"><a href=\"https:\/\/solidanca.cat\/es\/nati-yesares-de-solidanca-participa-en-el-festival-residu-zero-2025\/\">Festival Residu Zero 2025<\/a><\/h5><\/div>\n\n\n\n<figure class=\"wp-block-image size-large\"><a href=\"https:\/\/solidanca.cat\/es\/nati-yesares-de-solidanca-participa-en-el-festival-residu-zero-2025\/\"><img loading=\"lazy\" decoding=\"async\" width=\"1024\" height=\"577\" src=\"https:\/\/solidanca.cat\/wp-content\/uploads\/2025\/07\/20250326_181517-1024x577.jpg\" alt=\"\" class=\"wp-image-12016\" srcset=\"https:\/\/solidanca.cat\/wp-content\/uploads\/2025\/07\/20250326_181517-1024x577.jpg 1024w, https:\/\/solidanca.cat\/wp-content\/uploads\/2025\/07\/20250326_181517-300x169.jpg 300w, https:\/\/solidanca.cat\/wp-content\/uploads\/2025\/07\/20250326_181517-768x432.jpg 768w, https:\/\/solidanca.cat\/wp-content\/uploads\/2025\/07\/20250326_181517-1536x865.jpg 1536w, https:\/\/solidanca.cat\/wp-content\/uploads\/2025\/07\/20250326_181517-2048x1153.jpg 2048w\" sizes=\"auto, (max-width: 1024px) 100vw, 1024px\" \/><\/a><\/figure>\n\n\n\n<p>Nati Yesares particip\u00f3 en el Festival Residu Zero, un encuentro lleno de talleres y debates en Barcelona para <strong>repensar el sistema de consumo<\/strong> y apostar por un futuro sin residuos ni t\u00f3xicos.<\/p>\n<\/div>\n<\/div>\n\n<div class=\"wp-block-columns is-layout-flex wp-container-core-columns-is-layout-9d6595d7 wp-block-columns-is-layout-flex\">\n<div class=\"wp-block-column is-layout-flow wp-block-column-is-layout-flow\">\n<div class=\"wp-block-uagb-advanced-heading uagb-block-46cdefdc\"><h5 class=\"uagb-heading-text\"><a href=\"https:\/\/solidanca.cat\/es\/jornada-insertic-como-mejorar-el-acompanamiento-de-las-personas-a-traves-de-la-digitalizacion-de-las-empresas-de-insercion\/\">Jornada virtual InserTIC<\/a><\/h5><\/div>\n\n\n\n<figure class=\"wp-block-image size-full\"><a href=\"https:\/\/solidanca.cat\/es\/jornada-insertic-como-mejorar-el-acompanamiento-de-las-personas-a-traves-de-la-digitalizacion-de-las-empresas-de-insercion\/\"><img loading=\"lazy\" decoding=\"async\" width=\"800\" height=\"400\" src=\"https:\/\/solidanca.cat\/wp-content\/uploads\/2025\/07\/image-2.png\" alt=\"\" class=\"wp-image-12014\" srcset=\"https:\/\/solidanca.cat\/wp-content\/uploads\/2025\/07\/image-2.png 800w, https:\/\/solidanca.cat\/wp-content\/uploads\/2025\/07\/image-2-300x150.png 300w, https:\/\/solidanca.cat\/wp-content\/uploads\/2025\/07\/image-2-768x384.png 768w\" sizes=\"auto, (max-width: 800px) 100vw, 800px\" \/><\/a><\/figure>\n\n\n\n<p>Hemos compartido las mejoras que nos ha aportado la nueva herramienta digital CRM, una plataforma para <strong>optimizar el acompa\u00f1amiento a las personas en programas de inserci\u00f3n<\/strong>. La jornada se celebr\u00f3 con ADAD y Recumadrid. <\/p>\n<\/div>\n\n\n\n<div class=\"wp-block-column is-layout-flow wp-block-column-is-layout-flow\">\n<div class=\"wp-block-uagb-advanced-heading uagb-block-80cb4f69\"><h5 class=\"uagb-heading-text\"><a href=\"https:\/\/solidanca.cat\/es\/reutilizacion-e-inclusion-digital-solidanca-abre-sus-puertas-a-weee-for-solidarity\/\">Visita del proyecto WEEE<\/a><\/h5><\/div>\n\n\n\n<figure class=\"wp-block-image\"><a href=\"https:\/\/solidanca.cat\/es\/reutilizacion-e-inclusion-digital-solidanca-abre-sus-puertas-a-weee-for-solidarity\/\"><img decoding=\"async\" src=\"https:\/\/solidanca.cat\/wp-content\/uploads\/2025\/04\/FOTO-NOTICIES-WEB-2-56.png\" alt=\"\"\/><\/a><\/figure>\n\n\n\n<p>Las entidades del proyecto europeo WEEE [for Solidarity] visitaron Solidan\u00e7a para <strong>conocer nuestro modelo de reutilizaci\u00f3n de aparatos el\u00e9ctrico y electr\u00f3nicos<\/strong> como herramienta de inclusi\u00f3n digital y sostenibilidad.<\/p>\n<\/div>\n\n\n\n<div class=\"wp-block-column is-layout-flow wp-block-column-is-layout-flow\">\n<div class=\"wp-block-uagb-advanced-heading uagb-block-f4429acf\"><h5 class=\"uagb-heading-text\"><a href=\"https:\/\/solidanca.cat\/es\/la-responsabilidad-social-corporativa-una-herramienta-para-acercar-el-mundo-empresarial-a-los-valores-de-la-economia-social\/\">Voluntariado corporativo<\/a><\/h5><\/div>\n\n\n\n<figure class=\"wp-block-image\"><a href=\"https:\/\/solidanca.cat\/es\/la-responsabilidad-social-corporativa-una-herramienta-para-acercar-el-mundo-empresarial-a-los-valores-de-la-economia-social\/\"><img decoding=\"async\" src=\"https:\/\/solidanca.cat\/wp-content\/uploads\/2025\/05\/FOTO-NOTICIES-WEB-15.png\" alt=\"\"\/><\/a><\/figure>\n\n\n\n<p>Recibimos a varias empresas, como Amazon o HP, en jornadas de voluntariado corporativo. Una experiencia transformadora que <strong>conecta los valores empresariales con la inclusi\u00f3n y sostenibilidad.<\/strong> <\/p>\n<\/div>\n<\/div>\n\n<hr class=\"wp-block-separator has-text-color has-theme-palette-1-color has-alpha-channel-opacity has-theme-palette-1-background-color has-background is-style-wide\" style=\"margin-top:var(--wp--preset--spacing--30);margin-bottom:var(--wp--preset--spacing--30)\"\/>\n\n<div class=\"wp-block-columns is-layout-flex wp-container-core-columns-is-layout-9d6595d7 wp-block-columns-is-layout-flex\">\n<div class=\"wp-block-column is-layout-flow wp-block-column-is-layout-flow\">\n<div class=\"wp-block-uagb-advanced-heading uagb-block-7cbfc143\"><h4 class=\"uagb-heading-text\"><a href=\"https:\/\/solidanca.cat\/es\/circular4work-ropa-de-trabajo-hecha-a-partir-de-residuos-textiles-que-impulsa-un-modelo-de-produccion-de-ropa-mas-sostenible-y-circular\/\">Circular 4 Work: presentamos ropa de trabajo hecha con residuos textiles postconsumo<\/a><\/h4><\/div>\n\n\n\n<figure class=\"wp-block-image size-full\"><a href=\"https:\/\/solidanca.cat\/es\/circular4work-ropa-de-trabajo-hecha-a-partir-de-residuos-textiles-que-impulsa-un-modelo-de-produccion-de-ropa-mas-sostenible-y-circular\/\"><img loading=\"lazy\" decoding=\"async\" width=\"800\" height=\"400\" src=\"https:\/\/solidanca.cat\/wp-content\/uploads\/2025\/07\/FOTO-NOTICIES-WEB-2-2.png\" alt=\"\" class=\"wp-image-12018\" srcset=\"https:\/\/solidanca.cat\/wp-content\/uploads\/2025\/07\/FOTO-NOTICIES-WEB-2-2.png 800w, https:\/\/solidanca.cat\/wp-content\/uploads\/2025\/07\/FOTO-NOTICIES-WEB-2-2-300x150.png 300w, https:\/\/solidanca.cat\/wp-content\/uploads\/2025\/07\/FOTO-NOTICIES-WEB-2-2-768x384.png 768w\" sizes=\"auto, (max-width: 800px) 100vw, 800px\" \/><\/a><\/figure>\n\n\n\n<p>A trav\u00e9s del proyecto RETEXCAT y en colaboraci\u00f3n con COLEO, impulsamos una <strong>nueva l\u00ednea de ropa laboral 100% reciclada.<\/strong> Circular4work es una apuesta por una producci\u00f3n responsable, local y circular que transforma residuos en soluciones sostenibles y funcionales. <\/p>\n<\/div>\n\n\n\n<div class=\"wp-block-column is-layout-flow wp-block-column-is-layout-flow\">\n<div class=\"wp-block-uagb-advanced-heading uagb-block-919dbde0\"><h4 class=\"uagb-heading-text\"><a href=\"https:\/\/solidanca.cat\/es\/solidanca-participa-en-la-presentacion-del-nuevo-punto-limpio-municipal-de-sant-just-desvern\/\">Participamos en la presentaci\u00f3n del nuevo centro de recogida de Sant Just Desvern<\/a><\/h4><\/div>\n\n\n\n<figure class=\"wp-block-image\"><a href=\"https:\/\/solidanca.cat\/es\/solidanca-participa-en-la-presentacion-del-nuevo-punto-limpio-municipal-de-sant-just-desvern\/\"><img decoding=\"async\" src=\"https:\/\/solidanca.cat\/wp-content\/uploads\/2025\/04\/FOTO-NOTICIES-WEB-2-2-7.png\" alt=\"\"\/><\/a><\/figure>\n\n\n\n<p>El 21 de marzo fuimos parte de la presentaci\u00f3n oficial del nuevo punto limpio municipal. El espacio, gestionado por Solidan\u00e7a, refuerza el <strong>compromiso de Sant Just con la reutilizaci\u00f3n <\/strong>y una gesti\u00f3n de residuos m\u00e1s eficiente y pedag\u00f3gica. <\/p>\n<\/div>\n<\/div>\n\n<div class=\"wp-block-columns is-layout-flex wp-container-core-columns-is-layout-9d6595d7 wp-block-columns-is-layout-flex\">\n<div class=\"wp-block-column is-layout-flow wp-block-column-is-layout-flow\">\n<div class=\"wp-block-uagb-advanced-heading uagb-block-53fe37c7\"><h4 class=\"uagb-heading-text\"><a href=\"https:\/\/solidanca.cat\/es\/exito-de-la-fiesta-del-medio-ambiente-2025-en-el-punto-limpio-de-viladecans-con-moda-sostenible-musica-y-compromiso-ambiental\/\">La Fiesta del Medio Ambiente en Viladecans<\/a><\/h4><\/div>\n\n\n\n<figure class=\"wp-block-image size-full\"><a href=\"https:\/\/solidanca.cat\/es\/exito-de-la-fiesta-del-medio-ambiente-2025-en-el-punto-limpio-de-viladecans-con-moda-sostenible-musica-y-compromiso-ambiental\/\"><img loading=\"lazy\" decoding=\"async\" width=\"800\" height=\"400\" src=\"https:\/\/solidanca.cat\/wp-content\/uploads\/2025\/07\/FOTO-NOTICIES-WEB-1-3.png\" alt=\"\" class=\"wp-image-12010\" srcset=\"https:\/\/solidanca.cat\/wp-content\/uploads\/2025\/07\/FOTO-NOTICIES-WEB-1-3.png 800w, https:\/\/solidanca.cat\/wp-content\/uploads\/2025\/07\/FOTO-NOTICIES-WEB-1-3-300x150.png 300w, https:\/\/solidanca.cat\/wp-content\/uploads\/2025\/07\/FOTO-NOTICIES-WEB-1-3-768x384.png 768w\" sizes=\"auto, (max-width: 800px) 100vw, 800px\" \/><\/a><\/figure>\n\n\n\n<p>El punto limpio de Viladecans se llen\u00f3 de vida con la Fiesta del Medio Ambiente, coorganizada con el Ayuntamiento. <strong>Reivindicamos la reutilizaci\u00f3n textil con un desfile<\/strong> de moda sostenible, m\u00fasica y actividades familiares dentro del marco del Pacto por el Clima. <\/p>\n<\/div>\n\n\n\n<div class=\"wp-block-column is-layout-flow wp-block-column-is-layout-flow\">\n<div class=\"wp-block-uagb-advanced-heading uagb-block-a8a620b8\"><h4 class=\"uagb-heading-text\"><a href=\"https:\/\/solidanca.cat\/es\/solidanca-reivindica-el-trabajo-de-cuidados-con-una-exposicion-interna-para-el-8-de-marzo\/\">8M: exposici\u00f3n interna reivindicando el trabajo de cuidados<\/a><\/h4><\/div>\n\n\n\n<figure class=\"wp-block-image\"><a href=\"https:\/\/solidanca.cat\/es\/solidanca-reivindica-el-trabajo-de-cuidados-con-una-exposicion-interna-para-el-8-de-marzo\/\"><img decoding=\"async\" src=\"https:\/\/solidanca.cat\/wp-content\/uploads\/2025\/04\/FOTO-NOTICIES-WEB-48-4.png\" alt=\"\"\/><\/a><\/figure>\n\n\n\n<p>El <strong>D\u00eda Internacional de la Mujer<\/strong> reflexionamos sobre el trabajo de cuidados con una muestra interna para sensibilizar al personal. Mediante im\u00e1genes, textos y din\u00e1micas, pusimos en valor un trabajo <strong>a menudo invisibilizado<\/strong> y clave para la cohesi\u00f3n social. <\/p>\n<\/div>\n<\/div>\n\n<hr class=\"wp-block-separator has-text-color has-theme-palette-1-color has-alpha-channel-opacity has-theme-palette-1-background-color has-background is-style-wide\" style=\"margin-top:var(--wp--preset--spacing--30);margin-bottom:var(--wp--preset--spacing--30)\"\/>\n\n<p><\/p>\n\n<p>En Solidan\u00e7a seguimos trabajando desde la acci\u00f3n cotidiana, pero tambi\u00e9n desde la participaci\u00f3n activa en espacios colectivos que nos permiten crecer, compartir y construir alternativas con impacto social y ambiental.<\/p>\n\n<p>\ud83d\udd14<strong>\u00bfQuieres estar al d\u00eda de todas las actividades y novedades?<\/strong><br\/>S\u00edguenos en nuestras redes sociales y consulta la web de Solidan\u00e7a, donde publicamos noticias y contenidos semanalmente.<\/p>\n\n<p>\u00a1Gracias por estar ah\u00ed y formar parte del cambio!<\/p>\n","protected":false},"excerpt":{"rendered":"<p>El primer semestre de 2025 en Solidan\u00e7a ha estado lleno de actividad, colaboraciones y aprendizajes. Durante estos seis meses, hemos organizado&#8230;<\/p>\n","protected":false},"author":2,"featured_media":12062,"comment_status":"closed","ping_status":"closed","sticky":false,"template":"","format":"standard","meta":{"_uag_custom_page_level_css":"","_kad_blocks_custom_css":"","_kad_blocks_head_custom_js":"","_kad_blocks_body_custom_js":"","_kad_blocks_footer_custom_js":"","_kad_post_transparent":"","_kad_post_title":"","_kad_post_layout":"","_kad_post_sidebar_id":"","_kad_post_content_style":"","_kad_post_vertical_padding":"","_kad_post_feature":"","_kad_post_feature_position":"","_kad_post_header":false,"_kad_post_footer":false,"_kad_post_classname":"","footnotes":""},"categories":[8],"tags":[],"class_list":["post-12063","post","type-post","status-publish","format-standard","has-post-thumbnail","hentry","category-sin-categorizar"],"taxonomy_info":{"category":[{"value":8,"label":"Sin categorizar"}]},"featured_image_src_large":["https:\/\/solidanca.cat\/wp-content\/uploads\/2025\/08\/FOTO-NOTICIES-WEB-1-1.png",800,400,false],"author_info":{"display_name":"Solidan\u00e7a","author_link":"https:\/\/solidanca.cat\/es\/author\/alberg\/"},"comment_info":0,"category_info":[{"term_id":8,"name":"Sin categorizar","slug":"sin-categorizar","term_group":0,"term_taxonomy_id":8,"taxonomy":"category","description":"","parent":0,"count":199,"filter":"raw","cat_ID":8,"category_count":199,"category_description":"","cat_name":"Sin categorizar","category_nicename":"sin-categorizar","category_parent":0}],"tag_info":false,"uagb_featured_image_src":{"full":["https:\/\/solidanca.cat\/wp-content\/uploads\/2025\/08\/FOTO-NOTICIES-WEB-1-1.png",800,400,false],"thumbnail":["https:\/\/solidanca.cat\/wp-content\/uploads\/2025\/08\/FOTO-NOTICIES-WEB-1-1-150x150.png",150,150,true],"medium":["https:\/\/solidanca.cat\/wp-content\/uploads\/2025\/08\/FOTO-NOTICIES-WEB-1-1-300x150.png",300,150,true],"medium_large":["https:\/\/solidanca.cat\/wp-content\/uploads\/2025\/08\/FOTO-NOTICIES-WEB-1-1-768x384.png",768,384,true],"large":["https:\/\/solidanca.cat\/wp-content\/uploads\/2025\/08\/FOTO-NOTICIES-WEB-1-1.png",800,400,false],"1536x1536":["https:\/\/solidanca.cat\/wp-content\/uploads\/2025\/08\/FOTO-NOTICIES-WEB-1-1.png",800,400,false],"2048x2048":["https:\/\/solidanca.cat\/wp-content\/uploads\/2025\/08\/FOTO-NOTICIES-WEB-1-1.png",800,400,false]},"uagb_author_info":{"display_name":"Solidan\u00e7a","author_link":"https:\/\/solidanca.cat\/es\/author\/alberg\/"},"uagb_comment_info":0,"uagb_excerpt":"El primer semestre de 2025 en Solidan\u00e7a ha estado lleno de actividad, colaboraciones y aprendizajes. Durante estos seis meses, hemos organizado...","_links":{"self":[{"href":"https:\/\/solidanca.cat\/es\/wp-json\/wp\/v2\/posts\/12063","targetHints":{"allow":["GET"]}}],"collection":[{"href":"https:\/\/solidanca.cat\/es\/wp-json\/wp\/v2\/posts"}],"about":[{"href":"https:\/\/solidanca.cat\/es\/wp-json\/wp\/v2\/types\/post"}],"author":[{"embeddable":true,"href":"https:\/\/solidanca.cat\/es\/wp-json\/wp\/v2\/users\/2"}],"replies":[{"embeddable":true,"href":"https:\/\/solidanca.cat\/es\/wp-json\/wp\/v2\/comments?post=12063"}],"version-history":[{"count":1,"href":"https:\/\/solidanca.cat\/es\/wp-json\/wp\/v2\/posts\/12063\/revisions"}],"predecessor-version":[{"id":12064,"href":"https:\/\/solidanca.cat\/es\/wp-json\/wp\/v2\/posts\/12063\/revisions\/12064"}],"wp:featuredmedia":[{"embeddable":true,"href":"https:\/\/solidanca.cat\/es\/wp-json\/wp\/v2\/media\/12062"}],"wp:attachment":[{"href":"https:\/\/solidanca.cat\/es\/wp-json\/wp\/v2\/media?parent=12063"}],"wp:term":[{"taxonomy":"category","embeddable":true,"href":"https:\/\/solidanca.cat\/es\/wp-json\/wp\/v2\/categories?post=12063"},{"taxonomy":"post_tag","embeddable":true,"href":"https:\/\/solidanca.cat\/es\/wp-json\/wp\/v2\/tags?post=12063"}],"curies":[{"name":"wp","href":"https:\/\/api.w.org\/{rel}","templated":true}]}}