{"id":12210,"date":"2025-09-09T08:00:00","date_gmt":"2025-09-09T06:00:00","guid":{"rendered":"https:\/\/solidanca.cat\/?p=12210"},"modified":"2025-09-09T09:40:32","modified_gmt":"2025-09-09T07:40:32","slug":"1-460-toneladas-de-residuos-voluminosos-se-han-recogido-en-mataro-en-el-cuarto-ano-del-servicio-a-domicilio-impulsado-por-solidanca","status":"publish","type":"post","link":"https:\/\/solidanca.cat\/es\/1-460-toneladas-de-residuos-voluminosos-se-han-recogido-en-mataro-en-el-cuarto-ano-del-servicio-a-domicilio-impulsado-por-solidanca\/","title":{"rendered":"1.460 toneladas de residuos voluminosos se han recogido en Matar\u00f3 en el cuarto a\u00f1o del servicio a domicilio impulsado por Solidan\u00e7a"},"content":{"rendered":"\n<p>La ciudad de <a href=\"https:\/\/solidanca.cat\/es\/mataro-refuerza-la-economia-circular-y-la-inclusion-social-con-la-ampliacion-de-la-gestion-de-residuos-de-solidanca\/\">Matar\u00f3<\/a> sigue demostrando su compromiso con el medio ambiente y la econom\u00eda circular. Gracias a la colaboraci\u00f3n entre la ciudadan\u00eda, el Ayuntamiento y la entidad social <strong>Solidan\u00e7a<\/strong>, en 2025 se han recogido <strong>1.457.952 kg de muebles y objetos voluminosos<\/strong> a trav\u00e9s del servicio municipal de recogida a domicilio. <\/p>\n\n<p>Este modelo, en marcha desde 2021, se ha consolidado como una i<strong>niciativa innovadora y ejemplar<\/strong>: la recogida bajo demanda permite preservar los materiales en buen estado y darles una segunda vida. En este \u00faltimo per\u00edodo, entre septiembre de 2024 y agosto de 2025, se han realizado <strong>17.207 servicios de recogida<\/strong>, de los cuales <strong>13.757 kg de residuos<\/strong> han podido ser preparados para su reutilizaci\u00f3n y volver al circuito como art\u00edculos de valor. Gracias a este proceso, muebles y objetos que habr\u00edan terminado incinerados han tenido una segunda vida a trav\u00e9s de la <strong><a href=\"https:\/\/maps.app.goo.gl\/J8D5WvFTLq7KA8vN6\" target=\"_blank\" rel=\"noopener\">tienda de Solidan\u00e7a en Matar\u00f3<\/a> (Ronda de Alfonso X el Sabio, 147)<\/strong>, contribuyendo as\u00ed a una econom\u00eda m\u00e1s circular y sostenible.  <\/p>\n\n<p>El papel de Solidan\u00e7a ha sido clave para conseguir ese \u00e9xito. La entidad no s\u00f3lo garantiza una gesti\u00f3n ambientalmente responsable, sino que tambi\u00e9n transforma el servicio en una <strong>herramienta de inclusi\u00f3n social<\/strong>: este a\u00f1o se han creado <strong>puestos de trabajo para personas en situaci\u00f3n de vulnerabilidad<\/strong>, que han estado acompa\u00f1adas en itinerarios de inserci\u00f3n sociolaboral personalizados. <\/p>\n\n<p>Adem\u00e1s de la recogida de voluminosos, Solidan\u00e7a colabora con el Ayuntamiento de Matar\u00f3 en otros \u00e1mbitos clave para la sostenibilidad: la <strong>recogida y gesti\u00f3n de residuo textil<\/strong> a trav\u00e9s del programa Ropa Amiga, la gesti\u00f3n de <strong><a href=\"https:\/\/solidanca.cat\/es\/mataro-refuerza-la-economia-circular-y-la-inclusion-social-con-la-ampliacion-de-la-gestion-de-residuos-de-solidanca\/\">tres puntos limpios (uno de ellos m\u00f3vil)<\/a><\/strong> y la dinamizaci\u00f3n de su tienda de segunda mano. Estos proyectos refuerzan el compromiso compartido de avanzar hacia una ciudad m\u00e1s sostenible y justa, impulsando una econom\u00eda social y circular. <\/p>\n\n<p>Este modelo de \u00e9xito es posible gracias a una ciudadan\u00eda comprometida, un ayuntamiento implicado y una entidad que, como Solidan\u00e7a, demuestra que la gesti\u00f3n de residuos puede ser a la vez una oportunidad ambiental y social.<\/p>\n\n<figure class=\"wp-block-image size-full is-resized\"><img loading=\"lazy\" decoding=\"async\" width=\"891\" height=\"227\" src=\"https:\/\/solidanca.cat\/wp-content\/uploads\/2025\/08\/FRASES-Insta-@treball_solidanca-1080-x-1350-px-1.png\" alt=\"\" class=\"wp-image-12160\" style=\"width:254px;height:auto\" srcset=\"https:\/\/solidanca.cat\/wp-content\/uploads\/2025\/08\/FRASES-Insta-@treball_solidanca-1080-x-1350-px-1.png 891w, https:\/\/solidanca.cat\/wp-content\/uploads\/2025\/08\/FRASES-Insta-@treball_solidanca-1080-x-1350-px-1-300x76.png 300w, https:\/\/solidanca.cat\/wp-content\/uploads\/2025\/08\/FRASES-Insta-@treball_solidanca-1080-x-1350-px-1-768x196.png 768w\" sizes=\"auto, (max-width: 891px) 100vw, 891px\" \/><\/figure>\n\n<p><\/p>\n","protected":false},"excerpt":{"rendered":"<p>La ciudad de Matar\u00f3 sigue demostrando su compromiso con el medio ambiente y la econom\u00eda circular. Gracias a la colaboraci\u00f3n entre&#8230;<\/p>\n","protected":false},"author":2,"featured_media":12163,"comment_status":"closed","ping_status":"closed","sticky":false,"template":"","format":"standard","meta":{"_uag_custom_page_level_css":"","_kad_blocks_custom_css":"","_kad_blocks_head_custom_js":"","_kad_blocks_body_custom_js":"","_kad_blocks_footer_custom_js":"","_kad_post_transparent":"","_kad_post_title":"","_kad_post_layout":"","_kad_post_sidebar_id":"","_kad_post_content_style":"","_kad_post_vertical_padding":"","_kad_post_feature":"","_kad_post_feature_position":"","_kad_post_header":false,"_kad_post_footer":false,"_kad_post_classname":"","footnotes":""},"categories":[834,841,824],"tags":[860,846,836,819,861],"class_list":["post-12210","post","type-post","status-publish","format-standard","has-post-thumbnail","hentry","category-roba-amiga-es-2","category-solidanca-es","category-sostenibilidad","tag-mataro-es","tag-medio-ambiente","tag-roba-amiga-es","tag-solidanca-es","tag-voluminosos-es"],"taxonomy_info":{"category":[{"value":834,"label":"Roba Amiga"},{"value":841,"label":"Solidan\u00e7a"},{"value":824,"label":"Sostenibilidad"}],"post_tag":[{"value":860,"label":"Matar\u00f3"},{"value":846,"label":"medio ambiente"},{"value":836,"label":"Roba Amiga"},{"value":819,"label":"Solidan\u00e7a"},{"value":861,"label":"Voluminosos"}]},"featured_image_src_large":["https:\/\/solidanca.cat\/wp-content\/uploads\/2025\/08\/FOTO-NOTICIES-WEB-3.png",800,400,false],"author_info":{"display_name":"Solidan\u00e7a","author_link":"https:\/\/solidanca.cat\/es\/author\/alberg\/"},"comment_info":0,"category_info":[{"term_id":834,"name":"Roba Amiga","slug":"roba-amiga-es-2","term_group":0,"term_taxonomy_id":834,"taxonomy":"category","description":"","parent":0,"count":7,"filter":"raw","cat_ID":834,"category_count":7,"category_description":"","cat_name":"Roba Amiga","category_nicename":"roba-amiga-es-2","category_parent":0},{"term_id":841,"name":"Solidan\u00e7a","slug":"solidanca-es","term_group":0,"term_taxonomy_id":841,"taxonomy":"category","description":"","parent":0,"count":13,"filter":"raw","cat_ID":841,"category_count":13,"category_description":"","cat_name":"Solidan\u00e7a","category_nicename":"solidanca-es","category_parent":0},{"term_id":824,"name":"Sostenibilidad","slug":"sostenibilidad","term_group":0,"term_taxonomy_id":824,"taxonomy":"category","description":"","parent":0,"count":18,"filter":"raw","cat_ID":824,"category_count":18,"category_description":"","cat_name":"Sostenibilidad","category_nicename":"sostenibilidad","category_parent":0}],"tag_info":[{"term_id":860,"name":"Matar\u00f3","slug":"mataro-es","term_group":0,"term_taxonomy_id":860,"taxonomy":"post_tag","description":"","parent":0,"count":1,"filter":"raw"},{"term_id":846,"name":"medio ambiente","slug":"medio-ambiente","term_group":0,"term_taxonomy_id":846,"taxonomy":"post_tag","description":"","parent":0,"count":18,"filter":"raw"},{"term_id":836,"name":"Roba Amiga","slug":"roba-amiga-es","term_group":0,"term_taxonomy_id":836,"taxonomy":"post_tag","description":"","parent":0,"count":11,"filter":"raw"},{"term_id":819,"name":"Solidan\u00e7a","slug":"solidanca-es","term_group":0,"term_taxonomy_id":819,"taxonomy":"post_tag","description":"","parent":0,"count":53,"filter":"raw"},{"term_id":861,"name":"Voluminosos","slug":"voluminosos-es","term_group":0,"term_taxonomy_id":861,"taxonomy":"post_tag","description":"","parent":0,"count":4,"filter":"raw"}],"uagb_featured_image_src":{"full":["https:\/\/solidanca.cat\/wp-content\/uploads\/2025\/08\/FOTO-NOTICIES-WEB-3.png",800,400,false],"thumbnail":["https:\/\/solidanca.cat\/wp-content\/uploads\/2025\/08\/FOTO-NOTICIES-WEB-3-150x150.png",150,150,true],"medium":["https:\/\/solidanca.cat\/wp-content\/uploads\/2025\/08\/FOTO-NOTICIES-WEB-3-300x150.png",300,150,true],"medium_large":["https:\/\/solidanca.cat\/wp-content\/uploads\/2025\/08\/FOTO-NOTICIES-WEB-3-768x384.png",768,384,true],"large":["https:\/\/solidanca.cat\/wp-content\/uploads\/2025\/08\/FOTO-NOTICIES-WEB-3.png",800,400,false],"1536x1536":["https:\/\/solidanca.cat\/wp-content\/uploads\/2025\/08\/FOTO-NOTICIES-WEB-3.png",800,400,false],"2048x2048":["https:\/\/solidanca.cat\/wp-content\/uploads\/2025\/08\/FOTO-NOTICIES-WEB-3.png",800,400,false]},"uagb_author_info":{"display_name":"Solidan\u00e7a","author_link":"https:\/\/solidanca.cat\/es\/author\/alberg\/"},"uagb_comment_info":0,"uagb_excerpt":"La ciudad de Matar\u00f3 sigue demostrando su compromiso con el medio ambiente y la econom\u00eda circular. Gracias a la colaboraci\u00f3n entre...","_links":{"self":[{"href":"https:\/\/solidanca.cat\/es\/wp-json\/wp\/v2\/posts\/12210","targetHints":{"allow":["GET"]}}],"collection":[{"href":"https:\/\/solidanca.cat\/es\/wp-json\/wp\/v2\/posts"}],"about":[{"href":"https:\/\/solidanca.cat\/es\/wp-json\/wp\/v2\/types\/post"}],"author":[{"embeddable":true,"href":"https:\/\/solidanca.cat\/es\/wp-json\/wp\/v2\/users\/2"}],"replies":[{"embeddable":true,"href":"https:\/\/solidanca.cat\/es\/wp-json\/wp\/v2\/comments?post=12210"}],"version-history":[{"count":1,"href":"https:\/\/solidanca.cat\/es\/wp-json\/wp\/v2\/posts\/12210\/revisions"}],"predecessor-version":[{"id":12211,"href":"https:\/\/solidanca.cat\/es\/wp-json\/wp\/v2\/posts\/12210\/revisions\/12211"}],"wp:featuredmedia":[{"embeddable":true,"href":"https:\/\/solidanca.cat\/es\/wp-json\/wp\/v2\/media\/12163"}],"wp:attachment":[{"href":"https:\/\/solidanca.cat\/es\/wp-json\/wp\/v2\/media?parent=12210"}],"wp:term":[{"taxonomy":"category","embeddable":true,"href":"https:\/\/solidanca.cat\/es\/wp-json\/wp\/v2\/categories?post=12210"},{"taxonomy":"post_tag","embeddable":true,"href":"https:\/\/solidanca.cat\/es\/wp-json\/wp\/v2\/tags?post=12210"}],"curies":[{"name":"wp","href":"https:\/\/api.w.org\/{rel}","templated":true}]}}