{"id":12640,"date":"2025-10-29T14:00:00","date_gmt":"2025-10-29T13:00:00","guid":{"rendered":"https:\/\/solidanca.cat\/?p=12640"},"modified":"2026-03-17T14:22:31","modified_gmt":"2026-03-17T13:22:31","slug":"solidanca-pone-en-marcha-un-nuevo-programa-de-insercion-en-el-baix-llobregat","status":"publish","type":"post","link":"https:\/\/solidanca.cat\/es\/solidanca-pone-en-marcha-un-nuevo-programa-de-insercion-en-el-baix-llobregat\/","title":{"rendered":"Solidan\u00e7a pone en marcha un nuevo programa de inserci\u00f3n en el Baix Llobregat"},"content":{"rendered":"\n<p>Fundaci\u00f3 Solidan\u00e7a ha sido seleccionada para desarrollar el Programa de Medidas Actives de Inserci\u00f3n (MAIS) en el Baix Llobregat. Se trata de una iniciativa gratuita pensada para acompa\u00f1ar a personas perceptoras la Renta Garantizada de Ciudadan\u00eda (RGC) o con Informe de Riesgo de Exclusi\u00f3n Social (IRES) a encontrar nuevas oportunidades laborales y profesionales.<\/p>\n\n\n\n<div class=\"wp-block-uagb-advanced-heading uagb-block-e65f5836\"><h2 class=\"uagb-heading-text\">Detalles del programa<\/h2><\/div>\n\n\n\n<p>El Programa MAIS tendr\u00e1 una duraci\u00f3n de 8 meses y ofrecer\u00e1 30 plazas para personas del territorio. Las sesiones y actividades se desarrollar\u00e1n en el Centro de Formaci\u00f3n de Solidanza en Sant Just Desvern, combinando orientaci\u00f3n, formaci\u00f3n, pr\u00e1cticas profesionales y acompa\u00f1amiento personalizado para ayudar a cada participante a encontrar su camino hacia el empleo.<\/p>\n\n\n\n<div class=\"wp-block-uagb-advanced-heading uagb-block-00354cad\"><h2 class=\"uagb-heading-text\">C\u00f3mo funciona<\/h2><\/div>\n\n\n\n<p>El proyecto se divide en diferentes blogs para que las personas puedan aprender, prepararse y practicar antes de salir al mundo laboral:<\/p>\n\n\n\n<ul class=\"wp-block-list\">\n<li>Bloque 0 &#8211; Competencias clave: conocer el contexto laboral, los derechos y deberes y motivarse para afrontar nuevos retos.<\/li>\n\n\n\n<li>Bloque 1 &#8211; Plan individual de inserci\u00f3n: descubrir sus habilidades, intereses y oportunidades que ofrece el mercado laboral.<\/li>\n\n\n\n<li>Bloque 2 \u2013 B\u00fasqueda de trabajo: aprender a realizar un buen CV, prepararse para entrevistas y explorar v\u00edas de autoempleo.<\/li>\n\n\n\n<li>Bloque 3 \u2013 Formaci\u00f3n y pr\u00e1cticas: reforzar competencias transversales y digitales, y realizar pr\u00e1cticas en empresas locales para ganar experiencia.<\/li>\n<\/ul>\n\n\n\n<p>Todo esto con acompa\u00f1amiento personalizado, tutor\u00edas individuales y sesiones grupales para reforzar el aprendizaje y poder atender las necesidades de cada persona.<\/p>\n\n\n\n<div class=\"wp-block-uagb-advanced-heading uagb-block-f1695196\"><h2 class=\"uagb-heading-text\">Quien puede participar<\/h2><\/div>\n\n\n\n<p>El programa est\u00e1 pensado especialmente para personas:<\/p>\n\n\n\n<ul class=\"wp-block-list\">\n<li>Que perciben la Renta Garantizada de Ciudadan\u00eda (RGC)<\/li>\n\n\n\n<li>Que tienen Informe de Riesgo de Exclusi\u00f3n Social (IRES)<\/li>\n\n\n\n<li>Que est\u00e1n en situaci\u00f3n de paro y quieren mejorar sus oportunidades laborales<\/li>\n<\/ul>\n\n\n\n<div class=\"wp-block-uagb-advanced-heading uagb-block-d5826baf\"><h2 class=\"uagb-heading-text\">C\u00f3mo inscribirse o derivar participantes<\/h2><\/div>\n\n\n\n<p>Si conoces a alguien que pueda beneficiarse del programa, puedes ponerte en contacto con Fundaci\u00f3 Solidan\u00e7a:<\/p>\n\n\n\n<p>\ud83d\udce7 paloma.carrion@solidanca.cat<br>\ud83d\udcde +34 663 84 59 60<\/p>\n\n\n\n<p>Con este programa, Solidan\u00e7a quiere dar herramientas reales para crecer profesionalmente y recuperar la confianza, conectando a las personas con el tejido empresarial del territorio y ofreciendo oportunidades de crecimiento a corto y largo plazo.<\/p>\n\n\n<style>.kb-image12640_2cbdfb-bb.kb-image-is-ratio-size, .kb-image12640_2cbdfb-bb .kb-image-is-ratio-size{max-width:568px;width:100%;}.wp-block-kadence-column > .kt-inside-inner-col > .kb-image12640_2cbdfb-bb.kb-image-is-ratio-size, .wp-block-kadence-column > .kt-inside-inner-col > .kb-image12640_2cbdfb-bb .kb-image-is-ratio-size{align-self:unset;}.kb-image12640_2cbdfb-bb{max-width:568px;}.image-is-svg.kb-image12640_2cbdfb-bb{-webkit-flex:0 1 100%;flex:0 1 100%;}.image-is-svg.kb-image12640_2cbdfb-bb img{width:100%;}.kb-image12640_2cbdfb-bb .kb-image-has-overlay:after{opacity:0.3;}<\/style>\n<figure class=\"wp-block-kadence-image kb-image12640_2cbdfb-bb size-large\"><img loading=\"lazy\" decoding=\"async\" width=\"1024\" height=\"165\" src=\"https:\/\/solidanca.cat\/wp-content\/uploads\/2025\/10\/MAIS-1-1024x165.png\" alt=\"\" class=\"kb-img wp-image-13717\" srcset=\"https:\/\/solidanca.cat\/wp-content\/uploads\/2025\/10\/MAIS-1-1024x165.png 1024w, https:\/\/solidanca.cat\/wp-content\/uploads\/2025\/10\/MAIS-1-300x48.png 300w, https:\/\/solidanca.cat\/wp-content\/uploads\/2025\/10\/MAIS-1-768x124.png 768w, https:\/\/solidanca.cat\/wp-content\/uploads\/2025\/10\/MAIS-1-1536x248.png 1536w, https:\/\/solidanca.cat\/wp-content\/uploads\/2025\/10\/MAIS-1-2048x330.png 2048w\" sizes=\"auto, (max-width: 1024px) 100vw, 1024px\" \/><\/figure>\n\n\n\n<p><\/p>\n","protected":false},"excerpt":{"rendered":"<p>Fundaci\u00f3 Solidan\u00e7a ha sido seleccionada para desarrollar el Programa de Medidas Actives de Inserci\u00f3n (MAIS) en el Baix Llobregat. Se trata&#8230;<\/p>\n","protected":false},"author":2,"featured_media":13719,"comment_status":"closed","ping_status":"closed","sticky":false,"template":"","format":"standard","meta":{"_uag_custom_page_level_css":"","_kad_blocks_custom_css":"","_kad_blocks_head_custom_js":"","_kad_blocks_body_custom_js":"","_kad_blocks_footer_custom_js":"","_kad_post_transparent":"","_kad_post_title":"","_kad_post_layout":"","_kad_post_sidebar_id":"","_kad_post_content_style":"","_kad_post_vertical_padding":"","_kad_post_feature":"","_kad_post_feature_position":"","_kad_post_header":false,"_kad_post_footer":false,"_kad_post_classname":"","footnotes":""},"categories":[758,841],"tags":[820,822,819],"class_list":["post-12640","post","type-post","status-publish","format-standard","has-post-thumbnail","hentry","category-formacion","category-solidanca-es","tag-insercion","tag-social-es","tag-solidanca-es"],"taxonomy_info":{"category":[{"value":758,"label":"Formaci\u00f3n"},{"value":841,"label":"Solidan\u00e7a"}],"post_tag":[{"value":820,"label":"Insercion"},{"value":822,"label":"social"},{"value":819,"label":"Solidan\u00e7a"}]},"featured_image_src_large":["https:\/\/solidanca.cat\/wp-content\/uploads\/2025\/10\/FOTO-NOTICIES-WEB-24.png",800,400,false],"author_info":{"display_name":"Solidan\u00e7a","author_link":"https:\/\/solidanca.cat\/es\/author\/alberg\/"},"comment_info":0,"category_info":[{"term_id":758,"name":"Formaci\u00f3n","slug":"formacion","term_group":0,"term_taxonomy_id":758,"taxonomy":"category","description":"","parent":0,"count":107,"filter":"raw","cat_ID":758,"category_count":107,"category_description":"","cat_name":"Formaci\u00f3n","category_nicename":"formacion","category_parent":0},{"term_id":841,"name":"Solidan\u00e7a","slug":"solidanca-es","term_group":0,"term_taxonomy_id":841,"taxonomy":"category","description":"","parent":0,"count":13,"filter":"raw","cat_ID":841,"category_count":13,"category_description":"","cat_name":"Solidan\u00e7a","category_nicename":"solidanca-es","category_parent":0}],"tag_info":[{"term_id":820,"name":"Insercion","slug":"insercion","term_group":0,"term_taxonomy_id":820,"taxonomy":"post_tag","description":"","parent":0,"count":9,"filter":"raw"},{"term_id":822,"name":"social","slug":"social-es","term_group":0,"term_taxonomy_id":822,"taxonomy":"post_tag","description":"","parent":0,"count":21,"filter":"raw"},{"term_id":819,"name":"Solidan\u00e7a","slug":"solidanca-es","term_group":0,"term_taxonomy_id":819,"taxonomy":"post_tag","description":"","parent":0,"count":55,"filter":"raw"}],"uagb_featured_image_src":{"full":["https:\/\/solidanca.cat\/wp-content\/uploads\/2025\/10\/FOTO-NOTICIES-WEB-24.png",800,400,false],"thumbnail":["https:\/\/solidanca.cat\/wp-content\/uploads\/2025\/10\/FOTO-NOTICIES-WEB-24-150x150.png",150,150,true],"medium":["https:\/\/solidanca.cat\/wp-content\/uploads\/2025\/10\/FOTO-NOTICIES-WEB-24-300x150.png",300,150,true],"medium_large":["https:\/\/solidanca.cat\/wp-content\/uploads\/2025\/10\/FOTO-NOTICIES-WEB-24-768x384.png",768,384,true],"large":["https:\/\/solidanca.cat\/wp-content\/uploads\/2025\/10\/FOTO-NOTICIES-WEB-24.png",800,400,false],"1536x1536":["https:\/\/solidanca.cat\/wp-content\/uploads\/2025\/10\/FOTO-NOTICIES-WEB-24.png",800,400,false],"2048x2048":["https:\/\/solidanca.cat\/wp-content\/uploads\/2025\/10\/FOTO-NOTICIES-WEB-24.png",800,400,false]},"uagb_author_info":{"display_name":"Solidan\u00e7a","author_link":"https:\/\/solidanca.cat\/es\/author\/alberg\/"},"uagb_comment_info":0,"uagb_excerpt":"Fundaci\u00f3 Solidan\u00e7a ha sido seleccionada para desarrollar el Programa de Medidas Actives de Inserci\u00f3n (MAIS) en el Baix Llobregat. Se trata...","_links":{"self":[{"href":"https:\/\/solidanca.cat\/es\/wp-json\/wp\/v2\/posts\/12640","targetHints":{"allow":["GET"]}}],"collection":[{"href":"https:\/\/solidanca.cat\/es\/wp-json\/wp\/v2\/posts"}],"about":[{"href":"https:\/\/solidanca.cat\/es\/wp-json\/wp\/v2\/types\/post"}],"author":[{"embeddable":true,"href":"https:\/\/solidanca.cat\/es\/wp-json\/wp\/v2\/users\/2"}],"replies":[{"embeddable":true,"href":"https:\/\/solidanca.cat\/es\/wp-json\/wp\/v2\/comments?post=12640"}],"version-history":[{"count":3,"href":"https:\/\/solidanca.cat\/es\/wp-json\/wp\/v2\/posts\/12640\/revisions"}],"predecessor-version":[{"id":13724,"href":"https:\/\/solidanca.cat\/es\/wp-json\/wp\/v2\/posts\/12640\/revisions\/13724"}],"wp:featuredmedia":[{"embeddable":true,"href":"https:\/\/solidanca.cat\/es\/wp-json\/wp\/v2\/media\/13719"}],"wp:attachment":[{"href":"https:\/\/solidanca.cat\/es\/wp-json\/wp\/v2\/media?parent=12640"}],"wp:term":[{"taxonomy":"category","embeddable":true,"href":"https:\/\/solidanca.cat\/es\/wp-json\/wp\/v2\/categories?post=12640"},{"taxonomy":"post_tag","embeddable":true,"href":"https:\/\/solidanca.cat\/es\/wp-json\/wp\/v2\/tags?post=12640"}],"curies":[{"name":"wp","href":"https:\/\/api.w.org\/{rel}","templated":true}]}}