{"id":12890,"date":"2025-12-12T08:00:00","date_gmt":"2025-12-12T07:00:00","guid":{"rendered":"https:\/\/solidanca.cat\/?p=12890"},"modified":"2025-11-26T10:58:49","modified_gmt":"2025-11-26T09:58:49","slug":"exit-dels-punts-informatius-de-la-campanya-altres-residus-a-mataro","status":"publish","type":"post","link":"https:\/\/solidanca.cat\/es\/exit-dels-punts-informatius-de-la-campanya-altres-residus-a-mataro\/","title":{"rendered":"\u00c9xito de los puntos informativos de la campa\u00f1a \u00abOtros Residuos\u00bb en Matar\u00f3\u00a0"},"content":{"rendered":"\n<p>Durante<strong> 18 d\u00edas <\/strong>del mes de octubre y noviembre, Solidan\u00e7a despleg\u00f3 en Matar\u00f3 la campa\u00f1a <strong>\u00abOtros residuos\u00bb<\/strong>, una iniciativa clave del proyecto Matar\u00f3 Neta para mejorar la gesti\u00f3n y la prevenci\u00f3n de los residuos especiales en el municipio.&nbsp;<\/p>\n\n\n\n<p>Gracias a los puntos informativos situados en diferentes barrios, plazas y zonas de paso, s<strong>e han atendido e informado a 425 personas<\/strong>, que han podido conocer de primera mano los servicios y espacios que la ciudad pone a su alcance para gestionar correctamente residuos como <strong>ropa, aceite de cocina, peque\u00f1os voluminosos, RAEEs, <\/strong>y otras fracciones que no pueden ir al contenedor de resto.&nbsp;<\/p>\n\n\n<div class=\"wp-block-image\">\n<figure class=\"alignright size-large is-resized\"><img loading=\"lazy\" decoding=\"async\" width=\"768\" height=\"1024\" src=\"https:\/\/solidanca.cat\/wp-content\/uploads\/2025\/11\/WhatsApp-Image-2025-10-21-at-18.00.55-768x1024.jpeg\" alt=\"\" class=\"wp-image-12895\" style=\"width:337px;height:auto\" srcset=\"https:\/\/solidanca.cat\/wp-content\/uploads\/2025\/11\/WhatsApp-Image-2025-10-21-at-18.00.55-768x1024.jpeg 768w, https:\/\/solidanca.cat\/wp-content\/uploads\/2025\/11\/WhatsApp-Image-2025-10-21-at-18.00.55-225x300.jpeg 225w, https:\/\/solidanca.cat\/wp-content\/uploads\/2025\/11\/WhatsApp-Image-2025-10-21-at-18.00.55-1152x1536.jpeg 1152w, https:\/\/solidanca.cat\/wp-content\/uploads\/2025\/11\/WhatsApp-Image-2025-10-21-at-18.00.55.jpeg 1200w\" sizes=\"auto, (max-width: 768px) 100vw, 768px\" \/><\/figure>\n<\/div>\n\n\n<p><strong>\u00bfPor qu\u00e9 son importantes estos puntos informativos?\u00a0<\/strong><\/p>\n\n\n\n<p>ELos \u00abotros residuos\u00bb representan casi <strong>el 40%<\/strong> de los residuos municipales, y la mayor parte se pueden recuperar, reutilizar o reciclar si se gestionan adecuadamente. La campa\u00f1a ha tenido como objetivo:&nbsp;<\/p>\n\n\n\n<ul class=\"wp-block-list\">\n<li><strong>Reforzar el conocimiento<\/strong> sobre\u00a0los puntos\u00a0limpio\u00a0fijos\u00a0y m\u00f3viles de la ciudad.\u00a0<\/li>\n<\/ul>\n\n\n\n<ul class=\"wp-block-list\">\n<li>Dar a conocer <strong>la red de contenedores de ropa<\/strong>, ampliada recientemente con 25 nuevos puntos.\u00a0<\/li>\n<\/ul>\n\n\n\n<ul class=\"wp-block-list\">\n<li>Explicar el funcionamiento de los <strong>nuevos contenedores de aceite dom\u00e9stico<\/strong>, que ya se pueden abrir con llavero.\u00a0<\/li>\n<\/ul>\n\n\n\n<ul class=\"wp-block-list\">\n<li>Presentar el servicio de <strong>autorreparaci\u00f3n<\/strong>, que ayuda a la ciudadan\u00eda a reaprovechar objetos y reducir residuos.\u00a0<br><\/li>\n\n\n\n<li>Combatir la desinformaci\u00f3n y facilitar que cualquier persona sepa <strong>d\u00f3nde llevar cada residuo.<\/strong>\u00a0<\/li>\n<\/ul>\n\n\n\n<p>Los puntos informativos, dinamizados por nuestro equipo, han permitido resolver dudas, ofrecer materiales divulgativos y recoger inquietudes y propuestas de mejora de la ciudadan\u00eda.&nbsp;<\/p>\n\n\n\n<p>Desde Solidan\u00e7a queremos agradecer la participaci\u00f3n de todas las personas que se han acercado a los puntos informativos y han mostrado inter\u00e9s por mejorar la gesti\u00f3n de los residuos de Matar\u00f3.&nbsp;<\/p>\n\n\n\n<p>Continuaremos trabajando para hacer posible una econom\u00eda circular real y para ofrecer herramientas que faciliten a la ciudadan\u00eda poner su granito de arena para proteger el medio ambiente.&nbsp;<\/p>\n\n\n\n<figure class=\"wp-block-image size-large is-resized\"><img loading=\"lazy\" decoding=\"async\" width=\"1024\" height=\"128\" src=\"https:\/\/solidanca.cat\/wp-content\/uploads\/2025\/11\/FRASES-Insta-@treball_solidanca-1080-x-1350-px-1024x128.png\" alt=\"\" class=\"wp-image-12891\" style=\"width:697px;height:auto\" srcset=\"https:\/\/solidanca.cat\/wp-content\/uploads\/2025\/11\/FRASES-Insta-@treball_solidanca-1080-x-1350-px-1024x128.png 1024w, https:\/\/solidanca.cat\/wp-content\/uploads\/2025\/11\/FRASES-Insta-@treball_solidanca-1080-x-1350-px-300x38.png 300w, https:\/\/solidanca.cat\/wp-content\/uploads\/2025\/11\/FRASES-Insta-@treball_solidanca-1080-x-1350-px-768x96.png 768w, https:\/\/solidanca.cat\/wp-content\/uploads\/2025\/11\/FRASES-Insta-@treball_solidanca-1080-x-1350-px-1536x192.png 1536w, https:\/\/solidanca.cat\/wp-content\/uploads\/2025\/11\/FRASES-Insta-@treball_solidanca-1080-x-1350-px.png 1758w\" sizes=\"auto, (max-width: 1024px) 100vw, 1024px\" \/><\/figure>\n","protected":false},"excerpt":{"rendered":"<p>Durante 18 d\u00edas del mes de octubre y noviembre, Solidan\u00e7a despleg\u00f3 en Matar\u00f3 la campa\u00f1a \u00abOtros residuos\u00bb, una iniciativa clave del&#8230;<\/p>\n","protected":false},"author":2,"featured_media":12893,"comment_status":"closed","ping_status":"closed","sticky":false,"template":"","format":"standard","meta":{"_uag_custom_page_level_css":"","_kad_blocks_custom_css":"","_kad_blocks_head_custom_js":"","_kad_blocks_body_custom_js":"","_kad_blocks_footer_custom_js":"","_kad_post_transparent":"","_kad_post_title":"","_kad_post_layout":"","_kad_post_sidebar_id":"","_kad_post_content_style":"","_kad_post_vertical_padding":"","_kad_post_feature":"","_kad_post_feature_position":"","_kad_post_header":false,"_kad_post_footer":false,"_kad_post_classname":"","footnotes":""},"categories":[761],"tags":[],"class_list":["post-12890","post","type-post","status-publish","format-standard","has-post-thumbnail","hentry","category-medio-ambiente"],"taxonomy_info":{"category":[{"value":761,"label":"MEDIO AMBIENTE"}]},"featured_image_src_large":["https:\/\/solidanca.cat\/wp-content\/uploads\/2025\/11\/FOTO-NOTICIES-WEB-1-2.png",800,400,false],"author_info":{"display_name":"Solidan\u00e7a","author_link":"https:\/\/solidanca.cat\/es\/author\/alberg\/"},"comment_info":0,"category_info":[{"term_id":761,"name":"MEDIO AMBIENTE","slug":"medio-ambiente","term_group":0,"term_taxonomy_id":761,"taxonomy":"category","description":"","parent":0,"count":263,"filter":"raw","cat_ID":761,"category_count":263,"category_description":"","cat_name":"MEDIO AMBIENTE","category_nicename":"medio-ambiente","category_parent":0}],"tag_info":false,"uagb_featured_image_src":{"full":["https:\/\/solidanca.cat\/wp-content\/uploads\/2025\/11\/FOTO-NOTICIES-WEB-1-2.png",800,400,false],"thumbnail":["https:\/\/solidanca.cat\/wp-content\/uploads\/2025\/11\/FOTO-NOTICIES-WEB-1-2-150x150.png",150,150,true],"medium":["https:\/\/solidanca.cat\/wp-content\/uploads\/2025\/11\/FOTO-NOTICIES-WEB-1-2-300x150.png",300,150,true],"medium_large":["https:\/\/solidanca.cat\/wp-content\/uploads\/2025\/11\/FOTO-NOTICIES-WEB-1-2-768x384.png",768,384,true],"large":["https:\/\/solidanca.cat\/wp-content\/uploads\/2025\/11\/FOTO-NOTICIES-WEB-1-2.png",800,400,false],"1536x1536":["https:\/\/solidanca.cat\/wp-content\/uploads\/2025\/11\/FOTO-NOTICIES-WEB-1-2.png",800,400,false],"2048x2048":["https:\/\/solidanca.cat\/wp-content\/uploads\/2025\/11\/FOTO-NOTICIES-WEB-1-2.png",800,400,false]},"uagb_author_info":{"display_name":"Solidan\u00e7a","author_link":"https:\/\/solidanca.cat\/es\/author\/alberg\/"},"uagb_comment_info":0,"uagb_excerpt":"Durante 18 d\u00edas del mes de octubre y noviembre, Solidan\u00e7a despleg\u00f3 en Matar\u00f3 la campa\u00f1a \u00abOtros residuos\u00bb, una iniciativa clave del...","_links":{"self":[{"href":"https:\/\/solidanca.cat\/es\/wp-json\/wp\/v2\/posts\/12890","targetHints":{"allow":["GET"]}}],"collection":[{"href":"https:\/\/solidanca.cat\/es\/wp-json\/wp\/v2\/posts"}],"about":[{"href":"https:\/\/solidanca.cat\/es\/wp-json\/wp\/v2\/types\/post"}],"author":[{"embeddable":true,"href":"https:\/\/solidanca.cat\/es\/wp-json\/wp\/v2\/users\/2"}],"replies":[{"embeddable":true,"href":"https:\/\/solidanca.cat\/es\/wp-json\/wp\/v2\/comments?post=12890"}],"version-history":[{"count":2,"href":"https:\/\/solidanca.cat\/es\/wp-json\/wp\/v2\/posts\/12890\/revisions"}],"predecessor-version":[{"id":12901,"href":"https:\/\/solidanca.cat\/es\/wp-json\/wp\/v2\/posts\/12890\/revisions\/12901"}],"wp:featuredmedia":[{"embeddable":true,"href":"https:\/\/solidanca.cat\/es\/wp-json\/wp\/v2\/media\/12893"}],"wp:attachment":[{"href":"https:\/\/solidanca.cat\/es\/wp-json\/wp\/v2\/media?parent=12890"}],"wp:term":[{"taxonomy":"category","embeddable":true,"href":"https:\/\/solidanca.cat\/es\/wp-json\/wp\/v2\/categories?post=12890"},{"taxonomy":"post_tag","embeddable":true,"href":"https:\/\/solidanca.cat\/es\/wp-json\/wp\/v2\/tags?post=12890"}],"curies":[{"name":"wp","href":"https:\/\/api.w.org\/{rel}","templated":true}]}}