{"id":13004,"date":"2025-12-23T18:48:14","date_gmt":"2025-12-23T17:48:14","guid":{"rendered":"https:\/\/solidanca.cat\/?p=13004"},"modified":"2025-12-10T15:30:42","modified_gmt":"2025-12-10T14:30:42","slug":"un-ano-de-la-creu-de-sant-jordi-reafirmando-nuestro-compromiso-con-las-personas","status":"publish","type":"post","link":"https:\/\/solidanca.cat\/es\/un-ano-de-la-creu-de-sant-jordi-reafirmando-nuestro-compromiso-con-las-personas\/","title":{"rendered":"Un a\u00f1o de la Creu de Sant Jordi: reafirmando nuestro compromiso con las personas"},"content":{"rendered":"\n<p>Con el cierre del 2025 es inevitable mirar atr\u00e1s y recordar uno de los momentos m\u00e1s significativos de nuestra trayectoria: la Creu de Sant Jordi 2024 que otorga la Generalitat de Catalunya. Un galard\u00f3n que, m\u00e1s all\u00e1 de reconocer la tarea de Solidan\u00e7a en la inserci\u00f3n sociolaboral y la construcci\u00f3n de una sociedad m\u00e1s igualitaria y justa, representa tambi\u00e9n un homenaje a todas las personas que han puesto su grano de arena y han confiado en nuestros proyectos durante todos estos a\u00f1os.<\/p>\n\n\n\n<p>Esta distinci\u00f3n nos ha impulsado a trabajar con todav\u00eda m\u00e1s fuerza para generar un impacto real en el territorio, reforzando colaboraciones y proyectos con empresas y entidades que comparten nuestra misi\u00f3n: conseguir inserciones laborales reales y duraderas.<\/p>\n\n\n\n<p>Uno de los momentos que m\u00e1s ha reforzado este sentimiento ha sido la visita del presidente del Parlamento de Catalu\u00f1a a nuestra planta de Preparaci\u00f3n para la Reutilizaci\u00f3n. Su presencia es un paso importante hacia el reconocimiento del trabajo de las entidades sociales y gestoras de residuos, y demuestra que las instituciones valoran y se interesan por nuestro modelo.<\/p>\n\n\n\n<blockquote class=\"wp-block-quote is-layout-flow wp-block-quote-is-layout-flow\">\n<p>\u201cLa Creu de Sant Jordi nos estimula a ser instrumentos de cambio social y medioambiental. La visita que nos hizo el presidente del Parlament de Catalunya, Sr. Josep Rull y tambi\u00e9n la del obispo Mns. Javier Vilanova, de la di\u00f3cesis de Barcelona nos anima a avanzar, a pesar de las dificultades del momento\u201d &#8211; Josep Maria Fisa, presidente de Solidan\u00e7a.<\/p>\n<\/blockquote>\n\n\n\n<figure class=\"wp-block-gallery has-nested-images columns-default is-cropped wp-block-gallery-1 is-layout-flex wp-block-gallery-is-layout-flex\">\n<figure class=\"wp-block-image size-large\" style=\"margin-top:var(--wp--preset--spacing--80);margin-bottom:var(--wp--preset--spacing--80)\"><img loading=\"lazy\" decoding=\"async\" width=\"1024\" height=\"682\" data-id=\"10912\" src=\"https:\/\/solidanca.cat\/wp-content\/uploads\/2025\/05\/Solidanca_Nous_Esdeveniments00-1024x682.webp\" alt=\"\" class=\"wp-image-10912\" srcset=\"https:\/\/solidanca.cat\/wp-content\/uploads\/2025\/05\/Solidanca_Nous_Esdeveniments00-1024x682.webp 1024w, https:\/\/solidanca.cat\/wp-content\/uploads\/2025\/05\/Solidanca_Nous_Esdeveniments00-300x200.webp 300w, https:\/\/solidanca.cat\/wp-content\/uploads\/2025\/05\/Solidanca_Nous_Esdeveniments00-768x512.webp 768w, https:\/\/solidanca.cat\/wp-content\/uploads\/2025\/05\/Solidanca_Nous_Esdeveniments00-1536x1024.webp 1536w, https:\/\/solidanca.cat\/wp-content\/uploads\/2025\/05\/Solidanca_Nous_Esdeveniments00-2048x1365.webp 2048w\" sizes=\"auto, (max-width: 1024px) 100vw, 1024px\" \/><\/figure>\n\n\n\n<figure class=\"wp-block-image size-large\"><img loading=\"lazy\" decoding=\"async\" width=\"1024\" height=\"1024\" data-id=\"13021\" src=\"https:\/\/solidanca.cat\/wp-content\/uploads\/2025\/12\/6_4-1024x1024.png\" alt=\"\" class=\"wp-image-13021\" srcset=\"https:\/\/solidanca.cat\/wp-content\/uploads\/2025\/12\/6_4-1024x1024.png 1024w, https:\/\/solidanca.cat\/wp-content\/uploads\/2025\/12\/6_4-300x300.png 300w, https:\/\/solidanca.cat\/wp-content\/uploads\/2025\/12\/6_4-150x150.png 150w, https:\/\/solidanca.cat\/wp-content\/uploads\/2025\/12\/6_4-768x768.png 768w, https:\/\/solidanca.cat\/wp-content\/uploads\/2025\/12\/6_4.png 1080w\" sizes=\"auto, (max-width: 1024px) 100vw, 1024px\" \/><\/figure>\n<\/figure>\n\n\n\n<p>Para Solidan\u00e7a supone un gran honor este reconocimiento de los veintisiete a\u00f1os de trabajo por la inserci\u00f3n sociolaboral de personas en situaci\u00f3n de vulnerabilidad social de nuestro entorno. Hay un gran recorrido de mucho esfuerzo, lucha y trabajo que nos ha permitido construir el gran proyecto que es Solidan\u00e7a.<\/p>\n\n\n\n<blockquote class=\"wp-block-quote is-layout-flow wp-block-quote-is-layout-flow\">\n<p>Este galard\u00f3n es un homenaje a todas las personas que desde el 1997 han apostado por Solidan\u00e7a, han colaborado, trabajado y participado en el conjunto de actividades que ha realizado la entidad. Nuestra misi\u00f3n naci\u00f3 y contin\u00faa siendo: <strong>Luchar por la inserci\u00f3n y formaci\u00f3n de las personas en situaci\u00f3n de vulnerabilidad del entorno a trav\u00e9s de actividades vinculadas a la gesti\u00f3n de residuos y a la econom\u00eda circular.<\/strong><\/p>\n<\/blockquote>\n\n\n\n<p><\/p>\n","protected":false},"excerpt":{"rendered":"<p>Con el cierre del 2025 es inevitable mirar atr\u00e1s y recordar uno de los momentos m\u00e1s significativos de nuestra trayectoria: la&#8230;<\/p>\n","protected":false},"author":2,"featured_media":13011,"comment_status":"closed","ping_status":"closed","sticky":false,"template":"","format":"standard","meta":{"_uag_custom_page_level_css":"","_kad_blocks_custom_css":"","_kad_blocks_head_custom_js":"","_kad_blocks_body_custom_js":"","_kad_blocks_footer_custom_js":"","_kad_post_transparent":"","_kad_post_title":"","_kad_post_layout":"","_kad_post_sidebar_id":"","_kad_post_content_style":"","_kad_post_vertical_padding":"","_kad_post_feature":"","_kad_post_feature_position":"","_kad_post_header":false,"_kad_post_footer":false,"_kad_post_classname":"","footnotes":""},"categories":[841],"tags":[],"class_list":["post-13004","post","type-post","status-publish","format-standard","has-post-thumbnail","hentry","category-solidanca-es"],"taxonomy_info":{"category":[{"value":841,"label":"Solidan\u00e7a"}]},"featured_image_src_large":["https:\/\/solidanca.cat\/wp-content\/uploads\/2025\/12\/FOTO-NOTICIES-WEB-1.png",800,400,false],"author_info":{"display_name":"Solidan\u00e7a","author_link":"https:\/\/solidanca.cat\/es\/author\/alberg\/"},"comment_info":0,"category_info":[{"term_id":841,"name":"Solidan\u00e7a","slug":"solidanca-es","term_group":0,"term_taxonomy_id":841,"taxonomy":"category","description":"","parent":0,"count":13,"filter":"raw","cat_ID":841,"category_count":13,"category_description":"","cat_name":"Solidan\u00e7a","category_nicename":"solidanca-es","category_parent":0}],"tag_info":false,"uagb_featured_image_src":{"full":["https:\/\/solidanca.cat\/wp-content\/uploads\/2025\/12\/FOTO-NOTICIES-WEB-1.png",800,400,false],"thumbnail":["https:\/\/solidanca.cat\/wp-content\/uploads\/2025\/12\/FOTO-NOTICIES-WEB-1-150x150.png",150,150,true],"medium":["https:\/\/solidanca.cat\/wp-content\/uploads\/2025\/12\/FOTO-NOTICIES-WEB-1-300x150.png",300,150,true],"medium_large":["https:\/\/solidanca.cat\/wp-content\/uploads\/2025\/12\/FOTO-NOTICIES-WEB-1-768x384.png",768,384,true],"large":["https:\/\/solidanca.cat\/wp-content\/uploads\/2025\/12\/FOTO-NOTICIES-WEB-1.png",800,400,false],"1536x1536":["https:\/\/solidanca.cat\/wp-content\/uploads\/2025\/12\/FOTO-NOTICIES-WEB-1.png",800,400,false],"2048x2048":["https:\/\/solidanca.cat\/wp-content\/uploads\/2025\/12\/FOTO-NOTICIES-WEB-1.png",800,400,false]},"uagb_author_info":{"display_name":"Solidan\u00e7a","author_link":"https:\/\/solidanca.cat\/es\/author\/alberg\/"},"uagb_comment_info":0,"uagb_excerpt":"Con el cierre del 2025 es inevitable mirar atr\u00e1s y recordar uno de los momentos m\u00e1s significativos de nuestra trayectoria: la...","_links":{"self":[{"href":"https:\/\/solidanca.cat\/es\/wp-json\/wp\/v2\/posts\/13004","targetHints":{"allow":["GET"]}}],"collection":[{"href":"https:\/\/solidanca.cat\/es\/wp-json\/wp\/v2\/posts"}],"about":[{"href":"https:\/\/solidanca.cat\/es\/wp-json\/wp\/v2\/types\/post"}],"author":[{"embeddable":true,"href":"https:\/\/solidanca.cat\/es\/wp-json\/wp\/v2\/users\/2"}],"replies":[{"embeddable":true,"href":"https:\/\/solidanca.cat\/es\/wp-json\/wp\/v2\/comments?post=13004"}],"version-history":[{"count":3,"href":"https:\/\/solidanca.cat\/es\/wp-json\/wp\/v2\/posts\/13004\/revisions"}],"predecessor-version":[{"id":13025,"href":"https:\/\/solidanca.cat\/es\/wp-json\/wp\/v2\/posts\/13004\/revisions\/13025"}],"wp:featuredmedia":[{"embeddable":true,"href":"https:\/\/solidanca.cat\/es\/wp-json\/wp\/v2\/media\/13011"}],"wp:attachment":[{"href":"https:\/\/solidanca.cat\/es\/wp-json\/wp\/v2\/media?parent=13004"}],"wp:term":[{"taxonomy":"category","embeddable":true,"href":"https:\/\/solidanca.cat\/es\/wp-json\/wp\/v2\/categories?post=13004"},{"taxonomy":"post_tag","embeddable":true,"href":"https:\/\/solidanca.cat\/es\/wp-json\/wp\/v2\/tags?post=13004"}],"curies":[{"name":"wp","href":"https:\/\/api.w.org\/{rel}","templated":true}]}}