{"id":13069,"date":"2025-12-03T08:00:00","date_gmt":"2025-12-03T07:00:00","guid":{"rendered":"https:\/\/solidanca.cat\/?p=13069"},"modified":"2025-12-12T10:55:22","modified_gmt":"2025-12-12T09:55:22","slug":"cerramos-con-exito-las-actividades-de-la-semana-europea-de-prevencion-de-residuos-2025-2","status":"publish","type":"post","link":"https:\/\/solidanca.cat\/es\/cerramos-con-exito-las-actividades-de-la-semana-europea-de-prevencion-de-residuos-2025-2\/","title":{"rendered":"Cerramos con \u00e9xito las actividades de la Semana Europea de Prevenci\u00f3n de Residuos 2025"},"content":{"rendered":"\n<p>Solidan\u00e7a ha finalizado una nueva edici\u00f3n de la <strong>Semana Europea de Prevenci\u00f3n de Residuos (SEPR) con una participaci\u00f3n muy positiva.<\/strong> La 17\u00aa edici\u00f3n se ha celebrado del 22 al 30 de noviembre, centr\u00e1ndose este a\u00f1o en los <strong>residuos de aparatos el\u00e9ctricos y electr\u00f3nicos (RAEE)<\/strong>, uno de los flujos de residuos que m\u00e1s crece en toda Europa.<\/p>\n\n\n\n<p>A trav\u00e9s de <strong>talleres, mercados, actividades educativas y acciones comunitarias<\/strong>, Solidan\u00e7a ha impulsado iniciativas que promueven la reutilizaci\u00f3n y la circularidad, acercando la prevenci\u00f3n de residuos a personas de todas las edades.<\/p>\n\n\n\n<div class=\"wp-block-uagb-advanced-heading uagb-block-fc30906d\"><h3 class=\"uagb-heading-text\"><strong>Actividades destacadas de la SEPR 2025<\/strong><\/h3><\/div>\n\n\n\n<p><strong>Talleres de reparaci\u00f3n y reutilizaci\u00f3n con C\u00edrculo Cero<\/strong><\/p>\n\n\n\n<p>Varios municipios han acogido talleres pr\u00e1cticos para aprender a reparar aparatos el\u00e9ctricos y textiles, prolongando la vida de sus productos y reduciendo residuos. Los talleres han fomentado la cultura de la reparaci\u00f3n y han proporcionado herramientas para que la ciudadan\u00eda pueda alargar la vida \u00fatil de sus objetos.<\/p>\n\n\n\n<p><strong>Sesiones de sensibilizaci\u00f3n ambiental en escuelas<\/strong><\/p>\n\n\n\n<p>Las escuelas han vuelto a ser un pilar clave en esta semana. Se han realizado charlas y actividades pr\u00e1cticas en <strong>4 escuelas de Sant Just Desvern<\/strong> para concienciar sobre la importancia de prevenir residuos, reducir el consumo y reciclar correctamente, especialmente los RAEEs. <strong>175 ni\u00f1os<\/strong> han participado activamente en sesiones din\u00e1micas y educativas.<\/p>\n\n\n\n<p><strong>Recogida de peque\u00f1os aparatos el\u00e9ctricos y electr\u00f3nicos (PAEEs) en Sant Just Desvern<\/strong><\/p>\n\n\n\n<p>En varios centros educativos del municipio se han instalado puntos de recogida para depositar peque\u00f1os aparatos en desuso, facilitando su correcta gesti\u00f3n y evitando que acaben en la fracci\u00f3n restante. Una actividad que ha combinado educaci\u00f3n, participaci\u00f3n e impacto real en la recuperaci\u00f3n de recursos.<\/p>\n\n\n\n<p><strong>4a edici\u00f3n del Mercado de Segunda Mano en el Punto Limpio de Viladecans<\/strong><\/p>\n\n\n\n<p>Un a\u00f1o m\u00e1s, Viladecans ha acogido su tradicional mercado de segunda mano, un espacio comunitario en el que dar una nueva vida a objetos y fomentar el consumo responsable. La jornada ha vuelto a tener una gran participaci\u00f3n, con m\u00e1s de <strong>400 asistentes<\/strong>, generando un impacto ambiental y social significativo.<\/p>\n\n\n\n<p><strong>Mercados circulares en Viladecans y Salt (Girona)<\/strong><\/p>\n\n\n\n<p>Los mercados circulares han ofrecido productos reutilizados, textiles recuperados y art\u00edculos a precios accesibles, acercando la econom\u00eda circular a la ciudadan\u00eda e impulsando el modelo de consumo de proximidad y bajo impacto.<\/p>\n\n\n\n<p><strong>Mercado de Antig\u00fcedades especial SEPR en La Nau de Sant Joan Desp\u00ed<\/strong><\/p>\n\n\n\n<p>La Nau Solidan\u00e7a ha organizado una edici\u00f3n tem\u00e1tica de su Mercado de Antig\u00fcedades, con piezas \u00fanicas seleccionadas y un ambiente dedicado a la reutilizaci\u00f3n, la memoria de los objetos y la compra sostenible.<\/p>\n\n\n\n<p><strong>Un balance que demuestra el potencial de la prevenci\u00f3n<\/strong><\/p>\n\n\n\n<p>Estas acciones reflejan el compromiso continuado de Solidan\u00e7a con la prevenci\u00f3n de residuos y la inclusi\u00f3n social, consolidando la SEPR como cita clave para impulsar h\u00e1bitos sostenibles y responsables.<\/p>\n\n\n\n<p>\u00a1Gracias a todas las personas, centros y municipios que ha participado! Juntos seguimos avanzando hacia un futuro m\u00e1s circular y consciente<\/p>\n\n\n\n<p><\/p>\n","protected":false},"excerpt":{"rendered":"<p>Solidan\u00e7a ha finalizado una nueva edici\u00f3n de la Semana Europea de Prevenci\u00f3n de Residuos (SEPR) con una participaci\u00f3n muy positiva. La&#8230;<\/p>\n","protected":false},"author":2,"featured_media":13068,"comment_status":"closed","ping_status":"closed","sticky":false,"template":"","format":"standard","meta":{"_uag_custom_page_level_css":"","_kad_blocks_custom_css":"","_kad_blocks_head_custom_js":"","_kad_blocks_body_custom_js":"","_kad_blocks_footer_custom_js":"","_kad_post_transparent":"","_kad_post_title":"","_kad_post_layout":"","_kad_post_sidebar_id":"","_kad_post_content_style":"","_kad_post_vertical_padding":"","_kad_post_feature":"","_kad_post_feature_position":"","_kad_post_header":false,"_kad_post_footer":false,"_kad_post_classname":"","footnotes":""},"categories":[757],"tags":[],"class_list":["post-13069","post","type-post","status-publish","format-standard","has-post-thumbnail","hentry","category-educacion-ambiental"],"taxonomy_info":{"category":[{"value":757,"label":"Educaci\u00f3n ambiental"}]},"featured_image_src_large":["https:\/\/solidanca.cat\/wp-content\/uploads\/2025\/12\/FOTO-NOTICIES-WEB-3.png",800,400,false],"author_info":{"display_name":"Solidan\u00e7a","author_link":"https:\/\/solidanca.cat\/es\/author\/alberg\/"},"comment_info":0,"category_info":[{"term_id":757,"name":"Educaci\u00f3n ambiental","slug":"educacion-ambiental","term_group":0,"term_taxonomy_id":757,"taxonomy":"category","description":"","parent":0,"count":80,"filter":"raw","cat_ID":757,"category_count":80,"category_description":"","cat_name":"Educaci\u00f3n ambiental","category_nicename":"educacion-ambiental","category_parent":0}],"tag_info":false,"uagb_featured_image_src":{"full":["https:\/\/solidanca.cat\/wp-content\/uploads\/2025\/12\/FOTO-NOTICIES-WEB-3.png",800,400,false],"thumbnail":["https:\/\/solidanca.cat\/wp-content\/uploads\/2025\/12\/FOTO-NOTICIES-WEB-3-150x150.png",150,150,true],"medium":["https:\/\/solidanca.cat\/wp-content\/uploads\/2025\/12\/FOTO-NOTICIES-WEB-3-300x150.png",300,150,true],"medium_large":["https:\/\/solidanca.cat\/wp-content\/uploads\/2025\/12\/FOTO-NOTICIES-WEB-3-768x384.png",768,384,true],"large":["https:\/\/solidanca.cat\/wp-content\/uploads\/2025\/12\/FOTO-NOTICIES-WEB-3.png",800,400,false],"1536x1536":["https:\/\/solidanca.cat\/wp-content\/uploads\/2025\/12\/FOTO-NOTICIES-WEB-3.png",800,400,false],"2048x2048":["https:\/\/solidanca.cat\/wp-content\/uploads\/2025\/12\/FOTO-NOTICIES-WEB-3.png",800,400,false]},"uagb_author_info":{"display_name":"Solidan\u00e7a","author_link":"https:\/\/solidanca.cat\/es\/author\/alberg\/"},"uagb_comment_info":0,"uagb_excerpt":"Solidan\u00e7a ha finalizado una nueva edici\u00f3n de la Semana Europea de Prevenci\u00f3n de Residuos (SEPR) con una participaci\u00f3n muy positiva. La...","_links":{"self":[{"href":"https:\/\/solidanca.cat\/es\/wp-json\/wp\/v2\/posts\/13069","targetHints":{"allow":["GET"]}}],"collection":[{"href":"https:\/\/solidanca.cat\/es\/wp-json\/wp\/v2\/posts"}],"about":[{"href":"https:\/\/solidanca.cat\/es\/wp-json\/wp\/v2\/types\/post"}],"author":[{"embeddable":true,"href":"https:\/\/solidanca.cat\/es\/wp-json\/wp\/v2\/users\/2"}],"replies":[{"embeddable":true,"href":"https:\/\/solidanca.cat\/es\/wp-json\/wp\/v2\/comments?post=13069"}],"version-history":[{"count":2,"href":"https:\/\/solidanca.cat\/es\/wp-json\/wp\/v2\/posts\/13069\/revisions"}],"predecessor-version":[{"id":13071,"href":"https:\/\/solidanca.cat\/es\/wp-json\/wp\/v2\/posts\/13069\/revisions\/13071"}],"wp:featuredmedia":[{"embeddable":true,"href":"https:\/\/solidanca.cat\/es\/wp-json\/wp\/v2\/media\/13068"}],"wp:attachment":[{"href":"https:\/\/solidanca.cat\/es\/wp-json\/wp\/v2\/media?parent=13069"}],"wp:term":[{"taxonomy":"category","embeddable":true,"href":"https:\/\/solidanca.cat\/es\/wp-json\/wp\/v2\/categories?post=13069"},{"taxonomy":"post_tag","embeddable":true,"href":"https:\/\/solidanca.cat\/es\/wp-json\/wp\/v2\/tags?post=13069"}],"curies":[{"name":"wp","href":"https:\/\/api.w.org\/{rel}","templated":true}]}}