{"id":13090,"date":"2025-12-16T10:00:00","date_gmt":"2025-12-16T09:00:00","guid":{"rendered":"https:\/\/solidanca.cat\/?p=13090"},"modified":"2025-12-12T12:47:19","modified_gmt":"2025-12-12T11:47:19","slug":"comencen-les-formacions-del-programa-esal-al-centre-de-formacio-solidanca","status":"publish","type":"post","link":"https:\/\/solidanca.cat\/es\/comencen-les-formacions-del-programa-esal-al-centre-de-formacio-solidanca\/","title":{"rendered":"Comienzan las formaciones del Programa ESAL en el Centro de Formaci\u00f3n Solidan\u00e7a\u00a0"},"content":{"rendered":"\n<p>El pasado <strong>19 de noviembre<\/strong> comenzaron las formaciones de la edici\u00f3n 2024 del <strong>Programa de Trabajo y Formaci\u00f3n ESAL en el Centro de Formaci\u00f3n de Solidan\u00e7a de Sant Just Desvern en habilidades sociales de comunicaci\u00f3n y resoluci\u00f3n de conflictos en el centro de trabajo<\/strong>. Estas formaciones son una parte esencial de los itinerarios de inserci\u00f3n sociolaboral y est\u00e1n dise\u00f1adas para proporcionar herramientas pr\u00e1cticas y habilidades clave que refuercen su empleabilidad y confianza en el entorno laboral.&nbsp;<\/p>\n\n\n\n<p>Durante las primeras sesiones, las participantes han trabajado <strong>habilidades de comunicaci\u00f3n efectiva. <\/strong>Tambi\u00e9n han iniciado actividades centradas en la <strong>resoluci\u00f3n de conflictos<\/strong>, una competencia clave para gestionar situaciones dif\u00edciles con compa\u00f1eros, clientes o en el entorno profesional en general.&nbsp;<\/p>\n\n\n\n<p><strong>L\u2019edici\u00f3 ESAL 2024 ha perm\u00e8s la contractaci\u00f3 d\u201911 persones que formen part de tres col\u00b7lectius especialment afectats per l\u2019exclusi\u00f3 social:\u00a0<\/strong><\/p>\n\n\n\n<ul class=\"wp-block-list\">\n<li><strong>Mujeres en situaci\u00f3n de vulnerabilidad social\u00a0<\/strong><\/li>\n<\/ul>\n\n\n\n<ul class=\"wp-block-list\">\n<li><strong>Personas en situaci\u00f3n de desempleo de larga duraci\u00f3n\u00a0<\/strong><\/li>\n<\/ul>\n\n\n\n<ul class=\"wp-block-list\">\n<li><strong>Personas del colectivo trans\u00a0<\/strong><\/li>\n<\/ul>\n\n\n\n<ul class=\"wp-block-list\">\n<li><strong>Personas migradas fuera de la Uni\u00f3n Europea\u00a0<\/strong><\/li>\n<\/ul>\n\n\n\n<p>El objetivo de la L\u00ednea ESAL es proporcionar no s\u00f3lo un contrato laboral, sino tambi\u00e9n apoyo individualizado y formaci\u00f3n pr\u00e1ctica que facilite su integraci\u00f3n en el mercado de trabajo y el desarrollo de competencias clave. &nbsp;<\/p>\n\n\n\n<p>Este programa cuenta con el apoyo del <strong>Servicio de Empleo de Catalu\u00f1a (SOC)<\/strong> y est\u00e1 cofinanciado por la <strong>Uni\u00f3n Europea<\/strong>, reafirmando el compromiso de Solidan\u00e7a con la inclusi\u00f3n sociolaboral y la transformaci\u00f3n social.&nbsp;<\/p>\n\n\n\n<figure class=\"wp-block-image size-large is-resized\"><img loading=\"lazy\" decoding=\"async\" width=\"1024\" height=\"112\" src=\"https:\/\/solidanca.cat\/wp-content\/uploads\/2025\/12\/FRASES-Insta-@treball_solidanca-1080-x-1350-px-3-1024x112.png\" alt=\"\" class=\"wp-image-13084\" style=\"width:578px;height:auto\" srcset=\"https:\/\/solidanca.cat\/wp-content\/uploads\/2025\/12\/FRASES-Insta-@treball_solidanca-1080-x-1350-px-3-1024x112.png 1024w, https:\/\/solidanca.cat\/wp-content\/uploads\/2025\/12\/FRASES-Insta-@treball_solidanca-1080-x-1350-px-3-300x33.png 300w, https:\/\/solidanca.cat\/wp-content\/uploads\/2025\/12\/FRASES-Insta-@treball_solidanca-1080-x-1350-px-3-768x84.png 768w, https:\/\/solidanca.cat\/wp-content\/uploads\/2025\/12\/FRASES-Insta-@treball_solidanca-1080-x-1350-px-3.png 1228w\" sizes=\"auto, (max-width: 1024px) 100vw, 1024px\" \/><\/figure>\n","protected":false},"excerpt":{"rendered":"<p>El pasado 19 de noviembre comenzaron las formaciones de la edici\u00f3n 2024 del Programa de Trabajo y Formaci\u00f3n ESAL en el&#8230;<\/p>\n","protected":false},"author":2,"featured_media":13089,"comment_status":"closed","ping_status":"closed","sticky":false,"template":"","format":"standard","meta":{"_uag_custom_page_level_css":"","_kad_blocks_custom_css":"","_kad_blocks_head_custom_js":"","_kad_blocks_body_custom_js":"","_kad_blocks_footer_custom_js":"","_kad_post_transparent":"","_kad_post_title":"","_kad_post_layout":"","_kad_post_sidebar_id":"","_kad_post_content_style":"","_kad_post_vertical_padding":"","_kad_post_feature":"","_kad_post_feature_position":"","_kad_post_header":false,"_kad_post_footer":false,"_kad_post_classname":"","footnotes":""},"categories":[763],"tags":[],"class_list":["post-13090","post","type-post","status-publish","format-standard","has-post-thumbnail","hentry","category-area-social-es"],"taxonomy_info":{"category":[{"value":763,"label":"Area Social"}]},"featured_image_src_large":["https:\/\/solidanca.cat\/wp-content\/uploads\/2025\/12\/FOTO-NOTICIES-WEB-6.png",800,400,false],"author_info":{"display_name":"Solidan\u00e7a","author_link":"https:\/\/solidanca.cat\/es\/author\/alberg\/"},"comment_info":0,"category_info":[{"term_id":763,"name":"Area Social","slug":"area-social-es","term_group":0,"term_taxonomy_id":763,"taxonomy":"category","description":"","parent":0,"count":208,"filter":"raw","cat_ID":763,"category_count":208,"category_description":"","cat_name":"Area Social","category_nicename":"area-social-es","category_parent":0}],"tag_info":false,"uagb_featured_image_src":{"full":["https:\/\/solidanca.cat\/wp-content\/uploads\/2025\/12\/FOTO-NOTICIES-WEB-6.png",800,400,false],"thumbnail":["https:\/\/solidanca.cat\/wp-content\/uploads\/2025\/12\/FOTO-NOTICIES-WEB-6-150x150.png",150,150,true],"medium":["https:\/\/solidanca.cat\/wp-content\/uploads\/2025\/12\/FOTO-NOTICIES-WEB-6-300x150.png",300,150,true],"medium_large":["https:\/\/solidanca.cat\/wp-content\/uploads\/2025\/12\/FOTO-NOTICIES-WEB-6-768x384.png",768,384,true],"large":["https:\/\/solidanca.cat\/wp-content\/uploads\/2025\/12\/FOTO-NOTICIES-WEB-6.png",800,400,false],"1536x1536":["https:\/\/solidanca.cat\/wp-content\/uploads\/2025\/12\/FOTO-NOTICIES-WEB-6.png",800,400,false],"2048x2048":["https:\/\/solidanca.cat\/wp-content\/uploads\/2025\/12\/FOTO-NOTICIES-WEB-6.png",800,400,false]},"uagb_author_info":{"display_name":"Solidan\u00e7a","author_link":"https:\/\/solidanca.cat\/es\/author\/alberg\/"},"uagb_comment_info":0,"uagb_excerpt":"El pasado 19 de noviembre comenzaron las formaciones de la edici\u00f3n 2024 del Programa de Trabajo y Formaci\u00f3n ESAL en el...","_links":{"self":[{"href":"https:\/\/solidanca.cat\/es\/wp-json\/wp\/v2\/posts\/13090","targetHints":{"allow":["GET"]}}],"collection":[{"href":"https:\/\/solidanca.cat\/es\/wp-json\/wp\/v2\/posts"}],"about":[{"href":"https:\/\/solidanca.cat\/es\/wp-json\/wp\/v2\/types\/post"}],"author":[{"embeddable":true,"href":"https:\/\/solidanca.cat\/es\/wp-json\/wp\/v2\/users\/2"}],"replies":[{"embeddable":true,"href":"https:\/\/solidanca.cat\/es\/wp-json\/wp\/v2\/comments?post=13090"}],"version-history":[{"count":2,"href":"https:\/\/solidanca.cat\/es\/wp-json\/wp\/v2\/posts\/13090\/revisions"}],"predecessor-version":[{"id":13094,"href":"https:\/\/solidanca.cat\/es\/wp-json\/wp\/v2\/posts\/13090\/revisions\/13094"}],"wp:featuredmedia":[{"embeddable":true,"href":"https:\/\/solidanca.cat\/es\/wp-json\/wp\/v2\/media\/13089"}],"wp:attachment":[{"href":"https:\/\/solidanca.cat\/es\/wp-json\/wp\/v2\/media?parent=13090"}],"wp:term":[{"taxonomy":"category","embeddable":true,"href":"https:\/\/solidanca.cat\/es\/wp-json\/wp\/v2\/categories?post=13090"},{"taxonomy":"post_tag","embeddable":true,"href":"https:\/\/solidanca.cat\/es\/wp-json\/wp\/v2\/tags?post=13090"}],"curies":[{"name":"wp","href":"https:\/\/api.w.org\/{rel}","templated":true}]}}