{"id":13183,"date":"2026-01-09T10:00:00","date_gmt":"2026-01-09T09:00:00","guid":{"rendered":"https:\/\/solidanca.cat\/?p=13183"},"modified":"2026-01-09T10:14:51","modified_gmt":"2026-01-09T09:14:51","slug":"cerramos-el-trabajat-2024-2025-un-impulso-real-a-la-empleabilidad-de-las-personas-mayores-de-45-anos","status":"publish","type":"post","link":"https:\/\/solidanca.cat\/es\/cerramos-el-trabajat-2024-2025-un-impulso-real-a-la-empleabilidad-de-las-personas-mayores-de-45-anos\/","title":{"rendered":"Cerramos\u00a0el\u00a0Trabaja&#8217;t\u00a02024-2025: un impulso real a la empleabilidad de las personas mayores de 45 a\u00f1os\u00a0"},"content":{"rendered":"\n<p>El programa&nbsp;<strong>Treballa&#8217;t&nbsp;2024-2025<\/strong>, impulsado por el Servicio Local de Empleo del Ayuntamiento de Sant Vicen\u00e7&nbsp;dels&nbsp;Horts, llega a su cierre despu\u00e9s de un a\u00f1o acompa\u00f1ando a personas mayores de 45 a\u00f1os en situaci\u00f3n de desempleo de larga duraci\u00f3n hacia su inserci\u00f3n sociolaboral.&nbsp;&nbsp;<\/p>\n\n\n\n<p>En esta edici\u00f3n, han participado&nbsp;<strong>212 personas,<\/strong>&nbsp;de las que&nbsp;<strong>96 se han insertado en el mercado ordinario,<\/strong>&nbsp;un hito que nos enorgullece.&nbsp;<\/p>\n\n\n\n<p>El&nbsp;Treballa&#8217;t&nbsp;es un programa dise\u00f1ado para ofrecer oportunidades reales a trav\u00e9s de un&nbsp;<strong>modelo integral de acompa\u00f1amiento<\/strong>, que combina orientaci\u00f3n individualizada, formaci\u00f3n especializada, pr\u00e1cticas profesionales y apoyo continuado en la b\u00fasqueda de empleo. Esta metodolog\u00eda hol\u00edstica permite que las personas participantes adquieran no&nbsp;solo&nbsp;conocimientos t\u00e9cnicos, sino tambi\u00e9n competencias transversales y herramientas de b\u00fasqueda de trabajo que refuerzan su trayectoria profesional.&nbsp;<\/p>\n\n\n\n<p>La edici\u00f3n 2024\u20132025 ha ofrecido&nbsp;<strong>tres formaciones&nbsp;profesionalizadoras<\/strong>&nbsp;de 200 horas cada una, en las que han participado&nbsp;<strong>128 personas<\/strong>, distribuidas en:&nbsp;<\/p>\n\n\n\n<ul class=\"wp-block-list\">\n<li>80 horas de formaci\u00f3n t\u00e9cnica\u00a0<\/li>\n<\/ul>\n\n\n\n<ul class=\"wp-block-list\">\n<li>60 horas de competencias transversales\u00a0<\/li>\n<\/ul>\n\n\n\n<ul class=\"wp-block-list\">\n<li>60 horas de pr\u00e1cticas en empresas\u00a0<\/li>\n<\/ul>\n\n\n\n<p>Esta combinaci\u00f3n ha facilitado que los participantes puedan&nbsp;<strong>poner en pr\u00e1ctica sus aprendizajes en entornos laborales reales<\/strong>, establecer contacto con empresas del territorio y ampliar sus posibilidades de inserci\u00f3n.&nbsp;<\/p>\n\n\n\n<p>Desde&nbsp;<strong>Solidan\u00e7a<\/strong>, continuamos trabajando para impulsar proyectos que promuevan la inserci\u00f3n sociolaboral y que ofrezcan oportunidades laborales de calidad a las personas que quieren reintegrarse al mercado de trabajo.&nbsp;<\/p>\n\n\n\n<figure class=\"wp-block-image size-large is-resized\"><img loading=\"lazy\" decoding=\"async\" width=\"1024\" height=\"80\" src=\"https:\/\/solidanca.cat\/wp-content\/uploads\/2026\/01\/FOTO-NOTICIES-WEB-7-1-1024x80.png\" alt=\"\" class=\"wp-image-13185\" style=\"width:588px;height:auto\" srcset=\"https:\/\/solidanca.cat\/wp-content\/uploads\/2026\/01\/FOTO-NOTICIES-WEB-7-1-1024x80.png 1024w, https:\/\/solidanca.cat\/wp-content\/uploads\/2026\/01\/FOTO-NOTICIES-WEB-7-1-300x23.png 300w, https:\/\/solidanca.cat\/wp-content\/uploads\/2026\/01\/FOTO-NOTICIES-WEB-7-1-768x60.png 768w, https:\/\/solidanca.cat\/wp-content\/uploads\/2026\/01\/FOTO-NOTICIES-WEB-7-1.png 1105w\" sizes=\"auto, (max-width: 1024px) 100vw, 1024px\" \/><\/figure>\n","protected":false},"excerpt":{"rendered":"<p>El programa&nbsp;Treballa&#8217;t&nbsp;2024-2025, impulsado por el Servicio Local de Empleo del Ayuntamiento de Sant Vicen\u00e7&nbsp;dels&nbsp;Horts, llega a su cierre despu\u00e9s de un&#8230;<\/p>\n","protected":false},"author":2,"featured_media":13182,"comment_status":"closed","ping_status":"closed","sticky":false,"template":"","format":"standard","meta":{"_uag_custom_page_level_css":"","_kad_blocks_custom_css":"","_kad_blocks_head_custom_js":"","_kad_blocks_body_custom_js":"","_kad_blocks_footer_custom_js":"","_kad_post_transparent":"","_kad_post_title":"","_kad_post_layout":"","_kad_post_sidebar_id":"","_kad_post_content_style":"","_kad_post_vertical_padding":"","_kad_post_feature":"","_kad_post_feature_position":"","_kad_post_header":false,"_kad_post_footer":false,"_kad_post_classname":"","footnotes":""},"categories":[8],"tags":[],"class_list":["post-13183","post","type-post","status-publish","format-standard","has-post-thumbnail","hentry","category-sin-categorizar"],"taxonomy_info":{"category":[{"value":8,"label":"Sin categorizar"}]},"featured_image_src_large":["https:\/\/solidanca.cat\/wp-content\/uploads\/2026\/01\/FOTO-NOTICIES-WEB-8.png",800,400,false],"author_info":{"display_name":"Solidan\u00e7a","author_link":"https:\/\/solidanca.cat\/es\/author\/alberg\/"},"comment_info":0,"category_info":[{"term_id":8,"name":"Sin categorizar","slug":"sin-categorizar","term_group":0,"term_taxonomy_id":8,"taxonomy":"category","description":"","parent":0,"count":199,"filter":"raw","cat_ID":8,"category_count":199,"category_description":"","cat_name":"Sin categorizar","category_nicename":"sin-categorizar","category_parent":0}],"tag_info":false,"uagb_featured_image_src":{"full":["https:\/\/solidanca.cat\/wp-content\/uploads\/2026\/01\/FOTO-NOTICIES-WEB-8.png",800,400,false],"thumbnail":["https:\/\/solidanca.cat\/wp-content\/uploads\/2026\/01\/FOTO-NOTICIES-WEB-8-150x150.png",150,150,true],"medium":["https:\/\/solidanca.cat\/wp-content\/uploads\/2026\/01\/FOTO-NOTICIES-WEB-8-300x150.png",300,150,true],"medium_large":["https:\/\/solidanca.cat\/wp-content\/uploads\/2026\/01\/FOTO-NOTICIES-WEB-8-768x384.png",768,384,true],"large":["https:\/\/solidanca.cat\/wp-content\/uploads\/2026\/01\/FOTO-NOTICIES-WEB-8.png",800,400,false],"1536x1536":["https:\/\/solidanca.cat\/wp-content\/uploads\/2026\/01\/FOTO-NOTICIES-WEB-8.png",800,400,false],"2048x2048":["https:\/\/solidanca.cat\/wp-content\/uploads\/2026\/01\/FOTO-NOTICIES-WEB-8.png",800,400,false]},"uagb_author_info":{"display_name":"Solidan\u00e7a","author_link":"https:\/\/solidanca.cat\/es\/author\/alberg\/"},"uagb_comment_info":0,"uagb_excerpt":"El programa&nbsp;Treballa&#8217;t&nbsp;2024-2025, impulsado por el Servicio Local de Empleo del Ayuntamiento de Sant Vicen\u00e7&nbsp;dels&nbsp;Horts, llega a su cierre despu\u00e9s de un...","_links":{"self":[{"href":"https:\/\/solidanca.cat\/es\/wp-json\/wp\/v2\/posts\/13183","targetHints":{"allow":["GET"]}}],"collection":[{"href":"https:\/\/solidanca.cat\/es\/wp-json\/wp\/v2\/posts"}],"about":[{"href":"https:\/\/solidanca.cat\/es\/wp-json\/wp\/v2\/types\/post"}],"author":[{"embeddable":true,"href":"https:\/\/solidanca.cat\/es\/wp-json\/wp\/v2\/users\/2"}],"replies":[{"embeddable":true,"href":"https:\/\/solidanca.cat\/es\/wp-json\/wp\/v2\/comments?post=13183"}],"version-history":[{"count":2,"href":"https:\/\/solidanca.cat\/es\/wp-json\/wp\/v2\/posts\/13183\/revisions"}],"predecessor-version":[{"id":13187,"href":"https:\/\/solidanca.cat\/es\/wp-json\/wp\/v2\/posts\/13183\/revisions\/13187"}],"wp:featuredmedia":[{"embeddable":true,"href":"https:\/\/solidanca.cat\/es\/wp-json\/wp\/v2\/media\/13182"}],"wp:attachment":[{"href":"https:\/\/solidanca.cat\/es\/wp-json\/wp\/v2\/media?parent=13183"}],"wp:term":[{"taxonomy":"category","embeddable":true,"href":"https:\/\/solidanca.cat\/es\/wp-json\/wp\/v2\/categories?post=13183"},{"taxonomy":"post_tag","embeddable":true,"href":"https:\/\/solidanca.cat\/es\/wp-json\/wp\/v2\/tags?post=13183"}],"curies":[{"name":"wp","href":"https:\/\/api.w.org\/{rel}","templated":true}]}}