{"id":13314,"date":"2026-01-27T10:00:00","date_gmt":"2026-01-27T09:00:00","guid":{"rendered":"https:\/\/solidanca.cat\/?p=13314"},"modified":"2026-01-20T13:17:27","modified_gmt":"2026-01-20T12:17:27","slug":"cercle-zero-reparar-i-reutilitzar-per-reduir-residus-i-avancar-cap-a-leconomia-circular","status":"publish","type":"post","link":"https:\/\/solidanca.cat\/es\/cercle-zero-reparar-i-reutilitzar-per-reduir-residus-i-avancar-cap-a-leconomia-circular\/","title":{"rendered":"Cercle\u00a0Zero: reparar i\u00a0reutilitzar\u00a0per\u00a0reduir\u00a0residus\u00a0i\u00a0avan\u00e7ar\u00a0cap\u00a0a l\u2019economia\u00a0circular\u00a0"},"content":{"rendered":"<div class=\"wp-block-image\">\n<figure class=\"alignright size-large is-resized\"><img loading=\"lazy\" decoding=\"async\" width=\"768\" height=\"1024\" src=\"https:\/\/solidanca.cat\/wp-content\/uploads\/2025\/11\/IMG_5490-768x1024.jpeg\" alt=\"\" class=\"wp-image-12830\" style=\"aspect-ratio:0.7500061678138801;width:322px;height:auto\" srcset=\"https:\/\/solidanca.cat\/wp-content\/uploads\/2025\/11\/IMG_5490-768x1024.jpeg 768w, https:\/\/solidanca.cat\/wp-content\/uploads\/2025\/11\/IMG_5490-225x300.jpeg 225w, https:\/\/solidanca.cat\/wp-content\/uploads\/2025\/11\/IMG_5490-1152x1536.jpeg 1152w, https:\/\/solidanca.cat\/wp-content\/uploads\/2025\/11\/IMG_5490-1536x2048.jpeg 1536w, https:\/\/solidanca.cat\/wp-content\/uploads\/2025\/11\/IMG_5490-scaled.jpeg 1920w\" sizes=\"auto, (max-width: 768px) 100vw, 768px\" \/><\/figure>\n<\/div>\n\n\n<p>Cada a\u00f1o se generan toneladas de residuos y lo que deber\u00eda ser la alternativa que soluciones esta problem\u00e1tica, la recogida selectiva, queda lejos de los objetivos marcados por la Uni\u00f3n Europea.&nbsp;<strong>Potenciar la reparaci\u00f3n y reutilizaci\u00f3n de objetos es clave<\/strong>&nbsp;para reducir&nbsp;la presi\u00f3n sobre el medio ambiente y avanzar hacia una econom\u00eda&nbsp;circular. A diferencia del reciclaje, que&nbsp;solo&nbsp;recupera materiales,&nbsp;<strong>reparar y&nbsp;reutilizar,&nbsp;alarga la vida de los productos,<\/strong>&nbsp;evita emisiones asociadas a la fabricaci\u00f3n de nuevos y reduce la generaci\u00f3n de residuos.&nbsp;&nbsp;<\/p>\n\n\n\n<p>Adem\u00e1s, este cambio de paradigma no&nbsp;solo&nbsp;tiene impacto ambiental: la reparaci\u00f3n y reutilizaci\u00f3n fomenta una&nbsp;<strong>mentalidad de consumo responsable<\/strong>&nbsp;y sensibiliza a la ciudadan\u00eda sobre el uso eficiente de los recursos y la reducci\u00f3n de residuos. Seg\u00fan estudios sobre actividades de reparaci\u00f3n y reutilizaci\u00f3n, estas acciones ayudan a&nbsp;<strong>normalizar comportamientos sostenibles<\/strong>, estimulan la participaci\u00f3n comunitaria y promueven el acceso a bienes a precios asequibles, a la vez que pueden crear v\u00ednculos entre las personas que se implican.&nbsp;&nbsp;<\/p>\n\n\n\n<div class=\"wp-block-uagb-advanced-heading uagb-block-093ac8d6\"><h4 class=\"uagb-heading-text\"><strong>CERCLE&nbsp;ZERO: ALARGAR LA VIDA DE LOS OBJETOS<\/strong>&nbsp;<\/h4><\/div>\n\n\n\n<p>En este marco nace&nbsp;<strong>Cercle&nbsp;Zero<\/strong>, una propuesta abierta y gratuita que organiza actividades de reparaci\u00f3n y reutilizaci\u00f3n con el objetivo de demostrar que alargar la vida de los objetos puede ser sencillo y gratificante, y que, con el apoyo de los ayuntamientos, se puede generar un impacto real en los territorios. Este a\u00f1o ha sido&nbsp;el&nbsp;<strong>tercer a\u00f1o&nbsp;de&nbsp;Cercle&nbsp;Zero,<\/strong>&nbsp;con la participaci\u00f3n de&nbsp;<strong>2.375 personas<\/strong>&nbsp;en&nbsp;<strong>290 actividades<\/strong>&nbsp;celebradas en Barcelona y otros municipios de alrededor. Gracias a este compromiso colectivo se han evitado&nbsp;<strong>1,87 toneladas de residuos&nbsp;<\/strong>(incluyendo textil, aparatos el\u00e9ctricos y electr\u00f3nicos, comida o pl\u00e1sticos), contribuyendo as\u00ed a reducir la huella ambiental y a promover alternativas a la cultura del descarte.&nbsp;<\/p>\n\n\n\n<div class=\"wp-block-uagb-advanced-heading uagb-block-f5ad137b\"><h4 class=\"uagb-heading-text\">SE UN MUNICIPIO CERCLE ZERO<\/h4><\/div>\n\n\n\n<p><strong>Formar parte de los municipios de Cercle Zero significa apostar por la prevenci\u00f3n de residuos desde la proximidad y con impacto directo sobre la ciudadan\u00eda.<\/strong> Los ayuntamientos que se adhieren ofrecen actividades gratuitas que fomentan h\u00e1bitos m\u00e1s sostenibles, sensibilizan a la poblaci\u00f3n y refuerzan el tejido comunitario. Adem\u00e1s, Cercle Zero permite visibilizar el compromiso municipal con la econom\u00eda circular, reducir residuos en el territorio y generar espacios de participaci\u00f3n activa, donde la ciudadan\u00eda pasa de ser espectadora a protagonista del cambio.<\/p>\n\n\n\n<p>La reparaci\u00f3n y reutilizaci\u00f3n son pasos esenciales para reducir&nbsp;residuos y emisiones, y todo el mundo puede contribuir con gestos cotidianos.&nbsp;&nbsp;<\/p>\n\n\n\n<p>Si quieres participar en las actividades de&nbsp;Cercle&nbsp;Zero y formar parte del cambio hacia un modelo m\u00e1s sostenible, encuentra toda la informaci\u00f3n en <a href=\"http:\/\/www.cerclezero.cat\/activitats\" data-type=\"link\" data-id=\"www.cerclezero.cat\/activitats\" target=\"_blank\" rel=\"noopener\">www.cerclezero.cat\/activitats<\/a>.&nbsp;<\/p>\n","protected":false},"excerpt":{"rendered":"<p>Cada a\u00f1o se generan toneladas de residuos y lo que deber\u00eda ser la alternativa que soluciones esta problem\u00e1tica, la recogida selectiva,&#8230;<\/p>\n","protected":false},"author":2,"featured_media":13313,"comment_status":"closed","ping_status":"closed","sticky":false,"template":"","format":"standard","meta":{"_uag_custom_page_level_css":"","_kad_blocks_custom_css":"","_kad_blocks_head_custom_js":"","_kad_blocks_body_custom_js":"","_kad_blocks_footer_custom_js":"","_kad_post_transparent":"","_kad_post_title":"","_kad_post_layout":"","_kad_post_sidebar_id":"","_kad_post_content_style":"","_kad_post_vertical_padding":"","_kad_post_feature":"","_kad_post_feature_position":"","_kad_post_header":false,"_kad_post_footer":false,"_kad_post_classname":"","footnotes":""},"categories":[757,761],"tags":[],"class_list":["post-13314","post","type-post","status-publish","format-standard","has-post-thumbnail","hentry","category-educacion-ambiental","category-medio-ambiente"],"taxonomy_info":{"category":[{"value":757,"label":"Educaci\u00f3n ambiental"},{"value":761,"label":"MEDIO AMBIENTE"}]},"featured_image_src_large":["https:\/\/solidanca.cat\/wp-content\/uploads\/2026\/01\/FOTO-NOTICIES-WEB.png",800,400,false],"author_info":{"display_name":"Solidan\u00e7a","author_link":"https:\/\/solidanca.cat\/es\/author\/alberg\/"},"comment_info":0,"category_info":[{"term_id":757,"name":"Educaci\u00f3n ambiental","slug":"educacion-ambiental","term_group":0,"term_taxonomy_id":757,"taxonomy":"category","description":"","parent":0,"count":80,"filter":"raw","cat_ID":757,"category_count":80,"category_description":"","cat_name":"Educaci\u00f3n ambiental","category_nicename":"educacion-ambiental","category_parent":0},{"term_id":761,"name":"MEDIO AMBIENTE","slug":"medio-ambiente","term_group":0,"term_taxonomy_id":761,"taxonomy":"category","description":"","parent":0,"count":263,"filter":"raw","cat_ID":761,"category_count":263,"category_description":"","cat_name":"MEDIO AMBIENTE","category_nicename":"medio-ambiente","category_parent":0}],"tag_info":false,"uagb_featured_image_src":{"full":["https:\/\/solidanca.cat\/wp-content\/uploads\/2026\/01\/FOTO-NOTICIES-WEB.png",800,400,false],"thumbnail":["https:\/\/solidanca.cat\/wp-content\/uploads\/2026\/01\/FOTO-NOTICIES-WEB-150x150.png",150,150,true],"medium":["https:\/\/solidanca.cat\/wp-content\/uploads\/2026\/01\/FOTO-NOTICIES-WEB-300x150.png",300,150,true],"medium_large":["https:\/\/solidanca.cat\/wp-content\/uploads\/2026\/01\/FOTO-NOTICIES-WEB-768x384.png",768,384,true],"large":["https:\/\/solidanca.cat\/wp-content\/uploads\/2026\/01\/FOTO-NOTICIES-WEB.png",800,400,false],"1536x1536":["https:\/\/solidanca.cat\/wp-content\/uploads\/2026\/01\/FOTO-NOTICIES-WEB.png",800,400,false],"2048x2048":["https:\/\/solidanca.cat\/wp-content\/uploads\/2026\/01\/FOTO-NOTICIES-WEB.png",800,400,false]},"uagb_author_info":{"display_name":"Solidan\u00e7a","author_link":"https:\/\/solidanca.cat\/es\/author\/alberg\/"},"uagb_comment_info":0,"uagb_excerpt":"Cada a\u00f1o se generan toneladas de residuos y lo que deber\u00eda ser la alternativa que soluciones esta problem\u00e1tica, la recogida selectiva,...","_links":{"self":[{"href":"https:\/\/solidanca.cat\/es\/wp-json\/wp\/v2\/posts\/13314","targetHints":{"allow":["GET"]}}],"collection":[{"href":"https:\/\/solidanca.cat\/es\/wp-json\/wp\/v2\/posts"}],"about":[{"href":"https:\/\/solidanca.cat\/es\/wp-json\/wp\/v2\/types\/post"}],"author":[{"embeddable":true,"href":"https:\/\/solidanca.cat\/es\/wp-json\/wp\/v2\/users\/2"}],"replies":[{"embeddable":true,"href":"https:\/\/solidanca.cat\/es\/wp-json\/wp\/v2\/comments?post=13314"}],"version-history":[{"count":2,"href":"https:\/\/solidanca.cat\/es\/wp-json\/wp\/v2\/posts\/13314\/revisions"}],"predecessor-version":[{"id":13324,"href":"https:\/\/solidanca.cat\/es\/wp-json\/wp\/v2\/posts\/13314\/revisions\/13324"}],"wp:featuredmedia":[{"embeddable":true,"href":"https:\/\/solidanca.cat\/es\/wp-json\/wp\/v2\/media\/13313"}],"wp:attachment":[{"href":"https:\/\/solidanca.cat\/es\/wp-json\/wp\/v2\/media?parent=13314"}],"wp:term":[{"taxonomy":"category","embeddable":true,"href":"https:\/\/solidanca.cat\/es\/wp-json\/wp\/v2\/categories?post=13314"},{"taxonomy":"post_tag","embeddable":true,"href":"https:\/\/solidanca.cat\/es\/wp-json\/wp\/v2\/tags?post=13314"}],"curies":[{"name":"wp","href":"https:\/\/api.w.org\/{rel}","templated":true}]}}