{"id":13350,"date":"2026-01-26T11:58:00","date_gmt":"2026-01-26T10:58:00","guid":{"rendered":"https:\/\/solidanca.cat\/?p=13350"},"modified":"2026-01-23T11:03:58","modified_gmt":"2026-01-23T10:03:58","slug":"la-educacion-ambiental-clave-para-construir-una-sociedad-mas-sostenible","status":"publish","type":"post","link":"https:\/\/solidanca.cat\/es\/la-educacion-ambiental-clave-para-construir-una-sociedad-mas-sostenible\/","title":{"rendered":"La educaci\u00f3n ambiental, clave para construir una sociedad m\u00e1s sostenible\u00a0"},"content":{"rendered":"\n<p>Cada&nbsp;<strong>26 de enero<\/strong>&nbsp;se celebra el&nbsp;<strong>D\u00eda Mundial de la Educaci\u00f3n Ambiental<\/strong>, una jornada que recuerda la importancia de concienciar a la sociedad sobre los retos medioambientales y de fomentar la responsabilidad ciudadana hacia nuestro entorno. Sensibilizar a las generaciones m\u00e1s j\u00f3venes es clave para crear h\u00e1bitos sostenibles que perduren en el tiempo, desde el consumo responsable hasta la gesti\u00f3n adecuada de los residuos y el cuidado de los recursos naturales.&nbsp;<\/p>\n\n\n\n<p>En&nbsp;Solidan\u00e7a&nbsp;somos conscientes de esta responsabilidad y, por ello, durante el 2025 hemos continuado impulsando las&nbsp;<strong>Campa\u00f1as Escolares de Educaci\u00f3n Ambiental<\/strong>. Hemos llevado a cabo&nbsp;<strong>38 campa\u00f1as de educaci\u00f3n ambiental y m\u00e1s de 20 actividades<\/strong>&nbsp;puntuales, llegando a&nbsp;<strong>667 alumnos&nbsp;<\/strong>y participando en&nbsp;<strong>44 centros educativos de 16 municipios diferentes.<\/strong>&nbsp;Aunque este a\u00f1o el n\u00famero de campa\u00f1as se ha visto ligeramente reducido, el inter\u00e9s y la implicaci\u00f3n de los centros participantes han permitido mantener un impacto significativo y de calidad.&nbsp;<\/p>\n\n\n\n<p>Las campa\u00f1as tienen como eje central el residuo textil, pero el trabajo educativo va mucho m\u00e1s all\u00e1. A partir de este hilo conductor, se proporcionan herramientas pr\u00e1cticas para prevenir la generaci\u00f3n de residuos, fomentar la reutilizaci\u00f3n y reflexionar sobre los modelos de consumo actuales. Tambi\u00e9n se aprovecha para dar a conocer proyectos como&nbsp;Solidan\u00e7a&nbsp;y Roba Amiga, as\u00ed como la labor que llevamos a cabo en la gesti\u00f3n sostenible de los residuos y en la inserci\u00f3n sociolaboral de personas en situaci\u00f3n de vulnerabilidad social.&nbsp;<\/p>\n\n\n\n<p>Como parte de la vertiente m\u00e1s pr\u00e1ctica de las campa\u00f1as,&nbsp;este primer semestre de 2025 se han&nbsp;recogido&nbsp;<strong>m\u00e1s de 2.700 kg de ropa y peque\u00f1os aparatos el\u00e9ctricos y electr\u00f3nicos (PAEE)<\/strong>&nbsp;gracias a la&nbsp;participaci\u00f3n activa&nbsp;de los centros educativos. Esta acci\u00f3n permite traducir los contenidos trabajados en el aula en gestos concretos, reforzando el aprendizaje y promoviendo h\u00e1bitos sostenibles que pueden perdurar en el tiempo.&nbsp;<\/p>\n\n\n\n<p>Desde&nbsp;Solidan\u00e7a&nbsp;entendemos la educaci\u00f3n ambiental como una herramienta fundamental para construir una sociedad m\u00e1s responsable y comprometida con los retos ambientales globales. Por ello, no s\u00f3lo ponemos el foco en el conocimiento, sino en fomentar actitudes cr\u00edticas y transformadoras.&nbsp;<\/p>\n\n\n\n<p>Si tu centro o municipio quiere participar en las campa\u00f1as educativas,\u00a0puedes\u00a0solicitar el servicio a trav\u00e9s de este <a href=\"https:\/\/forms.office.com\/e\/9KwW8W6mCP\" target=\"_blank\" rel=\"noopener\">formulario<\/a> o enviando un correo a: eduambiental@solidanca.cat\u00a0<\/p>\n\n\n\n<p><\/p>\n","protected":false},"excerpt":{"rendered":"<p>Cada&nbsp;26 de enero&nbsp;se celebra el&nbsp;D\u00eda Mundial de la Educaci\u00f3n Ambiental, una jornada que recuerda la importancia de concienciar a la sociedad&#8230;<\/p>\n","protected":false},"author":2,"featured_media":13354,"comment_status":"closed","ping_status":"closed","sticky":false,"template":"","format":"standard","meta":{"_uag_custom_page_level_css":"","_kad_blocks_custom_css":"","_kad_blocks_head_custom_js":"","_kad_blocks_body_custom_js":"","_kad_blocks_footer_custom_js":"","_kad_post_transparent":"","_kad_post_title":"","_kad_post_layout":"","_kad_post_sidebar_id":"","_kad_post_content_style":"","_kad_post_vertical_padding":"","_kad_post_feature":"","_kad_post_feature_position":"","_kad_post_header":false,"_kad_post_footer":false,"_kad_post_classname":"","footnotes":""},"categories":[757,761],"tags":[873,846,894,819],"class_list":["post-13350","post","type-post","status-publish","format-standard","has-post-thumbnail","hentry","category-educacion-ambiental","category-medio-ambiente","tag-economia-circular-es","tag-medio-ambiente","tag-residus","tag-solidanca-es"],"taxonomy_info":{"category":[{"value":757,"label":"Educaci\u00f3n ambiental"},{"value":761,"label":"MEDIO AMBIENTE"}],"post_tag":[{"value":873,"label":"economia circular"},{"value":846,"label":"medio ambiente"},{"value":894,"label":"residus"},{"value":819,"label":"Solidan\u00e7a"}]},"featured_image_src_large":["https:\/\/solidanca.cat\/wp-content\/uploads\/2026\/01\/FOTO-NOTICIES-WEB-1.jpg",800,400,false],"author_info":{"display_name":"Solidan\u00e7a","author_link":"https:\/\/solidanca.cat\/es\/author\/alberg\/"},"comment_info":0,"category_info":[{"term_id":757,"name":"Educaci\u00f3n ambiental","slug":"educacion-ambiental","term_group":0,"term_taxonomy_id":757,"taxonomy":"category","description":"","parent":0,"count":80,"filter":"raw","cat_ID":757,"category_count":80,"category_description":"","cat_name":"Educaci\u00f3n ambiental","category_nicename":"educacion-ambiental","category_parent":0},{"term_id":761,"name":"MEDIO AMBIENTE","slug":"medio-ambiente","term_group":0,"term_taxonomy_id":761,"taxonomy":"category","description":"","parent":0,"count":263,"filter":"raw","cat_ID":761,"category_count":263,"category_description":"","cat_name":"MEDIO AMBIENTE","category_nicename":"medio-ambiente","category_parent":0}],"tag_info":[{"term_id":873,"name":"economia circular","slug":"economia-circular-es","term_group":0,"term_taxonomy_id":873,"taxonomy":"post_tag","description":"","parent":0,"count":20,"filter":"raw"},{"term_id":846,"name":"medio ambiente","slug":"medio-ambiente","term_group":0,"term_taxonomy_id":846,"taxonomy":"post_tag","description":"","parent":0,"count":18,"filter":"raw"},{"term_id":894,"name":"residus","slug":"residus","term_group":0,"term_taxonomy_id":894,"taxonomy":"post_tag","description":"","parent":0,"count":9,"filter":"raw"},{"term_id":819,"name":"Solidan\u00e7a","slug":"solidanca-es","term_group":0,"term_taxonomy_id":819,"taxonomy":"post_tag","description":"","parent":0,"count":53,"filter":"raw"}],"uagb_featured_image_src":{"full":["https:\/\/solidanca.cat\/wp-content\/uploads\/2026\/01\/FOTO-NOTICIES-WEB-1.jpg",800,400,false],"thumbnail":["https:\/\/solidanca.cat\/wp-content\/uploads\/2026\/01\/FOTO-NOTICIES-WEB-1-150x150.jpg",150,150,true],"medium":["https:\/\/solidanca.cat\/wp-content\/uploads\/2026\/01\/FOTO-NOTICIES-WEB-1-300x150.jpg",300,150,true],"medium_large":["https:\/\/solidanca.cat\/wp-content\/uploads\/2026\/01\/FOTO-NOTICIES-WEB-1-768x384.jpg",768,384,true],"large":["https:\/\/solidanca.cat\/wp-content\/uploads\/2026\/01\/FOTO-NOTICIES-WEB-1.jpg",800,400,false],"1536x1536":["https:\/\/solidanca.cat\/wp-content\/uploads\/2026\/01\/FOTO-NOTICIES-WEB-1.jpg",800,400,false],"2048x2048":["https:\/\/solidanca.cat\/wp-content\/uploads\/2026\/01\/FOTO-NOTICIES-WEB-1.jpg",800,400,false]},"uagb_author_info":{"display_name":"Solidan\u00e7a","author_link":"https:\/\/solidanca.cat\/es\/author\/alberg\/"},"uagb_comment_info":0,"uagb_excerpt":"Cada&nbsp;26 de enero&nbsp;se celebra el&nbsp;D\u00eda Mundial de la Educaci\u00f3n Ambiental, una jornada que recuerda la importancia de concienciar a la sociedad...","_links":{"self":[{"href":"https:\/\/solidanca.cat\/es\/wp-json\/wp\/v2\/posts\/13350","targetHints":{"allow":["GET"]}}],"collection":[{"href":"https:\/\/solidanca.cat\/es\/wp-json\/wp\/v2\/posts"}],"about":[{"href":"https:\/\/solidanca.cat\/es\/wp-json\/wp\/v2\/types\/post"}],"author":[{"embeddable":true,"href":"https:\/\/solidanca.cat\/es\/wp-json\/wp\/v2\/users\/2"}],"replies":[{"embeddable":true,"href":"https:\/\/solidanca.cat\/es\/wp-json\/wp\/v2\/comments?post=13350"}],"version-history":[{"count":3,"href":"https:\/\/solidanca.cat\/es\/wp-json\/wp\/v2\/posts\/13350\/revisions"}],"predecessor-version":[{"id":13359,"href":"https:\/\/solidanca.cat\/es\/wp-json\/wp\/v2\/posts\/13350\/revisions\/13359"}],"wp:featuredmedia":[{"embeddable":true,"href":"https:\/\/solidanca.cat\/es\/wp-json\/wp\/v2\/media\/13354"}],"wp:attachment":[{"href":"https:\/\/solidanca.cat\/es\/wp-json\/wp\/v2\/media?parent=13350"}],"wp:term":[{"taxonomy":"category","embeddable":true,"href":"https:\/\/solidanca.cat\/es\/wp-json\/wp\/v2\/categories?post=13350"},{"taxonomy":"post_tag","embeddable":true,"href":"https:\/\/solidanca.cat\/es\/wp-json\/wp\/v2\/tags?post=13350"}],"curies":[{"name":"wp","href":"https:\/\/api.w.org\/{rel}","templated":true}]}}