{"id":13542,"date":"2026-03-17T10:00:00","date_gmt":"2026-03-17T09:00:00","guid":{"rendered":"https:\/\/solidanca.cat\/?p=13542"},"modified":"2026-03-13T11:00:23","modified_gmt":"2026-03-13T10:00:23","slug":"balance-2025-del-servicio-de-recogida-de-voluminosos-de-solidanca-en-mataro","status":"publish","type":"post","link":"https:\/\/solidanca.cat\/es\/balance-2025-del-servicio-de-recogida-de-voluminosos-de-solidanca-en-mataro\/","title":{"rendered":"Balance 2025 del servicio de recogida de voluminosos de\u00a0Solidan\u00e7a\u00a0en Matar\u00f3"},"content":{"rendered":"\n<p>Durante 2025,&nbsp;Solidan\u00e7a&nbsp;ha continuado desplegando el servicio de recogida de residuos voluminosos en Matar\u00f3, una herramienta fundamental para mejorar la gesti\u00f3n municipal de los residuos y reducir el abandono de objetos en la v\u00eda p\u00fablica. A trav\u00e9s del convenio con la administraci\u00f3n local, el servicio permite recoger muebles y otros materiales de gran volumen, promoviendo su preparaci\u00f3n para la reutilizaci\u00f3n y contribuyendo activamente a un modelo de econom\u00eda circular con impacto social.&nbsp;<\/p>\n\n\n\n<p>El modelo de intervenci\u00f3n combina la recogida selectiva con procesos de selecci\u00f3n, reparaci\u00f3n y reutilizaci\u00f3n. Los objetos recuperables se condicionan y se ponen nuevamente a la venta en las tiendas&nbsp;Solidan\u00e7a&nbsp;\/ Ropa Amiga, mientras que aquellos que no pueden ser reutilizados se gestionan correctamente para su reciclaje. Este sistema permite reducir residuos, evitar emisiones de CO\u2082 y generar puestos de trabajo de inserci\u00f3n para personas en situaci\u00f3n de vulnerabilidad social.&nbsp;&nbsp;<\/p>\n\n\n\n<p>Adem\u00e1s, el servicio se convierte en una oportunidad para ofrecer itinerarios de inserci\u00f3n sociolaboral con formaci\u00f3n y acompa\u00f1amiento personalizado, mejorando las competencias profesionales y facilitando el acceso al mercado laboral ordinario.&nbsp;<\/p>\n\n\n\n<p><strong>Servicio de recogida de voluminosos en Matar\u00f3&nbsp;<\/strong>&nbsp;<\/p>\n\n\n\n<p>En el caso de Matar\u00f3, a lo largo de 2025 se han realizado&nbsp;<strong>18.511 servicios de recogida<\/strong>, con los que se han generado&nbsp;<strong>15 puestos de trabajo de inserci\u00f3n<\/strong>&nbsp;para personas en situaci\u00f3n de vulnerabilidad social. El servicio municipal de recogida de voluminosos a domicilio, impulsado por el Ayuntamiento y gestionado por&nbsp;Solidan\u00e7a, se ha consolidado como una herramienta estable para mejorar la gesti\u00f3n de los residuos voluminosos en el municipio.&nbsp;&nbsp;&nbsp;<\/p>\n\n\n\n<p>El servicio destaca por su modelo innovador de recogida con cita previa, que permite realizar la retirada directamente en el domicilio. Esta modalidad mejora la preservaci\u00f3n de los muebles y objetos recogidos, fomentando la reutilizaci\u00f3n y el reciclaje y aumentando la tasa de recuperaci\u00f3n. Los resultados de este modelo quedan reflejados en el balance de 2025, con&nbsp;<strong>1.557 toneladas de residuos voluminosos recogidos<\/strong>, de los que&nbsp;<strong>2.970 kg han sido reutilizados<\/strong>, evitando la emisi\u00f3n de&nbsp;<strong>5.845 kg de CO\u2082.<\/strong>&nbsp;<\/p>\n\n\n\n<p>El balance de 2025 reafirma el servicio de recogida de voluminosos en Matar\u00f3 como una herramienta estrat\u00e9gica para avanzar hacia una gesti\u00f3n de residuos m\u00e1s sostenible y eficiente. La combinaci\u00f3n entre reutilizaci\u00f3n, inserci\u00f3n sociolaboral y trabajo coordinado con la administraci\u00f3n local evidencia que es posible generar un impacto ambiental positivo a la vez que se crea retorno social y valor para el territorio.&nbsp;<\/p>\n\n\n\n<figure class=\"wp-block-image size-large\"><img loading=\"lazy\" decoding=\"async\" width=\"1024\" height=\"165\" src=\"https:\/\/solidanca.cat\/wp-content\/uploads\/2026\/03\/Logos-per-difu-projectes-72-\u00d7-16-in-62-x-10-in-1024x165.jpg\" alt=\"\" class=\"wp-image-13582\" srcset=\"https:\/\/solidanca.cat\/wp-content\/uploads\/2026\/03\/Logos-per-difu-projectes-72-\u00d7-16-in-62-x-10-in-1024x165.jpg 1024w, https:\/\/solidanca.cat\/wp-content\/uploads\/2026\/03\/Logos-per-difu-projectes-72-\u00d7-16-in-62-x-10-in-300x48.jpg 300w, https:\/\/solidanca.cat\/wp-content\/uploads\/2026\/03\/Logos-per-difu-projectes-72-\u00d7-16-in-62-x-10-in-768x124.jpg 768w, https:\/\/solidanca.cat\/wp-content\/uploads\/2026\/03\/Logos-per-difu-projectes-72-\u00d7-16-in-62-x-10-in-1536x248.jpg 1536w, https:\/\/solidanca.cat\/wp-content\/uploads\/2026\/03\/Logos-per-difu-projectes-72-\u00d7-16-in-62-x-10-in-2048x330.jpg 2048w\" sizes=\"auto, (max-width: 1024px) 100vw, 1024px\" \/><\/figure>\n","protected":false},"excerpt":{"rendered":"<p>Durante 2025,&nbsp;Solidan\u00e7a&nbsp;ha continuado desplegando el servicio de recogida de residuos voluminosos en Matar\u00f3, una herramienta fundamental para mejorar la gesti\u00f3n municipal&#8230;<\/p>\n","protected":false},"author":2,"featured_media":13541,"comment_status":"closed","ping_status":"closed","sticky":false,"template":"","format":"standard","meta":{"_uag_custom_page_level_css":"","_kad_blocks_custom_css":"","_kad_blocks_head_custom_js":"","_kad_blocks_body_custom_js":"","_kad_blocks_footer_custom_js":"","_kad_post_transparent":"","_kad_post_title":"","_kad_post_layout":"","_kad_post_sidebar_id":"","_kad_post_content_style":"","_kad_post_vertical_padding":"","_kad_post_feature":"","_kad_post_feature_position":"","_kad_post_header":false,"_kad_post_footer":false,"_kad_post_classname":"","footnotes":""},"categories":[761],"tags":[],"class_list":["post-13542","post","type-post","status-publish","format-standard","has-post-thumbnail","hentry","category-medio-ambiente"],"taxonomy_info":{"category":[{"value":761,"label":"MEDIO AMBIENTE"}]},"featured_image_src_large":["https:\/\/solidanca.cat\/wp-content\/uploads\/2026\/02\/FOTO-NOTICIES-WEB-4.png",800,400,false],"author_info":{"display_name":"Solidan\u00e7a","author_link":"https:\/\/solidanca.cat\/es\/author\/alberg\/"},"comment_info":0,"category_info":[{"term_id":761,"name":"MEDIO AMBIENTE","slug":"medio-ambiente","term_group":0,"term_taxonomy_id":761,"taxonomy":"category","description":"","parent":0,"count":263,"filter":"raw","cat_ID":761,"category_count":263,"category_description":"","cat_name":"MEDIO AMBIENTE","category_nicename":"medio-ambiente","category_parent":0}],"tag_info":false,"uagb_featured_image_src":{"full":["https:\/\/solidanca.cat\/wp-content\/uploads\/2026\/02\/FOTO-NOTICIES-WEB-4.png",800,400,false],"thumbnail":["https:\/\/solidanca.cat\/wp-content\/uploads\/2026\/02\/FOTO-NOTICIES-WEB-4-150x150.png",150,150,true],"medium":["https:\/\/solidanca.cat\/wp-content\/uploads\/2026\/02\/FOTO-NOTICIES-WEB-4-300x150.png",300,150,true],"medium_large":["https:\/\/solidanca.cat\/wp-content\/uploads\/2026\/02\/FOTO-NOTICIES-WEB-4-768x384.png",768,384,true],"large":["https:\/\/solidanca.cat\/wp-content\/uploads\/2026\/02\/FOTO-NOTICIES-WEB-4.png",800,400,false],"1536x1536":["https:\/\/solidanca.cat\/wp-content\/uploads\/2026\/02\/FOTO-NOTICIES-WEB-4.png",800,400,false],"2048x2048":["https:\/\/solidanca.cat\/wp-content\/uploads\/2026\/02\/FOTO-NOTICIES-WEB-4.png",800,400,false]},"uagb_author_info":{"display_name":"Solidan\u00e7a","author_link":"https:\/\/solidanca.cat\/es\/author\/alberg\/"},"uagb_comment_info":0,"uagb_excerpt":"Durante 2025,&nbsp;Solidan\u00e7a&nbsp;ha continuado desplegando el servicio de recogida de residuos voluminosos en Matar\u00f3, una herramienta fundamental para mejorar la gesti\u00f3n municipal...","_links":{"self":[{"href":"https:\/\/solidanca.cat\/es\/wp-json\/wp\/v2\/posts\/13542","targetHints":{"allow":["GET"]}}],"collection":[{"href":"https:\/\/solidanca.cat\/es\/wp-json\/wp\/v2\/posts"}],"about":[{"href":"https:\/\/solidanca.cat\/es\/wp-json\/wp\/v2\/types\/post"}],"author":[{"embeddable":true,"href":"https:\/\/solidanca.cat\/es\/wp-json\/wp\/v2\/users\/2"}],"replies":[{"embeddable":true,"href":"https:\/\/solidanca.cat\/es\/wp-json\/wp\/v2\/comments?post=13542"}],"version-history":[{"count":2,"href":"https:\/\/solidanca.cat\/es\/wp-json\/wp\/v2\/posts\/13542\/revisions"}],"predecessor-version":[{"id":13583,"href":"https:\/\/solidanca.cat\/es\/wp-json\/wp\/v2\/posts\/13542\/revisions\/13583"}],"wp:featuredmedia":[{"embeddable":true,"href":"https:\/\/solidanca.cat\/es\/wp-json\/wp\/v2\/media\/13541"}],"wp:attachment":[{"href":"https:\/\/solidanca.cat\/es\/wp-json\/wp\/v2\/media?parent=13542"}],"wp:term":[{"taxonomy":"category","embeddable":true,"href":"https:\/\/solidanca.cat\/es\/wp-json\/wp\/v2\/categories?post=13542"},{"taxonomy":"post_tag","embeddable":true,"href":"https:\/\/solidanca.cat\/es\/wp-json\/wp\/v2\/tags?post=13542"}],"curies":[{"name":"wp","href":"https:\/\/api.w.org\/{rel}","templated":true}]}}