{"id":13620,"date":"2026-03-12T10:00:00","date_gmt":"2026-03-12T09:00:00","guid":{"rendered":"https:\/\/solidanca.cat\/?p=13620"},"modified":"2026-03-05T12:21:48","modified_gmt":"2026-03-05T11:21:48","slug":"iniciamos-una-nueva-edicion-del-programa-trabajo-y-formacion-linea-acol-para-impulsar-la-insercion-de-personas-migradas","status":"publish","type":"post","link":"https:\/\/solidanca.cat\/es\/iniciamos-una-nueva-edicion-del-programa-trabajo-y-formacion-linea-acol-para-impulsar-la-insercion-de-personas-migradas\/","title":{"rendered":"Iniciamos una nueva edici\u00f3n del programa Trabajo y Formaci\u00f3n l\u00ednea ACOL para impulsar la inserci\u00f3n de personas migradas\u00a0"},"content":{"rendered":"\n<p>Solidan\u00e7a&nbsp;inicia una nueva edici\u00f3n del programa&nbsp;<strong>Trabajo y Formaci\u00f3n (TRFO-SOC) l\u00ednea ACOL, convocatoria 2025 anticipada<\/strong>, una iniciativa orientada a mejorar la empleabilidad de personas en situaci\u00f3n administrativa irregular extracomunitarias que cumplen los requisitos para acceder a un proceso de arraigo sociolaboral.&nbsp;<\/p>\n\n\n\n<p>Este a\u00f1o, hemos incorporado al equipo a&nbsp;<strong>9 personas gracias<\/strong>&nbsp;al programa. De ellas,&nbsp;<strong>7 desarrollar\u00e1n su actividad en el \u00e1rea de Barcelona y 2 en el centro de trabajo de Girona<\/strong>, vinculadas a diferentes servicios y proyectos de la organizaci\u00f3n.&nbsp;<\/p>\n\n\n\n<p>En el caso de la l\u00ednea ACOL, estas contrataciones permiten que personas migradas extracomunitarias en situaci\u00f3n administrativa irregular puedan i<strong>niciar un proceso de regularizaci\u00f3n a trav\u00e9s del trabajo<\/strong>. Durante el periodo de contrataci\u00f3n, las personas participantes desarrollan su actividad laboral mientras reciben apoyo y orientaci\u00f3n para facilitar su integraci\u00f3n social y laboral.&nbsp;<\/p>\n\n\n\n<p>Adem\u00e1s de la experiencia profesional, el programa incluye un i<strong>tinerario de inserci\u00f3n sociolaboral con tutor\u00edas y formaci\u00f3n en competencias transversales (Habilidades sociales de comunicaci\u00f3n y resoluci\u00f3n de conflictos en el centro de trabajo)<\/strong>, con el objetivo de reforzar las competencias profesionales y personales de las personas participantes y mejorar sus oportunidades de acceso al mercado laboral ordinario.&nbsp;<\/p>\n\n\n\n<p>Con esta iniciativa,&nbsp;Solidan\u00e7a&nbsp;reafirma su compromiso con la inclusi\u00f3n social y laboral de las personas en situaci\u00f3n de vulnerabilidad, promoviendo oportunidades reales de acceso al trabajo y contribuyendo a una sociedad m\u00e1s justa e inclusiva.&nbsp;<\/p>\n\n\n\n<p>El programa Trabajo y Formaci\u00f3n TRFO-SOC l\u00ednea ACOL recibe el apoyo del Servicio P\u00fablico de Empleo de Catalu\u00f1a y del Departamento de Trabajo y Empresa de la Generalidad de Catalu\u00f1a, con la cofinanciaci\u00f3n del Fondo Social Europeo.&nbsp;<\/p>\n\n\n\n<figure class=\"wp-block-image is-resized\"><img decoding=\"async\" src=\"https:\/\/solidanca.cat\/wp-content\/uploads\/2023\/11\/logo-BO-FONS-SOCIAL-sense-fons-1024x285.png\" alt=\"\" class=\"wp-image-17160\" style=\"width:259px;height:auto\"\/><\/figure>\n\n\n<div class=\"wp-block-image\">\n<figure class=\"alignleft is-resized\"><a href=\"https:\/\/solidanca.cat\/wp-content\/uploads\/2024\/12\/baixa.png\"><img decoding=\"async\" src=\"https:\/\/solidanca.cat\/wp-content\/uploads\/2024\/12\/baixa.png\" alt=\"\" class=\"wp-image-65464\" style=\"aspect-ratio:3.886855241264559;width:198px;height:auto\"\/><\/a><\/figure>\n<\/div>\n\n\n<figure class=\"wp-block-image is-resized\"><img decoding=\"async\" src=\"https:\/\/solidanca.cat\/wp-content\/uploads\/2023\/11\/soc_2l.jpg\" alt=\"\" class=\"wp-image-17162\" style=\"width:306px;height:auto\"\/><\/figure>\n\n\n\n<p><\/p>\n","protected":false},"excerpt":{"rendered":"<p>Solidan\u00e7a&nbsp;inicia una nueva edici\u00f3n del programa&nbsp;Trabajo y Formaci\u00f3n (TRFO-SOC) l\u00ednea ACOL, convocatoria 2025 anticipada, una iniciativa orientada a mejorar la empleabilidad&#8230;<\/p>\n","protected":false},"author":2,"featured_media":13619,"comment_status":"closed","ping_status":"closed","sticky":false,"template":"","format":"standard","meta":{"_uag_custom_page_level_css":"","_kad_blocks_custom_css":"","_kad_blocks_head_custom_js":"","_kad_blocks_body_custom_js":"","_kad_blocks_footer_custom_js":"","_kad_post_transparent":"","_kad_post_title":"","_kad_post_layout":"","_kad_post_sidebar_id":"","_kad_post_content_style":"","_kad_post_vertical_padding":"","_kad_post_feature":"","_kad_post_feature_position":"","_kad_post_header":false,"_kad_post_footer":false,"_kad_post_classname":"","footnotes":""},"categories":[763],"tags":[],"class_list":["post-13620","post","type-post","status-publish","format-standard","has-post-thumbnail","hentry","category-area-social-es"],"taxonomy_info":{"category":[{"value":763,"label":"Area Social"}]},"featured_image_src_large":["https:\/\/solidanca.cat\/wp-content\/uploads\/2026\/03\/FOTO-NOTICIES-WEB.png",800,400,false],"author_info":{"display_name":"Solidan\u00e7a","author_link":"https:\/\/solidanca.cat\/es\/author\/alberg\/"},"comment_info":0,"category_info":[{"term_id":763,"name":"Area Social","slug":"area-social-es","term_group":0,"term_taxonomy_id":763,"taxonomy":"category","description":"","parent":0,"count":205,"filter":"raw","cat_ID":763,"category_count":205,"category_description":"","cat_name":"Area Social","category_nicename":"area-social-es","category_parent":0}],"tag_info":false,"uagb_featured_image_src":{"full":["https:\/\/solidanca.cat\/wp-content\/uploads\/2026\/03\/FOTO-NOTICIES-WEB.png",800,400,false],"thumbnail":["https:\/\/solidanca.cat\/wp-content\/uploads\/2026\/03\/FOTO-NOTICIES-WEB-150x150.png",150,150,true],"medium":["https:\/\/solidanca.cat\/wp-content\/uploads\/2026\/03\/FOTO-NOTICIES-WEB-300x150.png",300,150,true],"medium_large":["https:\/\/solidanca.cat\/wp-content\/uploads\/2026\/03\/FOTO-NOTICIES-WEB-768x384.png",768,384,true],"large":["https:\/\/solidanca.cat\/wp-content\/uploads\/2026\/03\/FOTO-NOTICIES-WEB.png",800,400,false],"1536x1536":["https:\/\/solidanca.cat\/wp-content\/uploads\/2026\/03\/FOTO-NOTICIES-WEB.png",800,400,false],"2048x2048":["https:\/\/solidanca.cat\/wp-content\/uploads\/2026\/03\/FOTO-NOTICIES-WEB.png",800,400,false]},"uagb_author_info":{"display_name":"Solidan\u00e7a","author_link":"https:\/\/solidanca.cat\/es\/author\/alberg\/"},"uagb_comment_info":0,"uagb_excerpt":"Solidan\u00e7a&nbsp;inicia una nueva edici\u00f3n del programa&nbsp;Trabajo y Formaci\u00f3n (TRFO-SOC) l\u00ednea ACOL, convocatoria 2025 anticipada, una iniciativa orientada a mejorar la empleabilidad...","_links":{"self":[{"href":"https:\/\/solidanca.cat\/es\/wp-json\/wp\/v2\/posts\/13620","targetHints":{"allow":["GET"]}}],"collection":[{"href":"https:\/\/solidanca.cat\/es\/wp-json\/wp\/v2\/posts"}],"about":[{"href":"https:\/\/solidanca.cat\/es\/wp-json\/wp\/v2\/types\/post"}],"author":[{"embeddable":true,"href":"https:\/\/solidanca.cat\/es\/wp-json\/wp\/v2\/users\/2"}],"replies":[{"embeddable":true,"href":"https:\/\/solidanca.cat\/es\/wp-json\/wp\/v2\/comments?post=13620"}],"version-history":[{"count":1,"href":"https:\/\/solidanca.cat\/es\/wp-json\/wp\/v2\/posts\/13620\/revisions"}],"predecessor-version":[{"id":13622,"href":"https:\/\/solidanca.cat\/es\/wp-json\/wp\/v2\/posts\/13620\/revisions\/13622"}],"wp:featuredmedia":[{"embeddable":true,"href":"https:\/\/solidanca.cat\/es\/wp-json\/wp\/v2\/media\/13619"}],"wp:attachment":[{"href":"https:\/\/solidanca.cat\/es\/wp-json\/wp\/v2\/media?parent=13620"}],"wp:term":[{"taxonomy":"category","embeddable":true,"href":"https:\/\/solidanca.cat\/es\/wp-json\/wp\/v2\/categories?post=13620"},{"taxonomy":"post_tag","embeddable":true,"href":"https:\/\/solidanca.cat\/es\/wp-json\/wp\/v2\/tags?post=13620"}],"curies":[{"name":"wp","href":"https:\/\/api.w.org\/{rel}","templated":true}]}}