{"id":14343,"date":"2026-04-28T10:00:00","date_gmt":"2026-04-28T08:00:00","guid":{"rendered":"https:\/\/solidanca.cat\/?p=14343"},"modified":"2026-04-15T12:26:02","modified_gmt":"2026-04-15T10:26:02","slug":"aprovecha-el-cambio-de-armario-para-vestir-con-conciencia","status":"publish","type":"post","link":"https:\/\/solidanca.cat\/es\/aprovecha-el-cambio-de-armario-para-vestir-con-conciencia\/","title":{"rendered":"Aprovecha el cambio de armario para vestir con conciencia"},"content":{"rendered":"\n<p>Con la llegada del buen tiempo y el alargamiento de los d\u00edas, vuelve un momento clave del a\u00f1o: el cambio de armario. M\u00e1s all\u00e1 de sustituir las prendas de invierno por ropa m\u00e1s ligera, esta transici\u00f3n estacional es una buena ocasi\u00f3n para revisar qu\u00e9 tenemos, qu\u00e9 utilizamos realmente y c\u00f3mo podemos reducir el impacto ambiental de nuestro consumo.<\/p>\n\n\n\n<p>Desde <strong>Solidan\u00e7a<\/strong> te animamos a vivir el cambio de armario 2026 de forma responsable y circular. Si tienes ropa que ya no utilizas, ll\u00e9vala a los <strong><a href=\"https:\/\/www.robaamiga.cat\/es\/\" target=\"_blank\" rel=\"noopener\">contenedores naranjas de Solidan\u00e7a \/ Roba Amiga<\/a><\/strong>. Es un sencillo gesto que pone en marcha un circuito de reutilizaci\u00f3n con beneficios sociales y ambientales reales.<\/p>\n\n\n\n<h4 class=\"wp-block-heading\"><strong><em>De d\u00f3nde viene la ropa: el ciclo del textil<a href=\"https:\/\/solidanca.con2webs.es\/wp-content\/uploads\/2025\/02\/image-3-400x400-2.png\" target=\"_blank\" rel=\"noreferrer noopener\"><\/a><\/em><\/strong><\/h4>\n\n\n\n<p>El proceso de gesti\u00f3n del residuo textil con Solidan\u00e7a comienza con la&nbsp;<strong>recogida de ropa en los contenedores naranjas de Ropa Amiga<\/strong>&nbsp;gestionados por la entidad, que es trasladado a la&nbsp;<strong>planta de Preparaci\u00f3n para la Reutilizaci\u00f3n<\/strong>&nbsp;de Sant Just Desvern (Barcelona) y pasa por un&nbsp;<strong>proceso de clasificaci\u00f3n&nbsp;<\/strong>en funci\u00f3n de l\u2019estado y la tipolog\u00eda de las piezas, prepar\u00e1ndolas para su reutilizaci\u00f3n y, en caso necesario, el reciclaje. Una vez seleccionadas, aquellas piezas aptas para una segunda vida, son&nbsp;<strong>distribuidas en la red de tiendas de Solidan\u00e7a \/ Roba Amiga (<a href=\"https:\/\/www.instagram.com\/solidanca_circular\/?locale=de-DE\" target=\"_blank\" rel=\"noreferrer noopener\">@solidanca_circular<\/a>)<\/strong>, con 17 tiendas distribuidas por el territorio catal\u00e1n. Con la compra de estos productos, la ciudadan\u00eda contribuye a cerrar el c\u00edrculo de la econom\u00eda circular y el ciclo de la ropa, convirtiendo el residuo en recurso y evitando generar nuevos residuos textiles.<\/p>\n\n\n\n<h4 class=\"wp-block-heading\"><strong><em>Las tiendas de Solidan\u00e7a, moda con valor social y ambiental<\/em><\/strong><\/h4>\n\n\n\n<p>En las tiendas de Solidan\u00e7a \/ Roba Amiga se ofrece una moda de segunda mano sostenible y consciente con el medio ambiente y con las personas. A trav\u00e9s del&nbsp;<strong>aprovechamiento, la reutilizaci\u00f3n y la revalorizaci\u00f3n del residuo textil<\/strong>&nbsp;ponen a la venta ropa con un doble impacto positivo: ambiental y social.<\/p>\n\n\n\n<ul class=\"wp-block-list\">\n<li><strong><u>Valor ambiental<\/u><\/strong>\u00a0Por un lado, la gesti\u00f3n de este residuo permite la recogida anual de m\u00e1s de\u00a0<strong>5.946\u00a0toneladas de ropa\u00a0y evita la emisi\u00f3n de m\u00e1s de 48.527 toneladas de CO\u2082<\/strong>*\u00a0a la atm\u00f3sfera. *Datos de impacto de 2024.<\/li>\n<\/ul>\n\n\n\n<p>As\u00ed pues, el hecho de poder gestionar el residuo textil y reutilizarlo tiene un doble beneficio ambiental: evitamos las emisiones del tratamiento finalista y tambi\u00e9n las emisiones de la producci\u00f3n y transporte de nuevas prendas, as\u00ed como todas las materias primas necesarias para producirlas.<\/p>\n\n\n\n<ul class=\"wp-block-list\">\n<li><strong><u>Valor social<\/u><\/strong>\u00a0Al mismo tiempo, el proceso y el recorrido de valorizaci\u00f3n de la ropa permite la\u00a0<strong>creaci\u00f3n de puestos de trabajo<\/strong>\u00a0para personas en situaci\u00f3n de vulnerabilidad social, a trav\u00e9s de las\u00a0<strong>Empresas de Inserci\u00f3n<\/strong>\u00a0gestionadas desde Solidan\u00e7a (Solidan\u00e7a Treball EI, SLU, ADAD l\u2019Encant Girona dedicadas a la inserci\u00f3n sociolaboral mediante actividades vinculadas a la gesti\u00f3n integral de residuos y la econom\u00eda circular.<\/li>\n<\/ul>\n\n\n\n<p>Solidan\u00e7a ofrece un trabajo remunerado, adem\u00e1s del acompa\u00f1amiento, la intervenci\u00f3n social y la formaci\u00f3n, durante per\u00edodos de tiempo que van desde los 6 meses hasta los 3 a\u00f1os, con el objetivo de que las personas que participan se puedan&nbsp;<strong>inserir en el mercado laboral ordinario al finalizar el itinerario<\/strong>. Este&nbsp;<strong>itinerario de inserci\u00f3n sociolaboral es un proceso personalizado y hol\u00edstico<\/strong>, donde la formaci\u00f3n es clave, y est\u00e1 acompa\u00f1ado por un equipo de profesionales multidisciplinar con psic\u00f3logas, psicopedagogas y educadoras sociales.<\/p>\n\n\n\n<h4 class=\"wp-block-heading\"><strong>SI TIENES ROPA QUE NO UTILIZAS, LL\u00c9VALA<a href=\"https:\/\/www.robaamiga.cat\/es\/\" target=\"_blank\" rel=\"noreferrer noopener\">&nbsp;A TU CONTENEDOR M\u00c1S PR\u00d3XIMO<\/a><\/strong><\/h4>\n","protected":false},"excerpt":{"rendered":"<p>Con la llegada del buen tiempo y el alargamiento de los d\u00edas, vuelve un momento clave del a\u00f1o: el cambio de&#8230;<\/p>\n","protected":false},"author":2,"featured_media":0,"comment_status":"closed","ping_status":"closed","sticky":false,"template":"","format":"standard","meta":{"_uag_custom_page_level_css":"","_kad_blocks_custom_css":"","_kad_blocks_head_custom_js":"","_kad_blocks_body_custom_js":"","_kad_blocks_footer_custom_js":"","_kad_post_transparent":"","_kad_post_title":"","_kad_post_layout":"","_kad_post_sidebar_id":"","_kad_post_content_style":"","_kad_post_vertical_padding":"","_kad_post_feature":"","_kad_post_feature_position":"","_kad_post_header":false,"_kad_post_footer":false,"_kad_post_classname":"","footnotes":""},"categories":[831,824],"tags":[],"class_list":["post-14343","post","type-post","status-publish","format-standard","hentry","category-roba-amiga-es","category-sostenibilidad"],"taxonomy_info":{"category":[{"value":831,"label":"Roba Amiga"},{"value":824,"label":"Sostenibilidad"}]},"featured_image_src_large":false,"author_info":{"display_name":"Solidan\u00e7a","author_link":"https:\/\/solidanca.cat\/es\/author\/alberg\/"},"comment_info":0,"category_info":[{"term_id":831,"name":"Roba Amiga","slug":"roba-amiga-es","term_group":0,"term_taxonomy_id":831,"taxonomy":"category","description":"","parent":0,"count":6,"filter":"raw","cat_ID":831,"category_count":6,"category_description":"","cat_name":"Roba Amiga","category_nicename":"roba-amiga-es","category_parent":0},{"term_id":824,"name":"Sostenibilidad","slug":"sostenibilidad","term_group":0,"term_taxonomy_id":824,"taxonomy":"category","description":"","parent":0,"count":18,"filter":"raw","cat_ID":824,"category_count":18,"category_description":"","cat_name":"Sostenibilidad","category_nicename":"sostenibilidad","category_parent":0}],"tag_info":false,"uagb_featured_image_src":{"full":false,"thumbnail":false,"medium":false,"medium_large":false,"large":false,"1536x1536":false,"2048x2048":false},"uagb_author_info":{"display_name":"Solidan\u00e7a","author_link":"https:\/\/solidanca.cat\/es\/author\/alberg\/"},"uagb_comment_info":0,"uagb_excerpt":"Con la llegada del buen tiempo y el alargamiento de los d\u00edas, vuelve un momento clave del a\u00f1o: el cambio de...","_links":{"self":[{"href":"https:\/\/solidanca.cat\/es\/wp-json\/wp\/v2\/posts\/14343","targetHints":{"allow":["GET"]}}],"collection":[{"href":"https:\/\/solidanca.cat\/es\/wp-json\/wp\/v2\/posts"}],"about":[{"href":"https:\/\/solidanca.cat\/es\/wp-json\/wp\/v2\/types\/post"}],"author":[{"embeddable":true,"href":"https:\/\/solidanca.cat\/es\/wp-json\/wp\/v2\/users\/2"}],"replies":[{"embeddable":true,"href":"https:\/\/solidanca.cat\/es\/wp-json\/wp\/v2\/comments?post=14343"}],"version-history":[{"count":2,"href":"https:\/\/solidanca.cat\/es\/wp-json\/wp\/v2\/posts\/14343\/revisions"}],"predecessor-version":[{"id":14345,"href":"https:\/\/solidanca.cat\/es\/wp-json\/wp\/v2\/posts\/14343\/revisions\/14345"}],"wp:attachment":[{"href":"https:\/\/solidanca.cat\/es\/wp-json\/wp\/v2\/media?parent=14343"}],"wp:term":[{"taxonomy":"category","embeddable":true,"href":"https:\/\/solidanca.cat\/es\/wp-json\/wp\/v2\/categories?post=14343"},{"taxonomy":"post_tag","embeddable":true,"href":"https:\/\/solidanca.cat\/es\/wp-json\/wp\/v2\/tags?post=14343"}],"curies":[{"name":"wp","href":"https:\/\/api.w.org\/{rel}","templated":true}]}}