{"id":14365,"date":"2026-04-30T10:00:00","date_gmt":"2026-04-30T08:00:00","guid":{"rendered":"https:\/\/solidanca.cat\/?p=14365"},"modified":"2026-04-16T12:16:58","modified_gmt":"2026-04-16T10:16:58","slug":"solidanca-uneix-esforcos-amb-la-fundacio-social-aurea-per-lluitar-contra-la-vulnerabilitat-social","status":"publish","type":"post","link":"https:\/\/solidanca.cat\/es\/solidanca-uneix-esforcos-amb-la-fundacio-social-aurea-per-lluitar-contra-la-vulnerabilitat-social\/","title":{"rendered":"Solidan\u00e7a\u00a0uneix\u00a0esfor\u00e7os\u00a0amb\u00a0la\u00a0Fundaci\u00f3\u00a0Social\u00a0\u00c0urea\u00a0per\u00a0lluitar\u00a0contra la\u00a0vulnerabilitat\u00a0social\u00a0"},"content":{"rendered":"\n<p>Solidan\u00e7a&nbsp;consolida la&nbsp;seva&nbsp;tasca social&nbsp;amb&nbsp;la&nbsp;col\u00b7laboraci\u00f3&nbsp;amb&nbsp;la&nbsp;<strong>Fundaci\u00f3&nbsp;Social&nbsp;\u00c0urea<\/strong>, centrada en el&nbsp;repartiment&nbsp;d\u2019aliments&nbsp;i&nbsp;b\u00e9ns&nbsp;de primera&nbsp;necessitat&nbsp;a persones en&nbsp;situaci\u00f3&nbsp;de&nbsp;vulnerabilitat&nbsp;vinculades&nbsp;als&nbsp;projectes&nbsp;socials&nbsp;de&nbsp;l\u2019empresa.&nbsp;<\/p>\n\n\n\n<p>La&nbsp;col\u00b7laboraci\u00f3&nbsp;ha&nbsp;perm\u00e8s&nbsp;un&nbsp;any&nbsp;m\u00e9s&nbsp;coordinar&nbsp;accions&nbsp;directes per&nbsp;atendre&nbsp;fam\u00edlies&nbsp;vinculades&nbsp;als&nbsp;diferents&nbsp;projectes&nbsp;socials&nbsp;de&nbsp;Solidan\u00e7a. Entre&nbsp;el&nbsp;gener&nbsp;i&nbsp;l\u2019octubre&nbsp;del&nbsp;2025,&nbsp;s\u2019han&nbsp;dut&nbsp;a&nbsp;terme&nbsp;un total de&nbsp;<strong>18&nbsp;accions&nbsp;de&nbsp;repartiment<\/strong>,&nbsp;beneficiant&nbsp;<strong>51&nbsp;fam\u00edlies<\/strong>&nbsp;i&nbsp;arribant&nbsp;a&nbsp;<strong>151 persones<\/strong>,&nbsp;incloent-hi&nbsp;adults,&nbsp;infants&nbsp;i&nbsp;adolescents.&nbsp;<\/p>\n\n\n\n<p>Durant&nbsp;aquest&nbsp;per\u00edode,&nbsp;s\u2019han&nbsp;entregat&nbsp;<strong>1.255&nbsp;paquets&nbsp;amb&nbsp;productes&nbsp;alimentaris,&nbsp;complements&nbsp;alimenticis&nbsp;i&nbsp;productes&nbsp;de&nbsp;parafarm\u00e0cia<\/strong>,&nbsp;garantint&nbsp;aix\u00ed&nbsp;un&nbsp;suport&nbsp;essencial&nbsp;per a la&nbsp;salut&nbsp;i la&nbsp;nutrici\u00f3&nbsp;de les&nbsp;fam\u00edlies&nbsp;m\u00e9s&nbsp;vulnerables.&nbsp;<\/p>\n\n\n\n<p>Aquesta\u00a0col\u00b7laboraci\u00f3\u00a0exemplifica\u00a0la\u00a0import\u00e0ncia\u00a0de la\u00a0<strong>cooperaci\u00f3\u00a0entre\u00a0entitats\u00a0socials<\/strong>, ja que\u00a0gr\u00e0cies\u00a0a\u00a0l\u2019esfor\u00e7\u00a0conjunt\u00a0s\u2019aconsegueix\u00a0un impacte directe i tangible en la\u00a0comunitat,\u00a0millorant\u00a0la\u00a0qualitat\u00a0de vida de\u00a0moltes\u00a0persones en\u00a0situaci\u00f3\u00a0de\u00a0necessitat.<\/p>\n\n\n\n<figure class=\"wp-block-image size-full is-resized\"><img loading=\"lazy\" decoding=\"async\" width=\"592\" height=\"262\" src=\"https:\/\/solidanca.cat\/wp-content\/uploads\/2026\/04\/LOGO-Fundacio-Aurea.png\" alt=\"\" class=\"wp-image-14366\" style=\"aspect-ratio:2.259617105027733;width:154px;height:auto\" srcset=\"https:\/\/solidanca.cat\/wp-content\/uploads\/2026\/04\/LOGO-Fundacio-Aurea.png 592w, https:\/\/solidanca.cat\/wp-content\/uploads\/2026\/04\/LOGO-Fundacio-Aurea-300x133.png 300w\" sizes=\"auto, (max-width: 592px) 100vw, 592px\" \/><\/figure>\n\n\n\n<p><\/p>\n","protected":false},"excerpt":{"rendered":"<p>Solidan\u00e7a&nbsp;consolida la&nbsp;seva&nbsp;tasca social&nbsp;amb&nbsp;la&nbsp;col\u00b7laboraci\u00f3&nbsp;amb&nbsp;la&nbsp;Fundaci\u00f3&nbsp;Social&nbsp;\u00c0urea, centrada en el&nbsp;repartiment&nbsp;d\u2019aliments&nbsp;i&nbsp;b\u00e9ns&nbsp;de primera&nbsp;necessitat&nbsp;a persones en&nbsp;situaci\u00f3&nbsp;de&nbsp;vulnerabilitat&nbsp;vinculades&nbsp;als&nbsp;projectes&nbsp;socials&nbsp;de&nbsp;l\u2019empresa.&nbsp; La&nbsp;col\u00b7laboraci\u00f3&nbsp;ha&nbsp;perm\u00e8s&nbsp;un&nbsp;any&nbsp;m\u00e9s&nbsp;coordinar&nbsp;accions&nbsp;directes per&nbsp;atendre&nbsp;fam\u00edlies&nbsp;vinculades&nbsp;als&nbsp;diferents&nbsp;projectes&nbsp;socials&nbsp;de&nbsp;Solidan\u00e7a. Entre&nbsp;el&nbsp;gener&nbsp;i&nbsp;l\u2019octubre&nbsp;del&nbsp;2025,&nbsp;s\u2019han&nbsp;dut&nbsp;a&nbsp;terme&nbsp;un total de&nbsp;18&nbsp;accions&nbsp;de&nbsp;repartiment,&nbsp;beneficiant&nbsp;51&nbsp;fam\u00edlies&nbsp;i&nbsp;arribant&nbsp;a&nbsp;151 persones,&nbsp;incloent-hi&nbsp;adults,&nbsp;infants&nbsp;i&nbsp;adolescents.&nbsp; Durant&nbsp;aquest&nbsp;per\u00edode,&nbsp;s\u2019han&nbsp;entregat&nbsp;1.255&nbsp;paquets&nbsp;amb&nbsp;productes&nbsp;alimentaris,&nbsp;complements&nbsp;alimenticis&nbsp;i&nbsp;productes&nbsp;de&nbsp;parafarm\u00e0cia,&nbsp;garantint&nbsp;aix\u00ed&nbsp;un&nbsp;suport&nbsp;essencial&nbsp;per a la&nbsp;salut&nbsp;i la&nbsp;nutrici\u00f3&nbsp;de les&nbsp;fam\u00edlies&nbsp;m\u00e9s&nbsp;vulnerables.&nbsp; Aquesta\u00a0col\u00b7laboraci\u00f3\u00a0exemplifica\u00a0la\u00a0import\u00e0ncia\u00a0de&#8230;<\/p>\n","protected":false},"author":2,"featured_media":14367,"comment_status":"closed","ping_status":"closed","sticky":false,"template":"","format":"standard","meta":{"_uag_custom_page_level_css":"","_kad_blocks_custom_css":"","_kad_blocks_head_custom_js":"","_kad_blocks_body_custom_js":"","_kad_blocks_footer_custom_js":"","_kad_post_transparent":"","_kad_post_title":"","_kad_post_layout":"","_kad_post_sidebar_id":"","_kad_post_content_style":"","_kad_post_vertical_padding":"","_kad_post_feature":"","_kad_post_feature_position":"","_kad_post_header":false,"_kad_post_footer":false,"_kad_post_classname":"","footnotes":""},"categories":[763],"tags":[],"class_list":["post-14365","post","type-post","status-publish","format-standard","has-post-thumbnail","hentry","category-area-social-es"],"taxonomy_info":{"category":[{"value":763,"label":"Area Social"}]},"featured_image_src_large":["https:\/\/solidanca.cat\/wp-content\/uploads\/2026\/04\/FOTO-NOTICIES-WEB-1-1.png",800,400,false],"author_info":{"display_name":"Solidan\u00e7a","author_link":"https:\/\/solidanca.cat\/es\/author\/alberg\/"},"comment_info":0,"category_info":[{"term_id":763,"name":"Area Social","slug":"area-social-es","term_group":0,"term_taxonomy_id":763,"taxonomy":"category","description":"","parent":0,"count":205,"filter":"raw","cat_ID":763,"category_count":205,"category_description":"","cat_name":"Area Social","category_nicename":"area-social-es","category_parent":0}],"tag_info":false,"uagb_featured_image_src":{"full":["https:\/\/solidanca.cat\/wp-content\/uploads\/2026\/04\/FOTO-NOTICIES-WEB-1-1.png",800,400,false],"thumbnail":["https:\/\/solidanca.cat\/wp-content\/uploads\/2026\/04\/FOTO-NOTICIES-WEB-1-1-150x150.png",150,150,true],"medium":["https:\/\/solidanca.cat\/wp-content\/uploads\/2026\/04\/FOTO-NOTICIES-WEB-1-1-300x150.png",300,150,true],"medium_large":["https:\/\/solidanca.cat\/wp-content\/uploads\/2026\/04\/FOTO-NOTICIES-WEB-1-1-768x384.png",768,384,true],"large":["https:\/\/solidanca.cat\/wp-content\/uploads\/2026\/04\/FOTO-NOTICIES-WEB-1-1.png",800,400,false],"1536x1536":["https:\/\/solidanca.cat\/wp-content\/uploads\/2026\/04\/FOTO-NOTICIES-WEB-1-1.png",800,400,false],"2048x2048":["https:\/\/solidanca.cat\/wp-content\/uploads\/2026\/04\/FOTO-NOTICIES-WEB-1-1.png",800,400,false]},"uagb_author_info":{"display_name":"Solidan\u00e7a","author_link":"https:\/\/solidanca.cat\/es\/author\/alberg\/"},"uagb_comment_info":0,"uagb_excerpt":"Solidan\u00e7a&nbsp;consolida la&nbsp;seva&nbsp;tasca social&nbsp;amb&nbsp;la&nbsp;col\u00b7laboraci\u00f3&nbsp;amb&nbsp;la&nbsp;Fundaci\u00f3&nbsp;Social&nbsp;\u00c0urea, centrada en el&nbsp;repartiment&nbsp;d\u2019aliments&nbsp;i&nbsp;b\u00e9ns&nbsp;de primera&nbsp;necessitat&nbsp;a persones en&nbsp;situaci\u00f3&nbsp;de&nbsp;vulnerabilitat&nbsp;vinculades&nbsp;als&nbsp;projectes&nbsp;socials&nbsp;de&nbsp;l\u2019empresa.&nbsp; La&nbsp;col\u00b7laboraci\u00f3&nbsp;ha&nbsp;perm\u00e8s&nbsp;un&nbsp;any&nbsp;m\u00e9s&nbsp;coordinar&nbsp;accions&nbsp;directes per&nbsp;atendre&nbsp;fam\u00edlies&nbsp;vinculades&nbsp;als&nbsp;diferents&nbsp;projectes&nbsp;socials&nbsp;de&nbsp;Solidan\u00e7a. Entre&nbsp;el&nbsp;gener&nbsp;i&nbsp;l\u2019octubre&nbsp;del&nbsp;2025,&nbsp;s\u2019han&nbsp;dut&nbsp;a&nbsp;terme&nbsp;un total de&nbsp;18&nbsp;accions&nbsp;de&nbsp;repartiment,&nbsp;beneficiant&nbsp;51&nbsp;fam\u00edlies&nbsp;i&nbsp;arribant&nbsp;a&nbsp;151 persones,&nbsp;incloent-hi&nbsp;adults,&nbsp;infants&nbsp;i&nbsp;adolescents.&nbsp; Durant&nbsp;aquest&nbsp;per\u00edode,&nbsp;s\u2019han&nbsp;entregat&nbsp;1.255&nbsp;paquets&nbsp;amb&nbsp;productes&nbsp;alimentaris,&nbsp;complements&nbsp;alimenticis&nbsp;i&nbsp;productes&nbsp;de&nbsp;parafarm\u00e0cia,&nbsp;garantint&nbsp;aix\u00ed&nbsp;un&nbsp;suport&nbsp;essencial&nbsp;per a la&nbsp;salut&nbsp;i la&nbsp;nutrici\u00f3&nbsp;de les&nbsp;fam\u00edlies&nbsp;m\u00e9s&nbsp;vulnerables.&nbsp; Aquesta\u00a0col\u00b7laboraci\u00f3\u00a0exemplifica\u00a0la\u00a0import\u00e0ncia\u00a0de...","_links":{"self":[{"href":"https:\/\/solidanca.cat\/es\/wp-json\/wp\/v2\/posts\/14365","targetHints":{"allow":["GET"]}}],"collection":[{"href":"https:\/\/solidanca.cat\/es\/wp-json\/wp\/v2\/posts"}],"about":[{"href":"https:\/\/solidanca.cat\/es\/wp-json\/wp\/v2\/types\/post"}],"author":[{"embeddable":true,"href":"https:\/\/solidanca.cat\/es\/wp-json\/wp\/v2\/users\/2"}],"replies":[{"embeddable":true,"href":"https:\/\/solidanca.cat\/es\/wp-json\/wp\/v2\/comments?post=14365"}],"version-history":[{"count":2,"href":"https:\/\/solidanca.cat\/es\/wp-json\/wp\/v2\/posts\/14365\/revisions"}],"predecessor-version":[{"id":14369,"href":"https:\/\/solidanca.cat\/es\/wp-json\/wp\/v2\/posts\/14365\/revisions\/14369"}],"wp:featuredmedia":[{"embeddable":true,"href":"https:\/\/solidanca.cat\/es\/wp-json\/wp\/v2\/media\/14367"}],"wp:attachment":[{"href":"https:\/\/solidanca.cat\/es\/wp-json\/wp\/v2\/media?parent=14365"}],"wp:term":[{"taxonomy":"category","embeddable":true,"href":"https:\/\/solidanca.cat\/es\/wp-json\/wp\/v2\/categories?post=14365"},{"taxonomy":"post_tag","embeddable":true,"href":"https:\/\/solidanca.cat\/es\/wp-json\/wp\/v2\/tags?post=14365"}],"curies":[{"name":"wp","href":"https:\/\/api.w.org\/{rel}","templated":true}]}}