{"id":14422,"date":"2026-04-29T10:43:31","date_gmt":"2026-04-29T08:43:31","guid":{"rendered":"https:\/\/solidanca.cat\/?p=14422"},"modified":"2026-04-29T10:43:31","modified_gmt":"2026-04-29T08:43:31","slug":"abril-es-el-mes-dels-mercats-circulars","status":"publish","type":"post","link":"https:\/\/solidanca.cat\/es\/abril-es-el-mes-dels-mercats-circulars\/","title":{"rendered":"Abril \u00e9s el mes dels Mercats Circulars"},"content":{"rendered":"\n<p class=\"has-text-align-center\">Peces \u00faniques, preus petits i molt per descobrir.<br\/><br\/>Aquest mes tornem amb noves edicions dels <strong>Mercats Circulars de Solidan\u00e7a<\/strong> perqu\u00e8 puguis renovar el teu armari de manera sostenible.<\/p>\n\n<div class=\"wp-block-group\"><div class=\"wp-block-group__inner-container is-layout-constrained wp-block-group-is-layout-constrained\">\n<div class=\"wp-block-group\"><div class=\"wp-block-group__inner-container is-layout-constrained wp-block-group-is-layout-constrained\">\n<div class=\"wp-block-columns is-layout-flex wp-container-core-columns-is-layout-9d6595d7 wp-block-columns-is-layout-flex\">\n<div class=\"wp-block-column is-layout-flow wp-block-column-is-layout-flow\" style=\"flex-basis:100%\">\t\t\t\t\t<div\n\t\t\t\t\t\tclass=\"wp-block-uagb-image-gallery uagb-block-e7bc5c57     uag-blocks-common-selector\"\n\t\t\t\t\t\tstyle=\"--z-index-desktop:501;\"\n\t\t\t\t\t>\n\t\t\t\t\t\t\t\t\t\t\t<div class=\"spectra-image-gallery spectra-image-gallery__layout--masonry spectra-image-gallery__layout--masonry-col-4 spectra-image-gallery__layout--masonry-col-tab-3 spectra-image-gallery__layout--masonry-col-mob-2\">\n\t\t\t\t\t\t\t\t\t\t\t<div class='spectra-image-gallery__media-wrapper--isotope'>\n\t\t\t\t\t\t\t<div class='spectra-image-gallery__media-wrapper' data-spectra-gallery-image-id='13975' tabindex=\"0\">\n\t\t\t\t\t\t\t<div class=\"spectra-image-gallery__media spectra-image-gallery__media--masonry\">\n\t\t\t\t<picture>\n\t\t\t\t\t<source media=\"(min-width: 1024px)\" srcset=\"https:\/\/solidanca.cat\/wp-content\/uploads\/2026\/03\/1-2-724x1024.jpg\">\n\t\t\t\t\t<source media=\"(min-width: 768px)\" srcset=\"https:\/\/solidanca.cat\/wp-content\/uploads\/2026\/03\/1-2-724x1024.jpg\">\n\t\t\t\t\t<img decoding=\"async\" class=\"spectra-image-gallery__media-thumbnail spectra-image-gallery__media-thumbnail--masonry\" src=\"https:\/\/solidanca.cat\/wp-content\/uploads\/2026\/03\/1-2-212x300.jpg\" alt=\"\" loading=\"lazy\" \/>\n\t\t\t\t<\/picture>\n\t\t\t\t<div class=\"spectra-image-gallery__media-thumbnail-blurrer\"><\/div>\n\t\t\t\t\t\t\t\t\t\t\t<div class=\"spectra-image-gallery__media-thumbnail-caption-wrapper spectra-image-gallery__media-thumbnail-caption-wrapper--overlay\">\n\t\t\t\t\t\t\t\t\t\t\t<div class=\"spectra-image-gallery__media-thumbnail-caption spectra-image-gallery__media-thumbnail-caption--overlay\">\n\t\t\t\t\t11\/4 Sant Just Desvern (BCN)(\t\t\t\t<\/div>\n\t\t\t\t\t\t\t\t\t\t<\/div>\n\t\t\t\t\t\t\t\t\t<\/div>\n\t\t\t\t\t\t<\/div>\n\t\t\t\t\t\t<\/div>\n\t\t\t\t\t\t<div class='spectra-image-gallery__media-wrapper--isotope'>\n\t\t\t\t\t\t\t<div class='spectra-image-gallery__media-wrapper' data-spectra-gallery-image-id='13976' tabindex=\"0\">\n\t\t\t\t\t\t\t<div class=\"spectra-image-gallery__media spectra-image-gallery__media--masonry\">\n\t\t\t\t<picture>\n\t\t\t\t\t<source media=\"(min-width: 1024px)\" srcset=\"https:\/\/solidanca.cat\/wp-content\/uploads\/2026\/03\/3-2-724x1024.jpg\">\n\t\t\t\t\t<source media=\"(min-width: 768px)\" srcset=\"https:\/\/solidanca.cat\/wp-content\/uploads\/2026\/03\/3-2-724x1024.jpg\">\n\t\t\t\t\t<img decoding=\"async\" class=\"spectra-image-gallery__media-thumbnail spectra-image-gallery__media-thumbnail--masonry\" src=\"https:\/\/solidanca.cat\/wp-content\/uploads\/2026\/03\/3-2-212x300.jpg\" alt=\"\" loading=\"lazy\" \/>\n\t\t\t\t<\/picture>\n\t\t\t\t<div class=\"spectra-image-gallery__media-thumbnail-blurrer\"><\/div>\n\t\t\t\t\t\t\t\t\t\t\t<div class=\"spectra-image-gallery__media-thumbnail-caption-wrapper spectra-image-gallery__media-thumbnail-caption-wrapper--overlay\">\n\t\t\t\t\t\t\t\t\t\t\t<div class=\"spectra-image-gallery__media-thumbnail-caption spectra-image-gallery__media-thumbnail-caption--overlay\">\n\t\t\t\t\t11\/4 Especial N\u00favies a L&#8217;Encant de SALT  (Girona)\t\t\t\t<\/div>\n\t\t\t\t\t\t\t\t\t\t<\/div>\n\t\t\t\t\t\t\t\t\t<\/div>\n\t\t\t\t\t\t<\/div>\n\t\t\t\t\t\t<\/div>\n\t\t\t\t\t\t<div class='spectra-image-gallery__media-wrapper--isotope'>\n\t\t\t\t\t\t\t<div class='spectra-image-gallery__media-wrapper' data-spectra-gallery-image-id='13979' tabindex=\"0\">\n\t\t\t\t\t\t\t<div class=\"spectra-image-gallery__media spectra-image-gallery__media--masonry\">\n\t\t\t\t<picture>\n\t\t\t\t\t<source media=\"(min-width: 1024px)\" srcset=\"https:\/\/solidanca.cat\/wp-content\/uploads\/2026\/03\/2026-Cartells-mercat-gen-marc-4-724x1024.png\">\n\t\t\t\t\t<source media=\"(min-width: 768px)\" srcset=\"https:\/\/solidanca.cat\/wp-content\/uploads\/2026\/03\/2026-Cartells-mercat-gen-marc-4-724x1024.png\">\n\t\t\t\t\t<img decoding=\"async\" class=\"spectra-image-gallery__media-thumbnail spectra-image-gallery__media-thumbnail--masonry\" src=\"https:\/\/solidanca.cat\/wp-content\/uploads\/2026\/03\/2026-Cartells-mercat-gen-marc-4-212x300.png\" alt=\"\" loading=\"lazy\" \/>\n\t\t\t\t<\/picture>\n\t\t\t\t<div class=\"spectra-image-gallery__media-thumbnail-blurrer\"><\/div>\n\t\t\t\t\t\t\t\t\t\t\t<div class=\"spectra-image-gallery__media-thumbnail-caption-wrapper spectra-image-gallery__media-thumbnail-caption-wrapper--overlay\">\n\t\t\t\t\t\t\t\t\t\t\t<div class=\"spectra-image-gallery__media-thumbnail-caption spectra-image-gallery__media-thumbnail-caption--overlay\">\n\t\t\t\t\t18\/4 Matar\u00f3 amb desfilada i taller \n\t\t\t\t<\/div>\n\t\t\t\t\t\t\t\t\t\t<\/div>\n\t\t\t\t\t\t\t\t\t<\/div>\n\t\t\t\t\t\t<\/div>\n\t\t\t\t\t\t<\/div>\n\t\t\t\t\t\t\t\t\t\t<\/div>\n\t\t\t\t\t\t\t\t\t\t\t\t<div class=\"spectra-image-gallery__control-loader wp-block-button\">\n\t\t\t\t\t\t<div class=\"wp-block-button__link spectra-image-gallery__control-loader--1\"><\/div>\n\t\t\t\t\t\t<div class=\"wp-block-button__link spectra-image-gallery__control-loader--2\"><\/div>\n\t\t\t\t\t\t<div class=\"wp-block-button__link spectra-image-gallery__control-loader--3\"><\/div>\n\t\t\t\t\t<\/div>\n\t\t\t\t\t\t\t\t\t\t\t\t\t\t\t\t<\/div>\n\t\t\t\t\t\t\t\t\t<\/div>\n<\/div>\n<\/div><\/div>\n<\/div><\/div>\n\n<p class=\"has-text-align-center\">\ud83d\udc49 <strong>Descobreix les pr\u00f2ximes dates i apunta-les a l\u2019agenda\u00a0\ud83d\udc48<\/strong><\/p>\n\n<div class=\"wp-block-uagb-slider uagb-block-2317d018 uagb-slider-container\"><div class=\"uagb-slides uagb-swiper\"><div class=\"swiper-wrapper\">\n<div class=\"wp-block-uagb-slider-child uagb-slider-child-wrap swiper-slide uagb-block-c4550a90\"><div class=\"swiper-content\">\n<div class=\"wp-block-uagb-container uagb-block-f6673a81 alignfull uagb-is-root-container\"><div class=\"uagb-container-inner-blocks-wrap\">\n<div class=\"wp-block-uagb-info-box uagb-block-b5807284 uagb-infobox__content-wrap  uagb-infobox-icon-left uagb-infobox-left uagb-infobox-stacked-tablet uagb-infobox-image-valign-top\"><div class=\"uagb-ifb-image-content\"><img decoding=\"async\" src=\"https:\/\/solidanca.cat\/wp-content\/uploads\/2026\/03\/2-1-300x225.jpg\" alt=\"\" width=\"361\" height=\"270\" loading=\"lazy\"\/><\/div><div class=\"uagb-ifb-content\"><div class=\"uagb-ifb-title-wrap\"><h3 class=\"uagb-ifb-title\"><strong>Mercat Circular \u2013 Sant Just Desvern<\/strong><\/h3><\/div><p class=\"uagb-ifb-desc\"><strong>\u00a0<\/strong><br\/>\ud83d\udccdc\/ Treball, 5 (Tram: Walden)\u00a0<br\/>\ud83d\uddd3\ufe0f 11 d&#8217;abril\u00a0\ud83d\udd58 9h a 14h\u00a0<br\/><br\/>Roba de segona m\u00e0, complements i peces \u00faniques a 1\u20ac, 2\u20ac i 3\u20ac.<\/p><div class=\"uagb-ifb-button-wrapper wp-block-button\"><a href=\"https:\/\/maps.app.goo.gl\/sMBnTWvBqahJpPKM7\" class=\"uagb-infobox-cta-link wp-block-button__link\" target=\"_self\" rel=\"noopener noreferrer\" onclick=\"return true;\"><span class=\"uagb-inline-editing\">Ubicaci\u00f3<\/span><\/a><\/div><\/div><\/div>\n<\/div><\/div>\n<\/div><\/div>\n\n\n\n<div class=\"wp-block-uagb-slider-child uagb-slider-child-wrap swiper-slide uagb-block-8e93175b\"><div class=\"swiper-content\">\n<div class=\"wp-block-uagb-container uagb-block-315faeef alignfull uagb-is-root-container\"><div class=\"uagb-container-inner-blocks-wrap\">\n<div class=\"wp-block-uagb-info-box uagb-block-5e793bc2 uagb-infobox__content-wrap  uagb-infobox-icon-left uagb-infobox-left uagb-infobox-stacked-tablet uagb-infobox-image-valign-top\"><div class=\"uagb-ifb-image-content\"><img decoding=\"async\" src=\"https:\/\/solidanca.cat\/wp-content\/uploads\/2026\/03\/1-300x225.jpg\" alt=\"\" width=\"361\" height=\"270\" loading=\"lazy\"\/><\/div><div class=\"uagb-ifb-content\"><div class=\"uagb-ifb-title-wrap\"><h3 class=\"uagb-ifb-title\"><strong>Showroom N\u00favies &#8211; Girona<\/strong><\/h3><\/div><p class=\"uagb-ifb-desc\">\ud83d\udccd<a href=\"https:\/\/share.google\/i09aP0imtMX8n8avd\" target=\"_blank\" rel=\"noreferrer noopener\"> <\/a>c\/ Dalai Lama, 7, Pol. Ind. La Mirona, Salt\u00a0(Girona)<br\/>\ud83d\uddd3\ufe0f 11 d&#8217;abril \ud83d\udd58 9h a 14h\u00a0<br\/><br\/>Et casis o no, tens el teu vestit de n\u00favia a partir de 30\u20ac<\/p><div class=\"uagb-ifb-button-wrapper wp-block-button\"><a href=\"https:\/\/share.google\/i09aP0imtMX8n8avd\" class=\"uagb-infobox-cta-link wp-block-button__link\" target=\"_self\" rel=\"noopener noreferrer\" onclick=\"return true;\"><span class=\"uagb-inline-editing\">Ubicaci\u00f3<\/span><\/a><\/div><\/div><\/div>\n<\/div><\/div>\n<\/div><\/div>\n\n\n\n<div class=\"wp-block-uagb-slider-child uagb-slider-child-wrap swiper-slide uagb-block-c9d5c93e\"><div class=\"swiper-content\">\n<div class=\"wp-block-uagb-container uagb-block-f2ba53bf alignfull uagb-is-root-container\"><div class=\"uagb-container-inner-blocks-wrap\">\n<div class=\"wp-block-uagb-info-box uagb-block-984702ce uagb-infobox__content-wrap  uagb-infobox-icon-left uagb-infobox-left uagb-infobox-stacked-tablet uagb-infobox-image-valign-top\"><div class=\"uagb-ifb-image-content\"><img decoding=\"async\" src=\"https:\/\/solidanca.cat\/wp-content\/uploads\/2026\/03\/3-300x225.jpg\" alt=\"\" width=\"361\" height=\"270\" loading=\"lazy\"\/><\/div><div class=\"uagb-ifb-content\"><div class=\"uagb-ifb-title-wrap\"><h3 class=\"uagb-ifb-title\"><strong>Mercat Circular \u2013 Matar\u00f3<\/strong><\/h3><\/div><p class=\"uagb-ifb-desc\"><br\/>\ud83d\udccd C.C. Molins<br\/>\ud83d\uddd3\ufe0f 18 d&#8217;abril\u00a0\ud83d\udd58 9h a 14h\u00a0<br\/><br\/>Mercat, desfilada i taller: la circularitat arriba a Matar\u00f3.<\/p><div class=\"uagb-ifb-button-wrapper wp-block-button\"><a href=\"https:\/\/share.google\/Kr3VAQ32IGB60diJP\" class=\"uagb-infobox-cta-link wp-block-button__link\" target=\"_self\" rel=\"noopener noreferrer\" onclick=\"return true;\"><span class=\"uagb-inline-editing\">Ubicaci\u00f3<\/span><\/a><\/div><\/div><\/div>\n<\/div><\/div>\n<\/div><\/div>\n\n\n\n<div class=\"wp-block-uagb-slider-child uagb-slider-child-wrap swiper-slide uagb-block-7b5c0c8a\"><div class=\"swiper-content\">\n<div class=\"wp-block-uagb-container uagb-block-fc771ed5 alignfull uagb-is-root-container\"><div class=\"uagb-container-inner-blocks-wrap\">\n<div class=\"wp-block-uagb-info-box uagb-block-0c720e0d uagb-infobox__content-wrap  uagb-infobox-icon-left uagb-infobox-left uagb-infobox-stacked-tablet uagb-infobox-image-valign-top\"><div class=\"uagb-ifb-image-content\"><img decoding=\"async\" src=\"https:\/\/solidanca.cat\/wp-content\/uploads\/2026\/03\/4-300x225.jpg\" alt=\"\" width=\"361\" height=\"270\" loading=\"lazy\"\/><\/div><div class=\"uagb-ifb-content\"><div class=\"uagb-ifb-title-wrap\"><h3 class=\"uagb-ifb-title\"><strong>Mercat Circular &#8211; L&#8217;Encant de Salt<\/strong><br\/><\/h3><\/div><p class=\"uagb-ifb-desc\">\ud83d\udccd c\/ Dalai Lama, 7, Pol. Ind. La Mirona, Salt (Girona)<br\/>\ud83d\uddd3\ufe0f 25 d&#8217;abril \ud83d\udd58 9h a 14h\u00a0<br\/><br\/>Liquidaci\u00f3 total: peces des d\u20191\u20ac.<\/p><div class=\"uagb-ifb-button-wrapper wp-block-button\"><a href=\"https:\/\/share.google\/i09aP0imtMX8n8avd\" class=\"uagb-infobox-cta-link wp-block-button__link\" target=\"_self\" rel=\"noopener noreferrer\" onclick=\"return true;\"><span class=\"uagb-inline-editing\">Ubicaci\u00f3<\/span><\/a><\/div><\/div><\/div>\n<\/div><\/div>\n<\/div><\/div>\n<\/div><\/div><div class=\"swiper-pagination\"><\/div><div class=\"swiper-button-prev\"><\/div><div class=\"swiper-button-next\"><\/div><\/div>\n\n<p class=\"has-text-align-center\">\u2728 Vine a remenar, descobrir i trobar la teva pr\u00f2xima pe\u00e7a preferida.<br\/>No t\u2019ho perdis!<\/p>\n\n<h4 class=\"wp-block-heading has-text-align-center\">No et perdis cap mercat! <em><mark style=\"background-color:rgba(0, 0, 0, 0)\" class=\"has-inline-color has-theme-palette-6-color\"><strong><a href=\"https:\/\/mailchi.mp\/ddc71476ae52\/esdevenimentssegonama\" target=\"_blank\" rel=\"noreferrer noopener\">Apunta\u2019t al nostre butllet\u00ed <\/a><\/strong><\/mark><\/em> i rep totes les novetats abans que ning\u00fa.<\/h4>\n\n<p><\/p>\n","protected":false},"excerpt":{"rendered":"<p>Peces \u00faniques, preus petits i molt per descobrir. Aquest mes tornem amb noves edicions dels Mercats Circulars de Solidan\u00e7a perqu\u00e8 puguis&#8230;<\/p>\n","protected":false},"author":2,"featured_media":13964,"comment_status":"closed","ping_status":"closed","sticky":false,"template":"","format":"standard","meta":{"_uag_custom_page_level_css":"","_kad_blocks_custom_css":"","_kad_blocks_head_custom_js":"","_kad_blocks_body_custom_js":"","_kad_blocks_footer_custom_js":"","_kad_post_transparent":"","_kad_post_title":"","_kad_post_layout":"","_kad_post_sidebar_id":"","_kad_post_content_style":"","_kad_post_vertical_padding":"","_kad_post_feature":"","_kad_post_feature_position":"","_kad_post_header":false,"_kad_post_footer":false,"_kad_post_classname":"","footnotes":""},"categories":[755,832],"tags":[819],"class_list":["post-14422","post","type-post","status-publish","format-standard","has-post-thumbnail","hentry","category-agenda-es","category-mercados-segunda-mano","tag-solidanca-es"],"taxonomy_info":{"category":[{"value":755,"label":"AGENDA"},{"value":832,"label":"Mercados Segunda Mano"}],"post_tag":[{"value":819,"label":"Solidan\u00e7a"}]},"featured_image_src_large":["https:\/\/solidanca.cat\/wp-content\/uploads\/2026\/03\/mailchimp-800-x-200-px.jpg",800,200,false],"author_info":{"display_name":"Solidan\u00e7a","author_link":"https:\/\/solidanca.cat\/es\/author\/alberg\/"},"comment_info":0,"category_info":[{"term_id":755,"name":"AGENDA","slug":"agenda-es","term_group":0,"term_taxonomy_id":755,"taxonomy":"category","description":"","parent":0,"count":22,"filter":"raw","cat_ID":755,"category_count":22,"category_description":"","cat_name":"AGENDA","category_nicename":"agenda-es","category_parent":0},{"term_id":832,"name":"Mercados Segunda Mano","slug":"mercados-segunda-mano","term_group":0,"term_taxonomy_id":832,"taxonomy":"category","description":"","parent":0,"count":9,"filter":"raw","cat_ID":832,"category_count":9,"category_description":"","cat_name":"Mercados Segunda Mano","category_nicename":"mercados-segunda-mano","category_parent":0}],"tag_info":[{"term_id":819,"name":"Solidan\u00e7a","slug":"solidanca-es","term_group":0,"term_taxonomy_id":819,"taxonomy":"post_tag","description":"","parent":0,"count":54,"filter":"raw"}],"uagb_featured_image_src":{"full":["https:\/\/solidanca.cat\/wp-content\/uploads\/2026\/03\/mailchimp-800-x-200-px.jpg",800,200,false],"thumbnail":["https:\/\/solidanca.cat\/wp-content\/uploads\/2026\/03\/mailchimp-800-x-200-px-150x150.jpg",150,150,true],"medium":["https:\/\/solidanca.cat\/wp-content\/uploads\/2026\/03\/mailchimp-800-x-200-px-300x75.jpg",300,75,true],"medium_large":["https:\/\/solidanca.cat\/wp-content\/uploads\/2026\/03\/mailchimp-800-x-200-px-768x192.jpg",768,192,true],"large":["https:\/\/solidanca.cat\/wp-content\/uploads\/2026\/03\/mailchimp-800-x-200-px.jpg",800,200,false],"1536x1536":["https:\/\/solidanca.cat\/wp-content\/uploads\/2026\/03\/mailchimp-800-x-200-px.jpg",800,200,false],"2048x2048":["https:\/\/solidanca.cat\/wp-content\/uploads\/2026\/03\/mailchimp-800-x-200-px.jpg",800,200,false]},"uagb_author_info":{"display_name":"Solidan\u00e7a","author_link":"https:\/\/solidanca.cat\/es\/author\/alberg\/"},"uagb_comment_info":0,"uagb_excerpt":"Peces \u00faniques, preus petits i molt per descobrir. Aquest mes tornem amb noves edicions dels Mercats Circulars de Solidan\u00e7a perqu\u00e8 puguis...","_links":{"self":[{"href":"https:\/\/solidanca.cat\/es\/wp-json\/wp\/v2\/posts\/14422","targetHints":{"allow":["GET"]}}],"collection":[{"href":"https:\/\/solidanca.cat\/es\/wp-json\/wp\/v2\/posts"}],"about":[{"href":"https:\/\/solidanca.cat\/es\/wp-json\/wp\/v2\/types\/post"}],"author":[{"embeddable":true,"href":"https:\/\/solidanca.cat\/es\/wp-json\/wp\/v2\/users\/2"}],"replies":[{"embeddable":true,"href":"https:\/\/solidanca.cat\/es\/wp-json\/wp\/v2\/comments?post=14422"}],"version-history":[{"count":2,"href":"https:\/\/solidanca.cat\/es\/wp-json\/wp\/v2\/posts\/14422\/revisions"}],"predecessor-version":[{"id":14424,"href":"https:\/\/solidanca.cat\/es\/wp-json\/wp\/v2\/posts\/14422\/revisions\/14424"}],"wp:featuredmedia":[{"embeddable":true,"href":"https:\/\/solidanca.cat\/es\/wp-json\/wp\/v2\/media\/13964"}],"wp:attachment":[{"href":"https:\/\/solidanca.cat\/es\/wp-json\/wp\/v2\/media?parent=14422"}],"wp:term":[{"taxonomy":"category","embeddable":true,"href":"https:\/\/solidanca.cat\/es\/wp-json\/wp\/v2\/categories?post=14422"},{"taxonomy":"post_tag","embeddable":true,"href":"https:\/\/solidanca.cat\/es\/wp-json\/wp\/v2\/tags?post=14422"}],"curies":[{"name":"wp","href":"https:\/\/api.w.org\/{rel}","templated":true}]}}