{"id":14457,"date":"2026-04-30T13:48:17","date_gmt":"2026-04-30T11:48:17","guid":{"rendered":"https:\/\/solidanca.cat\/solidanca-uneix-esforcos-amb-la-fundacio-social-aurea-per-lluitar-contra-la-vulnerabilitat-social-2\/"},"modified":"2026-04-30T13:52:57","modified_gmt":"2026-04-30T11:52:57","slug":"solidanca-uneix-esforcos-amb-la-fundacio-social-aurea-per-lluitar-contra-la-vulnerabilitat-social-2","status":"publish","type":"post","link":"https:\/\/solidanca.cat\/es\/solidanca-uneix-esforcos-amb-la-fundacio-social-aurea-per-lluitar-contra-la-vulnerabilitat-social-2\/","title":{"rendered":"Solidan\u00e7a\u00a0une esfuerzos con la Fundaci\u00f3n Social \u00c1urea para luchar contra la vulnerabilidad social\u00a0"},"content":{"rendered":"\n<p>Solidan\u00e7a consolida su labor social con la colaboraci\u00f3n con la<strong> Fundaci\u00f3n Social \u00c1urea<\/strong>, centrada en el reparto de alimentos y bienes de primera necesidad a personas en situaci\u00f3n de vulnerabilidad vinculadas a los proyectos sociales de la empresa.<\/p>\n\n\n\n<p>La colaboraci\u00f3n ha permitido un a\u00f1o m\u00e1s coordinar acciones directas para atender a familias vinculadas a los diferentes proyectos sociales de Solidan\u00e7a. Entre enero y octubre de 2025, se han llevado a cabo un total de <strong>18 acciones de reparto<\/strong>, beneficiando a <strong>51 familias<\/strong> y llegando a<strong> 151 personas<\/strong>, incluyendo adultos, ni\u00f1os y adolescentes.<\/p>\n\n\n\n<p>Durante este periodo, se han entregado<strong> 1.255 paquetes con productos alimenticios,<\/strong> complementos alimenticios y productos de parafarmacia, garantizando as\u00ed un apoyo esencial para la salud y la nutrici\u00f3n de las familias m\u00e1s vulnerables.<\/p>\n\n\n\n<p>Esta colaboraci\u00f3n ejemplifica la importancia de la cooperaci\u00f3n entre entidades sociales, ya que gracias al esfuerzo conjunto se consigue un impacto directo y tangible en la comunidad, mejorando la calidad de vida de muchas personas en situaci\u00f3n de necesidad.<\/p>\n\n\n\n<figure class=\"wp-block-image size-full\"><img loading=\"lazy\" decoding=\"async\" width=\"183\" height=\"81\" src=\"https:\/\/solidanca.cat\/wp-content\/uploads\/2026\/04\/image-1.png\" alt=\"\" class=\"wp-image-14454\"\/><\/figure>\n\n\n\n<p><\/p>\n","protected":false},"excerpt":{"rendered":"<p>Solidan\u00e7a consolida su labor social con la colaboraci\u00f3n con la Fundaci\u00f3n Social \u00c1urea, centrada en el reparto de alimentos y bienes&#8230;<\/p>\n","protected":false},"author":2,"featured_media":14459,"comment_status":"closed","ping_status":"closed","sticky":false,"template":"","format":"standard","meta":{"_uag_custom_page_level_css":"","_kad_blocks_custom_css":"","_kad_blocks_head_custom_js":"","_kad_blocks_body_custom_js":"","_kad_blocks_footer_custom_js":"","_kad_post_transparent":"","_kad_post_title":"","_kad_post_layout":"","_kad_post_sidebar_id":"","_kad_post_content_style":"","_kad_post_vertical_padding":"","_kad_post_feature":"","_kad_post_feature_position":"","_kad_post_header":false,"_kad_post_footer":false,"_kad_post_classname":"","footnotes":""},"categories":[763],"tags":[822,819],"class_list":["post-14457","post","type-post","status-publish","format-standard","has-post-thumbnail","hentry","category-area-social-es","tag-social-es","tag-solidanca-es"],"taxonomy_info":{"category":[{"value":763,"label":"Area Social"}],"post_tag":[{"value":822,"label":"social"},{"value":819,"label":"Solidan\u00e7a"}]},"featured_image_src_large":["https:\/\/solidanca.cat\/wp-content\/uploads\/2026\/04\/FOTO-NOTICIES-WEB-3.jpg",800,400,false],"author_info":{"display_name":"Solidan\u00e7a","author_link":"https:\/\/solidanca.cat\/es\/author\/alberg\/"},"comment_info":0,"category_info":[{"term_id":763,"name":"Area Social","slug":"area-social-es","term_group":0,"term_taxonomy_id":763,"taxonomy":"category","description":"","parent":0,"count":208,"filter":"raw","cat_ID":763,"category_count":208,"category_description":"","cat_name":"Area Social","category_nicename":"area-social-es","category_parent":0}],"tag_info":[{"term_id":822,"name":"social","slug":"social-es","term_group":0,"term_taxonomy_id":822,"taxonomy":"post_tag","description":"","parent":0,"count":21,"filter":"raw"},{"term_id":819,"name":"Solidan\u00e7a","slug":"solidanca-es","term_group":0,"term_taxonomy_id":819,"taxonomy":"post_tag","description":"","parent":0,"count":55,"filter":"raw"}],"uagb_featured_image_src":{"full":["https:\/\/solidanca.cat\/wp-content\/uploads\/2026\/04\/FOTO-NOTICIES-WEB-3.jpg",800,400,false],"thumbnail":["https:\/\/solidanca.cat\/wp-content\/uploads\/2026\/04\/FOTO-NOTICIES-WEB-3-150x150.jpg",150,150,true],"medium":["https:\/\/solidanca.cat\/wp-content\/uploads\/2026\/04\/FOTO-NOTICIES-WEB-3-300x150.jpg",300,150,true],"medium_large":["https:\/\/solidanca.cat\/wp-content\/uploads\/2026\/04\/FOTO-NOTICIES-WEB-3-768x384.jpg",768,384,true],"large":["https:\/\/solidanca.cat\/wp-content\/uploads\/2026\/04\/FOTO-NOTICIES-WEB-3.jpg",800,400,false],"1536x1536":["https:\/\/solidanca.cat\/wp-content\/uploads\/2026\/04\/FOTO-NOTICIES-WEB-3.jpg",800,400,false],"2048x2048":["https:\/\/solidanca.cat\/wp-content\/uploads\/2026\/04\/FOTO-NOTICIES-WEB-3.jpg",800,400,false]},"uagb_author_info":{"display_name":"Solidan\u00e7a","author_link":"https:\/\/solidanca.cat\/es\/author\/alberg\/"},"uagb_comment_info":0,"uagb_excerpt":"Solidan\u00e7a consolida su labor social con la colaboraci\u00f3n con la Fundaci\u00f3n Social \u00c1urea, centrada en el reparto de alimentos y bienes...","_links":{"self":[{"href":"https:\/\/solidanca.cat\/es\/wp-json\/wp\/v2\/posts\/14457","targetHints":{"allow":["GET"]}}],"collection":[{"href":"https:\/\/solidanca.cat\/es\/wp-json\/wp\/v2\/posts"}],"about":[{"href":"https:\/\/solidanca.cat\/es\/wp-json\/wp\/v2\/types\/post"}],"author":[{"embeddable":true,"href":"https:\/\/solidanca.cat\/es\/wp-json\/wp\/v2\/users\/2"}],"replies":[{"embeddable":true,"href":"https:\/\/solidanca.cat\/es\/wp-json\/wp\/v2\/comments?post=14457"}],"version-history":[{"count":4,"href":"https:\/\/solidanca.cat\/es\/wp-json\/wp\/v2\/posts\/14457\/revisions"}],"predecessor-version":[{"id":14469,"href":"https:\/\/solidanca.cat\/es\/wp-json\/wp\/v2\/posts\/14457\/revisions\/14469"}],"wp:featuredmedia":[{"embeddable":true,"href":"https:\/\/solidanca.cat\/es\/wp-json\/wp\/v2\/media\/14459"}],"wp:attachment":[{"href":"https:\/\/solidanca.cat\/es\/wp-json\/wp\/v2\/media?parent=14457"}],"wp:term":[{"taxonomy":"category","embeddable":true,"href":"https:\/\/solidanca.cat\/es\/wp-json\/wp\/v2\/categories?post=14457"},{"taxonomy":"post_tag","embeddable":true,"href":"https:\/\/solidanca.cat\/es\/wp-json\/wp\/v2\/tags?post=14457"}],"curies":[{"name":"wp","href":"https:\/\/api.w.org\/{rel}","templated":true}]}}