{"id":7930,"date":"2018-06-06T07:47:51","date_gmt":"2018-06-06T05:47:51","guid":{"rendered":"https:\/\/solidanca.con2webs.es\/solidanca-inicia-servei-la-ciutat-mataro-amb-la-gestio-les-deixalleries-i-la-recollida-del-residu-textil\/"},"modified":"2018-06-06T07:47:51","modified_gmt":"2018-06-06T05:47:51","slug":"solidanca-inicia-servei-la-ciutat-mataro-amb-la-gestio-les-deixalleries-i-la-recollida-del-residu-textil","status":"publish","type":"post","link":"https:\/\/solidanca.cat\/es\/solidanca-inicia-servei-la-ciutat-mataro-amb-la-gestio-les-deixalleries-i-la-recollida-del-residu-textil\/","title":{"rendered":"Solidan\u00e7a inicia servei a la ciutat de Matar\u00f3 amb la gesti\u00f3 de les deixalleries i la recollida del residu t\u00e8xtil"},"content":{"rendered":"<h4>Des de l&#8217;1 de juny, hem iniciat la gesti\u00f3 de les 2 deixalleries fixes de la ciutat de Matar\u00f3 (als barris de la Ll\u00e0ntia i Pla de&#8217;n Boet), la minideixalleria m\u00f2bil i el servei de la recollida de residu t\u00e8xtil amb la col\u00b7locaci\u00f3 de 60 contenidors Roba Amiga a tota la ciutat.<\/h4>\n<p>La gesti\u00f3 proposada per Solidan\u00e7a vol donar un impuls a l&#8217;Economia Circular i Social al municipi, fomentant la reutilitzaci\u00f3, la reparaci\u00f3, la venta de segona m\u00e0 i la inclusi\u00f3 social amb contractes d&#8217;inserci\u00f3 laboral.<\/p>\n<p>Aquest projecte innovador en gesti\u00f3 i prevenci\u00f3 de residus, implica a m\u00e9s la generaci\u00f3 de 5 nous llocs de treball reservats a la inserci\u00f3 sociolaboral de persones en situaci\u00f3 de vulnerabilitat social del municipi.<\/p>\n<p>Entre altres novetats, es preveu ampliar l&#8217;horari de la minideixalleria m\u00f2bil tamb\u00e9 els diumenges, per tal de millorar l&#8217;atenci\u00f3 de recollida de residus als barris. Tamb\u00e9 es promouran iniciatives en l&#8217;\u00e0mbit de l&#8217;economia circular i la reutilitzaci\u00f3 a trav\u00e9s diferents serveis, com per exemple, l&#8217;obertura d&#8217;un espai d&#8217;autoreparaci\u00f3 (electr\u00f2nica, t\u00e8xtil i bicicletes) a la Casa Capell i, a mig termini, l&#8217;obertura a Matar\u00f3 d\u2019una botiga Solidan\u00e7a\/Roba Amiga. D\u2019altra banda, es contempla la implantaci\u00f3 de recollides d\u2019oli i petits aparells el\u00e8ctrics i electr\u00f2nics, aix\u00ed com campanyes de recollida de roba i sensibilitzaci\u00f3 ambiental a equipaments municipals i centres escolars.<\/p>\n<p>La proposta \u00e9s una aposta per a la generaci\u00f3 de valor econ\u00f2mic i social a trav\u00e9s d\u2019una millora en la gesti\u00f3 ambiental dels residus del municipi, alhora que consciencia a la ciutadania de que els seus residus s\u00f3n recursos.<\/p>\n<p><img loading=\"lazy\" decoding=\"async\" class=\"alignnone wp-image-3264\" src=\"https:\/\/solidanca.cat\/wp-content\/uploads\/2018\/06\/DfPrqZ4XcAAV4xU.jpg\" alt=\"\" width=\"208\" height=\"370\" \/>\u00a0 \u00a0 \u00a0 <img loading=\"lazy\" decoding=\"async\" class=\"alignnone wp-image-3265\" src=\"https:\/\/solidanca.cat\/wp-content\/uploads\/2018\/06\/WhatsApp-Image-2018-06-04-at-17.19.32.jpeg\" alt=\"\" width=\"208\" height=\"370\" \/>\u00a0 \u00a0 \u00a0 <img loading=\"lazy\" decoding=\"async\" class=\"alignnone wp-image-3266\" src=\"https:\/\/solidanca.cat\/wp-content\/uploads\/2018\/06\/WhatsApp-Image-2018-06-04-at-19.33.35.jpeg\" alt=\"\" width=\"225\" height=\"400\" \/>\u00a0 \u00a0 \u00a0<img loading=\"lazy\" decoding=\"async\" class=\"alignnone wp-image-3267\" src=\"https:\/\/solidanca.cat\/wp-content\/uploads\/2018\/06\/WhatsApp-Image-2018-06-04-at-19.33.54.jpeg\" alt=\"\" width=\"219\" height=\"390\" \/><\/p>\n<p><img loading=\"lazy\" decoding=\"async\" class=\"alignnone wp-image-3268\" src=\"https:\/\/solidanca.cat\/wp-content\/uploads\/2018\/06\/01921242-a83a-47e2-b948-38c01bff5c2a.jpg\" alt=\"\" width=\"284\" height=\"213\" \/>\u00a0 \u00a0<img loading=\"lazy\" decoding=\"async\" class=\"alignnone wp-image-3269\" src=\"https:\/\/solidanca.cat\/wp-content\/uploads\/2018\/06\/a0d73df2-0d2a-48cd-aac6-018cdc4a726f.jpg\" alt=\"\" width=\"206\" height=\"275\" \/>\u00a0 \u00a0<img loading=\"lazy\" decoding=\"async\" class=\"alignnone wp-image-3270\" src=\"https:\/\/solidanca.cat\/wp-content\/uploads\/2018\/06\/WhatsApp-Image-2018-05-31-at-11.02.33.jpeg\" alt=\"\" width=\"415\" height=\"207\" \/><\/p>\n<p>&nbsp;<\/p>\n<p>&nbsp;<\/p>\n","protected":false},"excerpt":{"rendered":"<p>Des de l&#8217;1 de juny, hem iniciat la gesti\u00f3 de les 2 deixalleries fixes de la ciutat de Matar\u00f3 (als barris&#8230;<\/p>\n","protected":false},"author":2,"featured_media":4142,"comment_status":"open","ping_status":"closed","sticky":false,"template":"","format":"standard","meta":{"_uag_custom_page_level_css":"","_kad_blocks_custom_css":"","_kad_blocks_head_custom_js":"","_kad_blocks_body_custom_js":"","_kad_blocks_footer_custom_js":"","_kad_post_transparent":"","_kad_post_title":"","_kad_post_layout":"","_kad_post_sidebar_id":"","_kad_post_content_style":"","_kad_post_vertical_padding":"","_kad_post_feature":"","_kad_post_feature_position":"","_kad_post_header":false,"_kad_post_footer":false,"_kad_post_classname":"","footnotes":""},"categories":[8],"tags":[],"class_list":["post-7930","post","type-post","status-publish","format-standard","has-post-thumbnail","hentry","category-sin-categorizar"],"taxonomy_info":{"category":[{"value":8,"label":"Sin categorizar"}]},"featured_image_src_large":["https:\/\/solidanca.cat\/wp-content\/uploads\/2025\/04\/WhatsApp-Image-2018-02-28-at-12.12.01-3-1024x614.jpeg",1024,614,true],"author_info":{"display_name":"Solidan\u00e7a","author_link":"https:\/\/solidanca.cat\/es\/author\/alberg\/"},"comment_info":0,"category_info":[{"term_id":8,"name":"Sin categorizar","slug":"sin-categorizar","term_group":0,"term_taxonomy_id":8,"taxonomy":"category","description":"","parent":0,"count":199,"filter":"raw","cat_ID":8,"category_count":199,"category_description":"","cat_name":"Sin categorizar","category_nicename":"sin-categorizar","category_parent":0}],"tag_info":false,"uagb_featured_image_src":{"full":["https:\/\/solidanca.cat\/wp-content\/uploads\/2025\/04\/WhatsApp-Image-2018-02-28-at-12.12.01-3.jpeg",1238,742,false],"thumbnail":["https:\/\/solidanca.cat\/wp-content\/uploads\/2025\/04\/WhatsApp-Image-2018-02-28-at-12.12.01-3-150x150.jpeg",150,150,true],"medium":["https:\/\/solidanca.cat\/wp-content\/uploads\/2025\/04\/WhatsApp-Image-2018-02-28-at-12.12.01-3-300x180.jpeg",300,180,true],"medium_large":["https:\/\/solidanca.cat\/wp-content\/uploads\/2025\/04\/WhatsApp-Image-2018-02-28-at-12.12.01-3-768x460.jpeg",768,460,true],"large":["https:\/\/solidanca.cat\/wp-content\/uploads\/2025\/04\/WhatsApp-Image-2018-02-28-at-12.12.01-3-1024x614.jpeg",1024,614,true],"1536x1536":["https:\/\/solidanca.cat\/wp-content\/uploads\/2025\/04\/WhatsApp-Image-2018-02-28-at-12.12.01-3.jpeg",1238,742,false],"2048x2048":["https:\/\/solidanca.cat\/wp-content\/uploads\/2025\/04\/WhatsApp-Image-2018-02-28-at-12.12.01-3.jpeg",1238,742,false]},"uagb_author_info":{"display_name":"Solidan\u00e7a","author_link":"https:\/\/solidanca.cat\/es\/author\/alberg\/"},"uagb_comment_info":0,"uagb_excerpt":"Des de l&#8217;1 de juny, hem iniciat la gesti\u00f3 de les 2 deixalleries fixes de la ciutat de Matar\u00f3 (als barris...","_links":{"self":[{"href":"https:\/\/solidanca.cat\/es\/wp-json\/wp\/v2\/posts\/7930","targetHints":{"allow":["GET"]}}],"collection":[{"href":"https:\/\/solidanca.cat\/es\/wp-json\/wp\/v2\/posts"}],"about":[{"href":"https:\/\/solidanca.cat\/es\/wp-json\/wp\/v2\/types\/post"}],"author":[{"embeddable":true,"href":"https:\/\/solidanca.cat\/es\/wp-json\/wp\/v2\/users\/2"}],"replies":[{"embeddable":true,"href":"https:\/\/solidanca.cat\/es\/wp-json\/wp\/v2\/comments?post=7930"}],"version-history":[{"count":0,"href":"https:\/\/solidanca.cat\/es\/wp-json\/wp\/v2\/posts\/7930\/revisions"}],"wp:featuredmedia":[{"embeddable":true,"href":"https:\/\/solidanca.cat\/es\/wp-json\/wp\/v2\/media\/4142"}],"wp:attachment":[{"href":"https:\/\/solidanca.cat\/es\/wp-json\/wp\/v2\/media?parent=7930"}],"wp:term":[{"taxonomy":"category","embeddable":true,"href":"https:\/\/solidanca.cat\/es\/wp-json\/wp\/v2\/categories?post=7930"},{"taxonomy":"post_tag","embeddable":true,"href":"https:\/\/solidanca.cat\/es\/wp-json\/wp\/v2\/tags?post=7930"}],"curies":[{"name":"wp","href":"https:\/\/api.w.org\/{rel}","templated":true}]}}