{"id":7932,"date":"2018-06-27T16:06:12","date_gmt":"2018-06-27T14:06:12","guid":{"rendered":"https:\/\/solidanca.con2webs.es\/vols-treballar-magatzem-gestionat-per-radiofrequencia\/"},"modified":"2025-04-02T13:21:41","modified_gmt":"2025-04-02T11:21:41","slug":"vols-treballar-magatzem-gestionat-per-radiofrequencia","status":"publish","type":"post","link":"https:\/\/solidanca.cat\/es\/vols-treballar-magatzem-gestionat-per-radiofrequencia\/","title":{"rendered":"Vols treballar en un magatzem gestionat per radiofreq\u00fc\u00e8ncia?"},"content":{"rendered":"<p>Amb motiu de l&#8217;actual creixement de la demanda de personal amb nocions de <strong><em>Picking<\/em><\/strong> dins de l&#8217;\u00e0mbit de log\u00edstica, el <strong>proper dimarts 3 de juliol <\/strong>iniciem a\u00a0<strong><big>Solidan\u00e7a<\/big><\/strong>\u00a0una <strong>formaci\u00f3\u00a0de 90h en <\/strong><em><strong>organitzaci\u00f3 de magatzem per sistema de radiofreq\u00fc\u00e8ncia.<\/strong><\/em><\/p>\n<p><a href=\"https:\/\/solidanca.cat\/wp-content\/uploads\/2018\/06\/Po\u0301ster-formacio\u0301-3.jpg\" target=\"_blank\" rel=\"noopener noreferrer\"><img loading=\"lazy\" decoding=\"async\" class=\"alignnone wp-image-3304\" src=\"https:\/\/solidanca.cat\/wp-content\/uploads\/2018\/06\/Po\u0301ster-formacio\u0301-3.jpg\" alt=\"\" width=\"409\" height=\"579\" \/><\/a><\/p>\n<div><u><strong>REQUISITS:<\/strong><\/u><br \/>\n\u00b7 Inter\u00e8s en el sector de la log\u00edstica<br \/>\n\u00b7 Estar a l&#8217;atur i ser major de 18 anys<br \/>\n\u00b7 Disposar de DNI\/NIE\/Perm\u00eds de Treball<br \/>\n\u00b7 Saber catal\u00e0 i castell\u00e0 parlat i escrit<\/div>\n<p>Si est\u00e0s interessada\/t en realitzar aquesta formaci\u00f3, cal que facis <strong>inscripci\u00f3 pr\u00e8via <\/strong>enviant les teves dades de contacte al correu electr\u00f2nic <a href=\"edusocial@test.solidanca.cat\" data-cke-saved-href=\"edusocial@test.solidanca.cat\">edusocial@test.solidanca.cat<\/a>\u00a0o trucant al 655 189 119\u00a0 o al\u00a0 93 685 44 34.<\/p>\n<p><span style=\"color: #3aa023;\">Juliol \u00e9s un bon mes per formar-te, APROFITA AQUESTA OCASI\u00d3!!<\/span><\/p>\n","protected":false},"excerpt":{"rendered":"<p>Amb motiu de l&#8217;actual creixement de la demanda de personal amb nocions de Picking dins de l&#8217;\u00e0mbit de log\u00edstica, el proper&#8230;<\/p>\n","protected":false},"author":2,"featured_media":4185,"comment_status":"open","ping_status":"closed","sticky":false,"template":"","format":"standard","meta":{"_uag_custom_page_level_css":"","_kad_blocks_custom_css":"","_kad_blocks_head_custom_js":"","_kad_blocks_body_custom_js":"","_kad_blocks_footer_custom_js":"","_kad_post_transparent":"","_kad_post_title":"","_kad_post_layout":"","_kad_post_sidebar_id":"","_kad_post_content_style":"","_kad_post_vertical_padding":"","_kad_post_feature":"","_kad_post_feature_position":"","_kad_post_header":false,"_kad_post_footer":false,"_kad_post_classname":"","footnotes":""},"categories":[8],"tags":[],"class_list":["post-7932","post","type-post","status-publish","format-standard","has-post-thumbnail","hentry","category-sin-categorizar"],"taxonomy_info":{"category":[{"value":8,"label":"Sin categorizar"}]},"featured_image_src_large":["https:\/\/solidanca.cat\/wp-content\/uploads\/2025\/04\/P1440460-3-1024x588.jpg",1024,588,true],"author_info":{"display_name":"Solidan\u00e7a","author_link":"https:\/\/solidanca.cat\/es\/author\/alberg\/"},"comment_info":0,"category_info":[{"term_id":8,"name":"Sin categorizar","slug":"sin-categorizar","term_group":0,"term_taxonomy_id":8,"taxonomy":"category","description":"","parent":0,"count":199,"filter":"raw","cat_ID":8,"category_count":199,"category_description":"","cat_name":"Sin categorizar","category_nicename":"sin-categorizar","category_parent":0}],"tag_info":false,"uagb_featured_image_src":{"full":["https:\/\/solidanca.cat\/wp-content\/uploads\/2025\/04\/P1440460-3-scaled.jpg",2560,1470,false],"thumbnail":["https:\/\/solidanca.cat\/wp-content\/uploads\/2025\/04\/P1440460-3-150x150.jpg",150,150,true],"medium":["https:\/\/solidanca.cat\/wp-content\/uploads\/2025\/04\/P1440460-3-300x172.jpg",300,172,true],"medium_large":["https:\/\/solidanca.cat\/wp-content\/uploads\/2025\/04\/P1440460-3-768x441.jpg",768,441,true],"large":["https:\/\/solidanca.cat\/wp-content\/uploads\/2025\/04\/P1440460-3-1024x588.jpg",1024,588,true],"1536x1536":["https:\/\/solidanca.cat\/wp-content\/uploads\/2025\/04\/P1440460-3-1536x882.jpg",1536,882,true],"2048x2048":["https:\/\/solidanca.cat\/wp-content\/uploads\/2025\/04\/P1440460-3-2048x1176.jpg",2048,1176,true]},"uagb_author_info":{"display_name":"Solidan\u00e7a","author_link":"https:\/\/solidanca.cat\/es\/author\/alberg\/"},"uagb_comment_info":0,"uagb_excerpt":"Amb motiu de l&#8217;actual creixement de la demanda de personal amb nocions de Picking dins de l&#8217;\u00e0mbit de log\u00edstica, el proper...","_links":{"self":[{"href":"https:\/\/solidanca.cat\/es\/wp-json\/wp\/v2\/posts\/7932","targetHints":{"allow":["GET"]}}],"collection":[{"href":"https:\/\/solidanca.cat\/es\/wp-json\/wp\/v2\/posts"}],"about":[{"href":"https:\/\/solidanca.cat\/es\/wp-json\/wp\/v2\/types\/post"}],"author":[{"embeddable":true,"href":"https:\/\/solidanca.cat\/es\/wp-json\/wp\/v2\/users\/2"}],"replies":[{"embeddable":true,"href":"https:\/\/solidanca.cat\/es\/wp-json\/wp\/v2\/comments?post=7932"}],"version-history":[{"count":1,"href":"https:\/\/solidanca.cat\/es\/wp-json\/wp\/v2\/posts\/7932\/revisions"}],"predecessor-version":[{"id":7938,"href":"https:\/\/solidanca.cat\/es\/wp-json\/wp\/v2\/posts\/7932\/revisions\/7938"}],"wp:featuredmedia":[{"embeddable":true,"href":"https:\/\/solidanca.cat\/es\/wp-json\/wp\/v2\/media\/4185"}],"wp:attachment":[{"href":"https:\/\/solidanca.cat\/es\/wp-json\/wp\/v2\/media?parent=7932"}],"wp:term":[{"taxonomy":"category","embeddable":true,"href":"https:\/\/solidanca.cat\/es\/wp-json\/wp\/v2\/categories?post=7932"},{"taxonomy":"post_tag","embeddable":true,"href":"https:\/\/solidanca.cat\/es\/wp-json\/wp\/v2\/tags?post=7932"}],"curies":[{"name":"wp","href":"https:\/\/api.w.org\/{rel}","templated":true}]}}