{"id":7936,"date":"2018-07-05T13:10:45","date_gmt":"2018-07-05T11:10:45","guid":{"rendered":"https:\/\/solidanca.con2webs.es\/horari-destiu-les-botigues-solidancaroba-amiga\/"},"modified":"2018-07-05T13:10:45","modified_gmt":"2018-07-05T11:10:45","slug":"horari-destiu-les-botigues-solidancaroba-amiga","status":"publish","type":"post","link":"https:\/\/solidanca.cat\/es\/horari-destiu-les-botigues-solidancaroba-amiga\/","title":{"rendered":"Horari d&#8217;estiu a les botigues Solidan\u00e7a\/Roba Amiga"},"content":{"rendered":"<p><img loading=\"lazy\" decoding=\"async\" class=\"aligncenter wp-image-3363 \" src=\"https:\/\/solidanca.cat\/wp-content\/uploads\/2018\/07\/Facebook-1500px-x-1500px.jpg\" alt=\"\" width=\"346\" height=\"346\" \/><\/p>\n<p>Durant els mesos de juliol i agost les botigues Solidan\u00e7a\/Roba Amiga de LA NAU, Sant Joan Desp\u00ed, Molins de rei i Cornell\u00e0 varien el seu horari de tarda fins les 20.30h a la teva disposici\u00f3.<\/p>\n<p>Consulta els horaris de totes les botigues a:<a href=\"https:\/\/solidanca.cat\/botigues-solidancaroba-amiga\/\">\u00a0https:\/\/solidanca.cat\/botigues-solidancaroba-amiga\/<\/a><\/p>\n<p>T&#8217;esperem!<\/p>\n","protected":false},"excerpt":{"rendered":"<p>Durant els mesos de juliol i agost les botigues Solidan\u00e7a\/Roba Amiga de LA NAU, Sant Joan Desp\u00ed, Molins de rei i&#8230;<\/p>\n","protected":false},"author":2,"featured_media":4210,"comment_status":"open","ping_status":"closed","sticky":false,"template":"","format":"standard","meta":{"_uag_custom_page_level_css":"","_kad_blocks_custom_css":"","_kad_blocks_head_custom_js":"","_kad_blocks_body_custom_js":"","_kad_blocks_footer_custom_js":"","_kad_post_transparent":"","_kad_post_title":"","_kad_post_layout":"","_kad_post_sidebar_id":"","_kad_post_content_style":"","_kad_post_vertical_padding":"","_kad_post_feature":"","_kad_post_feature_position":"","_kad_post_header":false,"_kad_post_footer":false,"_kad_post_classname":"","footnotes":""},"categories":[8],"tags":[],"class_list":["post-7936","post","type-post","status-publish","format-standard","has-post-thumbnail","hentry","category-sin-categorizar"],"taxonomy_info":{"category":[{"value":8,"label":"Sin categorizar"}]},"featured_image_src_large":["https:\/\/solidanca.cat\/wp-content\/uploads\/2025\/04\/WhatsApp-Image-2018-05-08-at-17.07.58-3-1024x768.jpeg",1024,768,true],"author_info":{"display_name":"Solidan\u00e7a","author_link":"https:\/\/solidanca.cat\/es\/author\/alberg\/"},"comment_info":0,"category_info":[{"term_id":8,"name":"Sin categorizar","slug":"sin-categorizar","term_group":0,"term_taxonomy_id":8,"taxonomy":"category","description":"","parent":0,"count":199,"filter":"raw","cat_ID":8,"category_count":199,"category_description":"","cat_name":"Sin categorizar","category_nicename":"sin-categorizar","category_parent":0}],"tag_info":false,"uagb_featured_image_src":{"full":["https:\/\/solidanca.cat\/wp-content\/uploads\/2025\/04\/WhatsApp-Image-2018-05-08-at-17.07.58-3.jpeg",1600,1200,false],"thumbnail":["https:\/\/solidanca.cat\/wp-content\/uploads\/2025\/04\/WhatsApp-Image-2018-05-08-at-17.07.58-3-150x150.jpeg",150,150,true],"medium":["https:\/\/solidanca.cat\/wp-content\/uploads\/2025\/04\/WhatsApp-Image-2018-05-08-at-17.07.58-3-300x225.jpeg",300,225,true],"medium_large":["https:\/\/solidanca.cat\/wp-content\/uploads\/2025\/04\/WhatsApp-Image-2018-05-08-at-17.07.58-3-768x576.jpeg",768,576,true],"large":["https:\/\/solidanca.cat\/wp-content\/uploads\/2025\/04\/WhatsApp-Image-2018-05-08-at-17.07.58-3-1024x768.jpeg",1024,768,true],"1536x1536":["https:\/\/solidanca.cat\/wp-content\/uploads\/2025\/04\/WhatsApp-Image-2018-05-08-at-17.07.58-3-1536x1152.jpeg",1536,1152,true],"2048x2048":["https:\/\/solidanca.cat\/wp-content\/uploads\/2025\/04\/WhatsApp-Image-2018-05-08-at-17.07.58-3.jpeg",1600,1200,false]},"uagb_author_info":{"display_name":"Solidan\u00e7a","author_link":"https:\/\/solidanca.cat\/es\/author\/alberg\/"},"uagb_comment_info":0,"uagb_excerpt":"Durant els mesos de juliol i agost les botigues Solidan\u00e7a\/Roba Amiga de LA NAU, Sant Joan Desp\u00ed, Molins de rei i...","_links":{"self":[{"href":"https:\/\/solidanca.cat\/es\/wp-json\/wp\/v2\/posts\/7936","targetHints":{"allow":["GET"]}}],"collection":[{"href":"https:\/\/solidanca.cat\/es\/wp-json\/wp\/v2\/posts"}],"about":[{"href":"https:\/\/solidanca.cat\/es\/wp-json\/wp\/v2\/types\/post"}],"author":[{"embeddable":true,"href":"https:\/\/solidanca.cat\/es\/wp-json\/wp\/v2\/users\/2"}],"replies":[{"embeddable":true,"href":"https:\/\/solidanca.cat\/es\/wp-json\/wp\/v2\/comments?post=7936"}],"version-history":[{"count":0,"href":"https:\/\/solidanca.cat\/es\/wp-json\/wp\/v2\/posts\/7936\/revisions"}],"wp:featuredmedia":[{"embeddable":true,"href":"https:\/\/solidanca.cat\/es\/wp-json\/wp\/v2\/media\/4210"}],"wp:attachment":[{"href":"https:\/\/solidanca.cat\/es\/wp-json\/wp\/v2\/media?parent=7936"}],"wp:term":[{"taxonomy":"category","embeddable":true,"href":"https:\/\/solidanca.cat\/es\/wp-json\/wp\/v2\/categories?post=7936"},{"taxonomy":"post_tag","embeddable":true,"href":"https:\/\/solidanca.cat\/es\/wp-json\/wp\/v2\/tags?post=7936"}],"curies":[{"name":"wp","href":"https:\/\/api.w.org\/{rel}","templated":true}]}}