{"id":7946,"date":"2018-09-20T07:49:31","date_gmt":"2018-09-20T05:49:31","guid":{"rendered":"https:\/\/solidanca.con2webs.es\/solidanca-a-tv1\/"},"modified":"2018-09-20T07:49:31","modified_gmt":"2018-09-20T05:49:31","slug":"solidanca-a-tv1","status":"publish","type":"post","link":"https:\/\/solidanca.cat\/es\/solidanca-a-tv1\/","title":{"rendered":"Solidan\u00e7a a TV1"},"content":{"rendered":"<p>Aquest setembre <strong>el programa Espa\u00f1a Directo de TVE1<\/strong>, es va interessar per la tasca social que realitzem a <strong>Solidan\u00e7a\/Roba Amiga<\/strong> amb la gesti\u00f3 del residu t\u00e8xtil i ens van visitar a la nostra seu on van poder gravar el <strong>reportatge em\u00e8s el passat dia 17 de setembre <\/strong>per aquesta cadena.<\/p>\n<p>Agra\u00efm la difusi\u00f3 que ens han fet i el tractament als mitjans de la feina que fem, ja que hem pogut mostrar el nostre projecte d\u2019inserci\u00f3 laboral i alhora la professionalitat i lideratge que tenim en la gesti\u00f3 del t\u00e8xtil, del qual som referents a Catalunya i a l\u2019estat espanyol.<\/p>\n<p>Clica <a href=\"https:\/\/www.facebook.com\/279386508750001\/videos\/708121466215511\/\" target=\"_blank\" rel=\"noopener\">aqu\u00ed<\/a> per veure el programa.<\/p>\n","protected":false},"excerpt":{"rendered":"<p>Aquest setembre el programa Espa\u00f1a Directo de TVE1, es va interessar per la tasca social que realitzem a Solidan\u00e7a\/Roba Amiga amb&#8230;<\/p>\n","protected":false},"author":2,"featured_media":4268,"comment_status":"open","ping_status":"closed","sticky":false,"template":"","format":"standard","meta":{"_uag_custom_page_level_css":"","_kad_blocks_custom_css":"","_kad_blocks_head_custom_js":"","_kad_blocks_body_custom_js":"","_kad_blocks_footer_custom_js":"","_kad_post_transparent":"","_kad_post_title":"","_kad_post_layout":"","_kad_post_sidebar_id":"","_kad_post_content_style":"","_kad_post_vertical_padding":"","_kad_post_feature":"","_kad_post_feature_position":"","_kad_post_header":false,"_kad_post_footer":false,"_kad_post_classname":"","footnotes":""},"categories":[8],"tags":[],"class_list":["post-7946","post","type-post","status-publish","format-standard","has-post-thumbnail","hentry","category-sin-categorizar"],"taxonomy_info":{"category":[{"value":8,"label":"Sin categorizar"}]},"featured_image_src_large":["https:\/\/solidanca.cat\/wp-content\/uploads\/2025\/04\/2018.09.17-Espana-Directo-2-3.jpg",857,494,false],"author_info":{"display_name":"Solidan\u00e7a","author_link":"https:\/\/solidanca.cat\/es\/author\/alberg\/"},"comment_info":0,"category_info":[{"term_id":8,"name":"Sin categorizar","slug":"sin-categorizar","term_group":0,"term_taxonomy_id":8,"taxonomy":"category","description":"","parent":0,"count":199,"filter":"raw","cat_ID":8,"category_count":199,"category_description":"","cat_name":"Sin categorizar","category_nicename":"sin-categorizar","category_parent":0}],"tag_info":false,"uagb_featured_image_src":{"full":["https:\/\/solidanca.cat\/wp-content\/uploads\/2025\/04\/2018.09.17-Espana-Directo-2-3.jpg",857,494,false],"thumbnail":["https:\/\/solidanca.cat\/wp-content\/uploads\/2025\/04\/2018.09.17-Espana-Directo-2-3-150x150.jpg",150,150,true],"medium":["https:\/\/solidanca.cat\/wp-content\/uploads\/2025\/04\/2018.09.17-Espana-Directo-2-3-300x173.jpg",300,173,true],"medium_large":["https:\/\/solidanca.cat\/wp-content\/uploads\/2025\/04\/2018.09.17-Espana-Directo-2-3-768x443.jpg",768,443,true],"large":["https:\/\/solidanca.cat\/wp-content\/uploads\/2025\/04\/2018.09.17-Espana-Directo-2-3.jpg",857,494,false],"1536x1536":["https:\/\/solidanca.cat\/wp-content\/uploads\/2025\/04\/2018.09.17-Espana-Directo-2-3.jpg",857,494,false],"2048x2048":["https:\/\/solidanca.cat\/wp-content\/uploads\/2025\/04\/2018.09.17-Espana-Directo-2-3.jpg",857,494,false]},"uagb_author_info":{"display_name":"Solidan\u00e7a","author_link":"https:\/\/solidanca.cat\/es\/author\/alberg\/"},"uagb_comment_info":0,"uagb_excerpt":"Aquest setembre el programa Espa\u00f1a Directo de TVE1, es va interessar per la tasca social que realitzem a Solidan\u00e7a\/Roba Amiga amb...","_links":{"self":[{"href":"https:\/\/solidanca.cat\/es\/wp-json\/wp\/v2\/posts\/7946","targetHints":{"allow":["GET"]}}],"collection":[{"href":"https:\/\/solidanca.cat\/es\/wp-json\/wp\/v2\/posts"}],"about":[{"href":"https:\/\/solidanca.cat\/es\/wp-json\/wp\/v2\/types\/post"}],"author":[{"embeddable":true,"href":"https:\/\/solidanca.cat\/es\/wp-json\/wp\/v2\/users\/2"}],"replies":[{"embeddable":true,"href":"https:\/\/solidanca.cat\/es\/wp-json\/wp\/v2\/comments?post=7946"}],"version-history":[{"count":0,"href":"https:\/\/solidanca.cat\/es\/wp-json\/wp\/v2\/posts\/7946\/revisions"}],"wp:featuredmedia":[{"embeddable":true,"href":"https:\/\/solidanca.cat\/es\/wp-json\/wp\/v2\/media\/4268"}],"wp:attachment":[{"href":"https:\/\/solidanca.cat\/es\/wp-json\/wp\/v2\/media?parent=7946"}],"wp:term":[{"taxonomy":"category","embeddable":true,"href":"https:\/\/solidanca.cat\/es\/wp-json\/wp\/v2\/categories?post=7946"},{"taxonomy":"post_tag","embeddable":true,"href":"https:\/\/solidanca.cat\/es\/wp-json\/wp\/v2\/tags?post=7946"}],"curies":[{"name":"wp","href":"https:\/\/api.w.org\/{rel}","templated":true}]}}