{"id":7953,"date":"2018-11-15T20:18:46","date_gmt":"2018-11-15T19:18:46","guid":{"rendered":"https:\/\/solidanca.con2webs.es\/tots-els-tallers-i-activitats-lasetmana-europea-prevencio-residus\/"},"modified":"2025-04-02T13:25:04","modified_gmt":"2025-04-02T11:25:04","slug":"tots-els-tallers-i-activitats-lasetmana-europea-prevencio-residus","status":"publish","type":"post","link":"https:\/\/solidanca.cat\/es\/tots-els-tallers-i-activitats-lasetmana-europea-prevencio-residus\/","title":{"rendered":"Tots els tallers i activitats de la Setmana Europea de Prevenci\u00f3 de Residus"},"content":{"rendered":"<p>Arriba la setmana m\u00e9s important de Solidan\u00e7a en l&#8217;\u00e0mbit ambiental i volem compartir amb vosaltres totes les accions que realitzem per a fomentar la reutilitzaci\u00f3 i la prevenci\u00f3 de residus d&#8217;una manera divertida i on aprendreu moltes t\u00e8cniques a compartir amb el vostre entorn. Veniu a viure aquesta aventura amb nosaltres?<\/p>\n<p>Us convidem a participar venint\u00a0els tallers que realitzarem durant aquesta setmana a diferents municipis:<\/p>\n<p>&nbsp;<\/p>\n<p><a href=\"https:\/\/solidanca.cat\/wp-content\/uploads\/2018\/11\/calendari-SEPR1.png\" target=\"_blank\" rel=\"noopener noreferrer\"><img loading=\"lazy\" decoding=\"async\" class=\"alignnone wp-image-3592 size-full\" src=\"https:\/\/solidanca.cat\/wp-content\/uploads\/2018\/11\/calendari-SEPR1.png\" alt=\"\" width=\"1344\" height=\"1008\" \/><\/a><\/p>\n<p>&nbsp;<\/p>\n<p>US ESPEREM!!<\/p>\n<p>&nbsp;<\/p>\n<p>Per inscripcions i m\u00e9s informaci\u00f3 podeu trucar al 93 685 44 34 o escriure&#8217;ns a <a href=\"mailto:solidan@test.solidanca.cat\">solidan@test.solidanca.cat<\/a><\/p>\n<p><em>&lt;&lt;Apr\u00e8n convertir un residu en un recurs a trav\u00e9s dels nostres tallers! Apunta&#8217;t a la prevenci\u00f3!&gt;&gt;<\/em><\/p>\n<p>#EWWRCAT<\/p>\n<p>&nbsp;<\/p>\n<p>&nbsp;<\/p>\n","protected":false},"excerpt":{"rendered":"<p>Arriba la setmana m\u00e9s important de Solidan\u00e7a en l&#8217;\u00e0mbit ambiental i volem compartir amb vosaltres totes les accions que realitzem per&#8230;<\/p>\n","protected":false},"author":2,"featured_media":4294,"comment_status":"open","ping_status":"closed","sticky":false,"template":"","format":"standard","meta":{"_uag_custom_page_level_css":"","_kad_blocks_custom_css":"","_kad_blocks_head_custom_js":"","_kad_blocks_body_custom_js":"","_kad_blocks_footer_custom_js":"","_kad_post_transparent":"","_kad_post_title":"","_kad_post_layout":"","_kad_post_sidebar_id":"","_kad_post_content_style":"","_kad_post_vertical_padding":"","_kad_post_feature":"","_kad_post_feature_position":"","_kad_post_header":false,"_kad_post_footer":false,"_kad_post_classname":"","footnotes":""},"categories":[755,757,761],"tags":[],"class_list":["post-7953","post","type-post","status-publish","format-standard","has-post-thumbnail","hentry","category-agenda-es","category-educacion-ambiental","category-medio-ambiente"],"taxonomy_info":{"category":[{"value":755,"label":"AGENDA"},{"value":757,"label":"Educaci\u00f3n ambiental"},{"value":761,"label":"MEDIO AMBIENTE"}]},"featured_image_src_large":["https:\/\/solidanca.cat\/wp-content\/uploads\/2025\/04\/banner_logo_recu_cat-3-1024x192.jpg",1024,192,true],"author_info":{"display_name":"Solidan\u00e7a","author_link":"https:\/\/solidanca.cat\/es\/author\/alberg\/"},"comment_info":0,"category_info":[{"term_id":755,"name":"AGENDA","slug":"agenda-es","term_group":0,"term_taxonomy_id":755,"taxonomy":"category","description":"","parent":0,"count":22,"filter":"raw","cat_ID":755,"category_count":22,"category_description":"","cat_name":"AGENDA","category_nicename":"agenda-es","category_parent":0},{"term_id":757,"name":"Educaci\u00f3n ambiental","slug":"educacion-ambiental","term_group":0,"term_taxonomy_id":757,"taxonomy":"category","description":"","parent":0,"count":80,"filter":"raw","cat_ID":757,"category_count":80,"category_description":"","cat_name":"Educaci\u00f3n ambiental","category_nicename":"educacion-ambiental","category_parent":0},{"term_id":761,"name":"MEDIO AMBIENTE","slug":"medio-ambiente","term_group":0,"term_taxonomy_id":761,"taxonomy":"category","description":"","parent":0,"count":263,"filter":"raw","cat_ID":761,"category_count":263,"category_description":"","cat_name":"MEDIO AMBIENTE","category_nicename":"medio-ambiente","category_parent":0}],"tag_info":false,"uagb_featured_image_src":{"full":["https:\/\/solidanca.cat\/wp-content\/uploads\/2025\/04\/banner_logo_recu_cat-3.jpg",1459,274,false],"thumbnail":["https:\/\/solidanca.cat\/wp-content\/uploads\/2025\/04\/banner_logo_recu_cat-3-150x150.jpg",150,150,true],"medium":["https:\/\/solidanca.cat\/wp-content\/uploads\/2025\/04\/banner_logo_recu_cat-3-300x56.jpg",300,56,true],"medium_large":["https:\/\/solidanca.cat\/wp-content\/uploads\/2025\/04\/banner_logo_recu_cat-3-768x144.jpg",768,144,true],"large":["https:\/\/solidanca.cat\/wp-content\/uploads\/2025\/04\/banner_logo_recu_cat-3-1024x192.jpg",1024,192,true],"1536x1536":["https:\/\/solidanca.cat\/wp-content\/uploads\/2025\/04\/banner_logo_recu_cat-3.jpg",1459,274,false],"2048x2048":["https:\/\/solidanca.cat\/wp-content\/uploads\/2025\/04\/banner_logo_recu_cat-3.jpg",1459,274,false]},"uagb_author_info":{"display_name":"Solidan\u00e7a","author_link":"https:\/\/solidanca.cat\/es\/author\/alberg\/"},"uagb_comment_info":0,"uagb_excerpt":"Arriba la setmana m\u00e9s important de Solidan\u00e7a en l&#8217;\u00e0mbit ambiental i volem compartir amb vosaltres totes les accions que realitzem per...","_links":{"self":[{"href":"https:\/\/solidanca.cat\/es\/wp-json\/wp\/v2\/posts\/7953","targetHints":{"allow":["GET"]}}],"collection":[{"href":"https:\/\/solidanca.cat\/es\/wp-json\/wp\/v2\/posts"}],"about":[{"href":"https:\/\/solidanca.cat\/es\/wp-json\/wp\/v2\/types\/post"}],"author":[{"embeddable":true,"href":"https:\/\/solidanca.cat\/es\/wp-json\/wp\/v2\/users\/2"}],"replies":[{"embeddable":true,"href":"https:\/\/solidanca.cat\/es\/wp-json\/wp\/v2\/comments?post=7953"}],"version-history":[{"count":1,"href":"https:\/\/solidanca.cat\/es\/wp-json\/wp\/v2\/posts\/7953\/revisions"}],"predecessor-version":[{"id":8556,"href":"https:\/\/solidanca.cat\/es\/wp-json\/wp\/v2\/posts\/7953\/revisions\/8556"}],"wp:featuredmedia":[{"embeddable":true,"href":"https:\/\/solidanca.cat\/es\/wp-json\/wp\/v2\/media\/4294"}],"wp:attachment":[{"href":"https:\/\/solidanca.cat\/es\/wp-json\/wp\/v2\/media?parent=7953"}],"wp:term":[{"taxonomy":"category","embeddable":true,"href":"https:\/\/solidanca.cat\/es\/wp-json\/wp\/v2\/categories?post=7953"},{"taxonomy":"post_tag","embeddable":true,"href":"https:\/\/solidanca.cat\/es\/wp-json\/wp\/v2\/tags?post=7953"}],"curies":[{"name":"wp","href":"https:\/\/api.w.org\/{rel}","templated":true}]}}