{"id":7961,"date":"2019-01-04T10:39:12","date_gmt":"2019-01-04T09:39:12","guid":{"rendered":"https:\/\/solidanca.con2webs.es\/ampliem-amb-noves-tecnologies-la-planta-solidancaroba-amiga-sant-just-desvern\/"},"modified":"2019-01-04T10:39:12","modified_gmt":"2019-01-04T09:39:12","slug":"ampliem-amb-noves-tecnologies-la-planta-solidancaroba-amiga-sant-just-desvern","status":"publish","type":"post","link":"https:\/\/solidanca.cat\/es\/ampliem-amb-noves-tecnologies-la-planta-solidancaroba-amiga-sant-just-desvern\/","title":{"rendered":"Ampliem amb noves tecnologies la planta de Solidan\u00e7a\/Roba Amiga a Sant Just Desvern."},"content":{"rendered":"<p>Aprofitant les vacances de Nadal, a la planta Solidan\u00e7a\/Roba Amiga de Sant Just hem instal\u00b7lat nous sistemes per millorar la classificaci\u00f3 del residu t\u00e8xtil amb maquinaria que millora l\u2019ergonomia dels treballadors i treballadores, afavorint alhora la creaci\u00f3 de m\u00e9s llocs de treball i aix\u00ed poder augmentar la producci\u00f3.<br \/>\nApostem per la gesti\u00f3 del residu t\u00e8xtil com a motor de l&#8217;Economia Social i Solid\u00e0ria i per aquest motiu continuem millorant els processos. Perqu\u00e8 al final el que ens mou s\u00f3n les persones i la nostra aposta pel medi ambient.<\/p>\n<p>&nbsp;<\/p>\n<p><a href=\"https:\/\/solidanca.cat\/wp-content\/uploads\/2019\/01\/WhatsApp-Image-2019-01-09-at-12.48.17-350x197.jpg\"><img loading=\"lazy\" decoding=\"async\" class=\"size-full wp-image-3652 aligncenter\" src=\"https:\/\/solidanca.cat\/wp-content\/uploads\/2019\/01\/WhatsApp-Image-2019-01-09-at-12.48.17-350x197.jpg\" alt=\"\" width=\"350\" height=\"197\" \/><\/a><\/p>\n<p>&nbsp;<\/p>\n<p>&nbsp;<\/p>\n","protected":false},"excerpt":{"rendered":"<p>Aprofitant les vacances de Nadal, a la planta Solidan\u00e7a\/Roba Amiga de Sant Just hem instal\u00b7lat nous sistemes per millorar la classificaci\u00f3&#8230;<\/p>\n","protected":false},"author":2,"featured_media":4323,"comment_status":"open","ping_status":"closed","sticky":false,"template":"","format":"standard","meta":{"_uag_custom_page_level_css":"","_kad_blocks_custom_css":"","_kad_blocks_head_custom_js":"","_kad_blocks_body_custom_js":"","_kad_blocks_footer_custom_js":"","_kad_post_transparent":"","_kad_post_title":"","_kad_post_layout":"","_kad_post_sidebar_id":"","_kad_post_content_style":"","_kad_post_vertical_padding":"","_kad_post_feature":"","_kad_post_feature_position":"","_kad_post_header":false,"_kad_post_footer":false,"_kad_post_classname":"","footnotes":""},"categories":[763,761,8],"tags":[],"class_list":["post-7961","post","type-post","status-publish","format-standard","has-post-thumbnail","hentry","category-area-social-es","category-medio-ambiente","category-sin-categorizar"],"taxonomy_info":{"category":[{"value":763,"label":"Area Social"},{"value":761,"label":"MEDIO AMBIENTE"},{"value":8,"label":"Sin categorizar"}]},"featured_image_src_large":["https:\/\/solidanca.cat\/wp-content\/uploads\/2025\/04\/46499265_2120517137970253_8259908798169219072_n-3.jpg",960,640,false],"author_info":{"display_name":"Solidan\u00e7a","author_link":"https:\/\/solidanca.cat\/es\/author\/alberg\/"},"comment_info":0,"category_info":[{"term_id":763,"name":"Area Social","slug":"area-social-es","term_group":0,"term_taxonomy_id":763,"taxonomy":"category","description":"","parent":0,"count":205,"filter":"raw","cat_ID":763,"category_count":205,"category_description":"","cat_name":"Area Social","category_nicename":"area-social-es","category_parent":0},{"term_id":761,"name":"MEDIO AMBIENTE","slug":"medio-ambiente","term_group":0,"term_taxonomy_id":761,"taxonomy":"category","description":"","parent":0,"count":263,"filter":"raw","cat_ID":761,"category_count":263,"category_description":"","cat_name":"MEDIO AMBIENTE","category_nicename":"medio-ambiente","category_parent":0},{"term_id":8,"name":"Sin categorizar","slug":"sin-categorizar","term_group":0,"term_taxonomy_id":8,"taxonomy":"category","description":"","parent":0,"count":199,"filter":"raw","cat_ID":8,"category_count":199,"category_description":"","cat_name":"Sin categorizar","category_nicename":"sin-categorizar","category_parent":0}],"tag_info":false,"uagb_featured_image_src":{"full":["https:\/\/solidanca.cat\/wp-content\/uploads\/2025\/04\/46499265_2120517137970253_8259908798169219072_n-3.jpg",960,640,false],"thumbnail":["https:\/\/solidanca.cat\/wp-content\/uploads\/2025\/04\/46499265_2120517137970253_8259908798169219072_n-3-150x150.jpg",150,150,true],"medium":["https:\/\/solidanca.cat\/wp-content\/uploads\/2025\/04\/46499265_2120517137970253_8259908798169219072_n-3-300x200.jpg",300,200,true],"medium_large":["https:\/\/solidanca.cat\/wp-content\/uploads\/2025\/04\/46499265_2120517137970253_8259908798169219072_n-3-768x512.jpg",768,512,true],"large":["https:\/\/solidanca.cat\/wp-content\/uploads\/2025\/04\/46499265_2120517137970253_8259908798169219072_n-3.jpg",960,640,false],"1536x1536":["https:\/\/solidanca.cat\/wp-content\/uploads\/2025\/04\/46499265_2120517137970253_8259908798169219072_n-3.jpg",960,640,false],"2048x2048":["https:\/\/solidanca.cat\/wp-content\/uploads\/2025\/04\/46499265_2120517137970253_8259908798169219072_n-3.jpg",960,640,false]},"uagb_author_info":{"display_name":"Solidan\u00e7a","author_link":"https:\/\/solidanca.cat\/es\/author\/alberg\/"},"uagb_comment_info":0,"uagb_excerpt":"Aprofitant les vacances de Nadal, a la planta Solidan\u00e7a\/Roba Amiga de Sant Just hem instal\u00b7lat nous sistemes per millorar la classificaci\u00f3...","_links":{"self":[{"href":"https:\/\/solidanca.cat\/es\/wp-json\/wp\/v2\/posts\/7961","targetHints":{"allow":["GET"]}}],"collection":[{"href":"https:\/\/solidanca.cat\/es\/wp-json\/wp\/v2\/posts"}],"about":[{"href":"https:\/\/solidanca.cat\/es\/wp-json\/wp\/v2\/types\/post"}],"author":[{"embeddable":true,"href":"https:\/\/solidanca.cat\/es\/wp-json\/wp\/v2\/users\/2"}],"replies":[{"embeddable":true,"href":"https:\/\/solidanca.cat\/es\/wp-json\/wp\/v2\/comments?post=7961"}],"version-history":[{"count":0,"href":"https:\/\/solidanca.cat\/es\/wp-json\/wp\/v2\/posts\/7961\/revisions"}],"wp:featuredmedia":[{"embeddable":true,"href":"https:\/\/solidanca.cat\/es\/wp-json\/wp\/v2\/media\/4323"}],"wp:attachment":[{"href":"https:\/\/solidanca.cat\/es\/wp-json\/wp\/v2\/media?parent=7961"}],"wp:term":[{"taxonomy":"category","embeddable":true,"href":"https:\/\/solidanca.cat\/es\/wp-json\/wp\/v2\/categories?post=7961"},{"taxonomy":"post_tag","embeddable":true,"href":"https:\/\/solidanca.cat\/es\/wp-json\/wp\/v2\/tags?post=7961"}],"curies":[{"name":"wp","href":"https:\/\/api.w.org\/{rel}","templated":true}]}}