{"id":7966,"date":"2019-01-11T10:32:13","date_gmt":"2019-01-11T09:32:13","guid":{"rendered":"https:\/\/solidanca.con2webs.es\/renovem-conveni-del-programa-incorpora-i-del-punt-formatiu-incorpora-lobra-social-la-caixa\/"},"modified":"2025-04-02T13:25:05","modified_gmt":"2025-04-02T11:25:05","slug":"renovem-conveni-del-programa-incorpora-i-del-punt-formatiu-incorpora-lobra-social-la-caixa","status":"publish","type":"post","link":"https:\/\/solidanca.cat\/es\/renovem-conveni-del-programa-incorpora-i-del-punt-formatiu-incorpora-lobra-social-la-caixa\/","title":{"rendered":"Renovem el conveni del Programa INCORPORA i del PUNT FORMATIU INCORPORA de l\u2019Obra Social \u201cLa\u00a0Caixa\u201d"},"content":{"rendered":"<p>Un any m\u00e9s, renovem el conveni del programa INCORPORA de l&#8217;Obra Social \u201cLa Caixa\u201d, conjuntament amb el conveni del Punt Formatiu Incorpora.<\/p>\n<p><strong>INCORPORA de \u201cLa Caixa<\/strong>\u201d es un programa d&#8217;intermediaci\u00f3 laboral que combina de forma \u00f2ptima les necessitats del teixit social i empresarial, per assegurar l&#8217;\u00e8xit en la integraci\u00f3 laboral. I Solidan\u00e7a en forma part des dels seus inicis fa m\u00e9s de 10 anys.<\/p>\n<p>Amb aquest objectiu, <strong>Solidan\u00e7a ofereix un servei integral gratu\u00eft <\/strong>amb t\u00e8cnics d&#8217;inserci\u00f3 laboral que <strong>proporcionen tot el suport en les diferents fases del proc\u00e9s de recerca de feina de l&#8217;usuari: <\/strong>des de la selecci\u00f3 fins a la completa integraci\u00f3 en el lloc de feina, <strong>aix\u00ed com <\/strong><strong>l&#8217;assessorament necessari per a l&#8217;empresa<\/strong>. A m\u00e9s, per l&#8217;empresa, el fet de disposar d&#8217;un programa de responsabilitat social contribueix a millorar la nostra societat i repercuteix positivament en la imatge de la pr\u00f2pia empresa, tant entre els seus accionistes com entre els treballadors i clients.<\/p>\n<p>Alhora la participaci\u00f3 en la <strong>xarxa de Punts Formatius Incorpora <\/strong>ens permet millorar l&#8217;ocupabilitat de les persones que es troben en risc o situaci\u00f3 d&#8217;exclusi\u00f3 social a trav\u00e9s de la formaci\u00f3 t\u00e8cnica i sobretot de la formaci\u00f3 en compet\u00e8ncies transversals, de manera que puguin tenir m\u00e9s possibilitat d&#8217;incorporar-se al mercat laboral.<\/p>\n<p><a href=\"https:\/\/solidanca.cat\/wp-content\/uploads\/2019\/01\/WhatsApp-Image-2019-01-11-at-13.16.14.jpeg\"><img loading=\"lazy\" decoding=\"async\" class=\" wp-image-3707 aligncenter\" src=\"https:\/\/solidanca.cat\/wp-content\/uploads\/2019\/01\/WhatsApp-Image-2019-01-11-at-13.16.14.jpeg\" alt=\"\" width=\"457\" height=\"425\" \/><\/a><\/p>\n<p>&nbsp;<\/p>\n<p>&nbsp;<\/p>\n","protected":false},"excerpt":{"rendered":"<p>Un any m\u00e9s, renovem el conveni del programa INCORPORA de l&#8217;Obra Social \u201cLa Caixa\u201d, conjuntament amb el conveni del Punt Formatiu&#8230;<\/p>\n","protected":false},"author":2,"featured_media":4346,"comment_status":"open","ping_status":"closed","sticky":false,"template":"","format":"standard","meta":{"_uag_custom_page_level_css":"","_kad_blocks_custom_css":"","_kad_blocks_head_custom_js":"","_kad_blocks_body_custom_js":"","_kad_blocks_footer_custom_js":"","_kad_post_transparent":"","_kad_post_title":"","_kad_post_layout":"","_kad_post_sidebar_id":"","_kad_post_content_style":"","_kad_post_vertical_padding":"","_kad_post_feature":"","_kad_post_feature_position":"","_kad_post_header":false,"_kad_post_footer":false,"_kad_post_classname":"","footnotes":""},"categories":[763,758,760,8],"tags":[],"class_list":["post-7966","post","type-post","status-publish","format-standard","has-post-thumbnail","hentry","category-area-social-es","category-formacion","category-incorpora-es","category-sin-categorizar"],"taxonomy_info":{"category":[{"value":763,"label":"Area Social"},{"value":758,"label":"Formaci\u00f3n"},{"value":760,"label":"Incorpora"},{"value":8,"label":"Sin categorizar"}]},"featured_image_src_large":["https:\/\/solidanca.cat\/wp-content\/uploads\/2025\/04\/2018.11-CONAMA.-Nati-4-576x1024.jpg",576,1024,true],"author_info":{"display_name":"Solidan\u00e7a","author_link":"https:\/\/solidanca.cat\/es\/author\/alberg\/"},"comment_info":0,"category_info":[{"term_id":763,"name":"Area Social","slug":"area-social-es","term_group":0,"term_taxonomy_id":763,"taxonomy":"category","description":"","parent":0,"count":205,"filter":"raw","cat_ID":763,"category_count":205,"category_description":"","cat_name":"Area Social","category_nicename":"area-social-es","category_parent":0},{"term_id":758,"name":"Formaci\u00f3n","slug":"formacion","term_group":0,"term_taxonomy_id":758,"taxonomy":"category","description":"","parent":0,"count":107,"filter":"raw","cat_ID":758,"category_count":107,"category_description":"","cat_name":"Formaci\u00f3n","category_nicename":"formacion","category_parent":0},{"term_id":760,"name":"Incorpora","slug":"incorpora-es","term_group":0,"term_taxonomy_id":760,"taxonomy":"category","description":"","parent":0,"count":23,"filter":"raw","cat_ID":760,"category_count":23,"category_description":"","cat_name":"Incorpora","category_nicename":"incorpora-es","category_parent":0},{"term_id":8,"name":"Sin categorizar","slug":"sin-categorizar","term_group":0,"term_taxonomy_id":8,"taxonomy":"category","description":"","parent":0,"count":199,"filter":"raw","cat_ID":8,"category_count":199,"category_description":"","cat_name":"Sin categorizar","category_nicename":"sin-categorizar","category_parent":0}],"tag_info":false,"uagb_featured_image_src":{"full":["https:\/\/solidanca.cat\/wp-content\/uploads\/2025\/04\/2018.11-CONAMA.-Nati-4.jpg",900,1599,false],"thumbnail":["https:\/\/solidanca.cat\/wp-content\/uploads\/2025\/04\/2018.11-CONAMA.-Nati-4-150x150.jpg",150,150,true],"medium":["https:\/\/solidanca.cat\/wp-content\/uploads\/2025\/04\/2018.11-CONAMA.-Nati-4-169x300.jpg",169,300,true],"medium_large":["https:\/\/solidanca.cat\/wp-content\/uploads\/2025\/04\/2018.11-CONAMA.-Nati-4-768x1364.jpg",768,1364,true],"large":["https:\/\/solidanca.cat\/wp-content\/uploads\/2025\/04\/2018.11-CONAMA.-Nati-4-576x1024.jpg",576,1024,true],"1536x1536":["https:\/\/solidanca.cat\/wp-content\/uploads\/2025\/04\/2018.11-CONAMA.-Nati-4-865x1536.jpg",865,1536,true],"2048x2048":["https:\/\/solidanca.cat\/wp-content\/uploads\/2025\/04\/2018.11-CONAMA.-Nati-4.jpg",900,1599,false]},"uagb_author_info":{"display_name":"Solidan\u00e7a","author_link":"https:\/\/solidanca.cat\/es\/author\/alberg\/"},"uagb_comment_info":0,"uagb_excerpt":"Un any m\u00e9s, renovem el conveni del programa INCORPORA de l&#8217;Obra Social \u201cLa Caixa\u201d, conjuntament amb el conveni del Punt Formatiu...","_links":{"self":[{"href":"https:\/\/solidanca.cat\/es\/wp-json\/wp\/v2\/posts\/7966","targetHints":{"allow":["GET"]}}],"collection":[{"href":"https:\/\/solidanca.cat\/es\/wp-json\/wp\/v2\/posts"}],"about":[{"href":"https:\/\/solidanca.cat\/es\/wp-json\/wp\/v2\/types\/post"}],"author":[{"embeddable":true,"href":"https:\/\/solidanca.cat\/es\/wp-json\/wp\/v2\/users\/2"}],"replies":[{"embeddable":true,"href":"https:\/\/solidanca.cat\/es\/wp-json\/wp\/v2\/comments?post=7966"}],"version-history":[{"count":1,"href":"https:\/\/solidanca.cat\/es\/wp-json\/wp\/v2\/posts\/7966\/revisions"}],"predecessor-version":[{"id":8560,"href":"https:\/\/solidanca.cat\/es\/wp-json\/wp\/v2\/posts\/7966\/revisions\/8560"}],"wp:featuredmedia":[{"embeddable":true,"href":"https:\/\/solidanca.cat\/es\/wp-json\/wp\/v2\/media\/4346"}],"wp:attachment":[{"href":"https:\/\/solidanca.cat\/es\/wp-json\/wp\/v2\/media?parent=7966"}],"wp:term":[{"taxonomy":"category","embeddable":true,"href":"https:\/\/solidanca.cat\/es\/wp-json\/wp\/v2\/categories?post=7966"},{"taxonomy":"post_tag","embeddable":true,"href":"https:\/\/solidanca.cat\/es\/wp-json\/wp\/v2\/tags?post=7966"}],"curies":[{"name":"wp","href":"https:\/\/api.w.org\/{rel}","templated":true}]}}