{"id":7967,"date":"2019-02-01T13:53:54","date_gmt":"2019-02-01T12:53:54","guid":{"rendered":"https:\/\/solidanca.con2webs.es\/nuevos-cursos-febrero-iniciamos-formaciones-gratuitas-gestion-residuos-reparacion-electrodomesticos\/"},"modified":"2025-04-02T13:25:05","modified_gmt":"2025-04-02T11:25:05","slug":"nuevos-cursos-febrero-iniciamos-formaciones-gratuitas-gestion-residuos-reparacion-electrodomesticos","status":"publish","type":"post","link":"https:\/\/solidanca.cat\/es\/nuevos-cursos-febrero-iniciamos-formaciones-gratuitas-gestion-residuos-reparacion-electrodomesticos\/","title":{"rendered":"Iniciamos formaciones gratuitas en gesti\u00f3n de residuos y reparaci\u00f3n de electrodom\u00e9sticos"},"content":{"rendered":"<p>[FORMACI\u00d3N FINALIZADA]<\/p>\n<p>En el mes de Febrero iniciamos dos nuevas acciones formativas con el <strong>Curso de Gesti\u00f3n y manipulaci\u00f3n de residuos urbanos e industriales<\/strong> enmarcado dentro del <a href=\"https:\/\/www.incorpora.org\/ca\" target=\"_blank\" rel=\"noopener noreferrer\">Programa Incorpora<\/a> de \u00abLa Caixa\u00bb y, en segundo lugar, con el <strong>Curso de Reparaci\u00f3n de Aparatos El\u00e9ctricos y Electr\u00f3nicos (RAEE )<\/strong> con el apoyo de la <a href=\"https:\/\/obrasociallacaixa.org\/ca\/\" target=\"_blank\" rel=\"noopener noreferrer\">Obra Social \u00abla Caixa\u00bb<\/a>.<\/p>\n<p><a href=\"https:\/\/solidanca.cat\/wp-content\/uploads\/2019\/02\/RAEE.jpg\"><img loading=\"lazy\" decoding=\"async\" class=\"alignnone wp-image-3728\" src=\"https:\/\/solidanca.cat\/wp-content\/uploads\/2019\/02\/RAEE.jpg\" alt=\"\" width=\"322\" height=\"322\" \/><\/a>\u00a0 \u00a0 \u00a0 \u00a0<a href=\"https:\/\/solidanca.cat\/wp-content\/uploads\/2019\/02\/Residus.jpg\"><img loading=\"lazy\" decoding=\"async\" class=\"alignnone wp-image-3729\" src=\"https:\/\/solidanca.cat\/wp-content\/uploads\/2019\/02\/Residus.jpg\" alt=\"\" width=\"303\" height=\"303\" \/><\/a><\/p>\n<p>Si est\u00e1s interesado\/a o conoces a alguien que pueda estado interesado\/a, puedes descargarte los carteles en los siguientes enlaces: <a href=\"https:\/\/solidanca.cat\/wp-content\/uploads\/2019\/02\/CARTELLS-A4-Curs-Residus.pdf\">CARTELLS A4 -Curs Residus<\/a>\u00a0y\u00a0 <a href=\"https:\/\/solidanca.cat\/wp-content\/uploads\/2019\/02\/CARTELLS-A4-Curs-RAEE.pdf\">CARTELLS A4 -Curs RAEE<\/a>\u00a0para tener toda la informaci\u00f3n, y ponerte en contacto con nosotros en el 93 685 44 34 o al correo formacio@test.solidanca.cat.<\/p>\n<p>&nbsp;<\/p>\n<p>Estas formaciones est\u00e1n orientadas a personas paradas y que se encuentran en situaci\u00f3n de vulnerabilidad de nuestro entorno, ya que consideramos que es una oportunidad formarse en estos sectores, potenciales nichos de inserci\u00f3n.<\/p>\n<p>Los contenidos de las formaciones son los siguientes:<\/p>\n<ul>\n<li>Formaci\u00f3n T\u00e9cnica<\/li>\n<li>Formaci\u00f3n en competencias transversales<\/li>\n<li>Proceso de coaching con sesiones individuales y grupales<\/li>\n<li>Pr\u00e1cticas en empresas del sector<\/li>\n<\/ul>\n<p>Y como requisitos pedimos son:<\/p>\n<ul>\n<li>Motivaci\u00f3n por el sector residuos y sensibilidad por el medio ambiente<\/li>\n<li>Con permiso de residencia y trabajo<\/li>\n<li>No padecer alergia al polvo y humedad.<\/li>\n<li>Encontrarse en las condiciones f\u00edsicas y psicol\u00f3gicas adecuadas que permitan realizar las tareas propias del curso.<\/li>\n<li>Dominio hablado y comprendido del castellano o catal\u00e1n (uno de los dos debe dominar)<\/li>\n<\/ul>\n<p><strong>Puedes hacernos llegar sus datos (nombre y tel\u00e9fono) al correo electr\u00f3nico formacio@test.solidanca.cat o por tel\u00e9fono al: 655.18.91.19 y 93.685.44.34 y contactaremos con vosotros para llevar a cabo una entrevista de selecci\u00f3n.<\/strong><\/p>\n<p>&nbsp;<\/p>\n<h3><\/h3>\n","protected":false},"excerpt":{"rendered":"<p>[FORMACI\u00d3N FINALIZADA] En el mes de Febrero iniciamos dos nuevas acciones formativas con el Curso de Gesti\u00f3n y manipulaci\u00f3n de residuos&#8230;<\/p>\n","protected":false},"author":2,"featured_media":4355,"comment_status":"open","ping_status":"closed","sticky":false,"template":"","format":"standard","meta":{"_uag_custom_page_level_css":"","_kad_blocks_custom_css":"","_kad_blocks_head_custom_js":"","_kad_blocks_body_custom_js":"","_kad_blocks_footer_custom_js":"","_kad_post_transparent":"","_kad_post_title":"","_kad_post_layout":"","_kad_post_sidebar_id":"","_kad_post_content_style":"","_kad_post_vertical_padding":"","_kad_post_feature":"","_kad_post_feature_position":"","_kad_post_header":false,"_kad_post_footer":false,"_kad_post_classname":"","footnotes":""},"categories":[763,758,760],"tags":[],"class_list":["post-7967","post","type-post","status-publish","format-standard","has-post-thumbnail","hentry","category-area-social-es","category-formacion","category-incorpora-es"],"taxonomy_info":{"category":[{"value":763,"label":"Area Social"},{"value":758,"label":"Formaci\u00f3n"},{"value":760,"label":"Incorpora"}]},"featured_image_src_large":["https:\/\/solidanca.cat\/wp-content\/uploads\/2025\/04\/Copia-Nuria-Cartell-hosritzontal-A4-7-1024x724.jpg",1024,724,true],"author_info":{"display_name":"Solidan\u00e7a","author_link":"https:\/\/solidanca.cat\/es\/author\/alberg\/"},"comment_info":0,"category_info":[{"term_id":763,"name":"Area Social","slug":"area-social-es","term_group":0,"term_taxonomy_id":763,"taxonomy":"category","description":"","parent":0,"count":205,"filter":"raw","cat_ID":763,"category_count":205,"category_description":"","cat_name":"Area Social","category_nicename":"area-social-es","category_parent":0},{"term_id":758,"name":"Formaci\u00f3n","slug":"formacion","term_group":0,"term_taxonomy_id":758,"taxonomy":"category","description":"","parent":0,"count":107,"filter":"raw","cat_ID":758,"category_count":107,"category_description":"","cat_name":"Formaci\u00f3n","category_nicename":"formacion","category_parent":0},{"term_id":760,"name":"Incorpora","slug":"incorpora-es","term_group":0,"term_taxonomy_id":760,"taxonomy":"category","description":"","parent":0,"count":23,"filter":"raw","cat_ID":760,"category_count":23,"category_description":"","cat_name":"Incorpora","category_nicename":"incorpora-es","category_parent":0}],"tag_info":false,"uagb_featured_image_src":{"full":["https:\/\/solidanca.cat\/wp-content\/uploads\/2025\/04\/Copia-Nuria-Cartell-hosritzontal-A4-7.jpg",1123,794,false],"thumbnail":["https:\/\/solidanca.cat\/wp-content\/uploads\/2025\/04\/Copia-Nuria-Cartell-hosritzontal-A4-7-150x150.jpg",150,150,true],"medium":["https:\/\/solidanca.cat\/wp-content\/uploads\/2025\/04\/Copia-Nuria-Cartell-hosritzontal-A4-7-300x212.jpg",300,212,true],"medium_large":["https:\/\/solidanca.cat\/wp-content\/uploads\/2025\/04\/Copia-Nuria-Cartell-hosritzontal-A4-7-768x543.jpg",768,543,true],"large":["https:\/\/solidanca.cat\/wp-content\/uploads\/2025\/04\/Copia-Nuria-Cartell-hosritzontal-A4-7-1024x724.jpg",1024,724,true],"1536x1536":["https:\/\/solidanca.cat\/wp-content\/uploads\/2025\/04\/Copia-Nuria-Cartell-hosritzontal-A4-7.jpg",1123,794,false],"2048x2048":["https:\/\/solidanca.cat\/wp-content\/uploads\/2025\/04\/Copia-Nuria-Cartell-hosritzontal-A4-7.jpg",1123,794,false]},"uagb_author_info":{"display_name":"Solidan\u00e7a","author_link":"https:\/\/solidanca.cat\/es\/author\/alberg\/"},"uagb_comment_info":0,"uagb_excerpt":"[FORMACI\u00d3N FINALIZADA] En el mes de Febrero iniciamos dos nuevas acciones formativas con el Curso de Gesti\u00f3n y manipulaci\u00f3n de residuos...","_links":{"self":[{"href":"https:\/\/solidanca.cat\/es\/wp-json\/wp\/v2\/posts\/7967","targetHints":{"allow":["GET"]}}],"collection":[{"href":"https:\/\/solidanca.cat\/es\/wp-json\/wp\/v2\/posts"}],"about":[{"href":"https:\/\/solidanca.cat\/es\/wp-json\/wp\/v2\/types\/post"}],"author":[{"embeddable":true,"href":"https:\/\/solidanca.cat\/es\/wp-json\/wp\/v2\/users\/2"}],"replies":[{"embeddable":true,"href":"https:\/\/solidanca.cat\/es\/wp-json\/wp\/v2\/comments?post=7967"}],"version-history":[{"count":1,"href":"https:\/\/solidanca.cat\/es\/wp-json\/wp\/v2\/posts\/7967\/revisions"}],"predecessor-version":[{"id":7969,"href":"https:\/\/solidanca.cat\/es\/wp-json\/wp\/v2\/posts\/7967\/revisions\/7969"}],"wp:featuredmedia":[{"embeddable":true,"href":"https:\/\/solidanca.cat\/es\/wp-json\/wp\/v2\/media\/4355"}],"wp:attachment":[{"href":"https:\/\/solidanca.cat\/es\/wp-json\/wp\/v2\/media?parent=7967"}],"wp:term":[{"taxonomy":"category","embeddable":true,"href":"https:\/\/solidanca.cat\/es\/wp-json\/wp\/v2\/categories?post=7967"},{"taxonomy":"post_tag","embeddable":true,"href":"https:\/\/solidanca.cat\/es\/wp-json\/wp\/v2\/tags?post=7967"}],"curies":[{"name":"wp","href":"https:\/\/api.w.org\/{rel}","templated":true}]}}