{"id":7979,"date":"2019-04-03T09:19:17","date_gmt":"2019-04-03T07:19:17","guid":{"rendered":"https:\/\/solidanca.con2webs.es\/tot-punt-per-comencar-les-visites-guiades-lalberg-solidanca\/"},"modified":"2019-04-03T09:19:17","modified_gmt":"2019-04-03T07:19:17","slug":"tot-punt-per-comencar-les-visites-guiades-lalberg-solidanca","status":"publish","type":"post","link":"https:\/\/solidanca.cat\/es\/tot-punt-per-comencar-les-visites-guiades-lalberg-solidanca\/","title":{"rendered":"Tot a punt per comen\u00e7ar les visites guiades a l&#8217;Alberg Solidan\u00e7a!"},"content":{"rendered":"<h5>Tot a punt per rebre les escoles de Palafrugell a les visites guiades sobre economia circular. Comen\u00e7a la primavera a l\u2019Alberg!<\/h5>\n<p>Seguint el model de les campanyes d\u2019educaci\u00f3 ambiental de Solidan\u00e7a, a l\u2019Alberg tamb\u00e9 ho implementem oferint a les escoles de l\u2019entorn visites guiades i tallers per con\u00e8ixer el concepte d\u2019economia.<a href=\"https:\/\/solidanca.cat\/wp-content\/uploads\/2018\/05\/0.jpg\"><img loading=\"lazy\" decoding=\"async\" class=\"wp-image-3289 alignright\" src=\"https:\/\/solidanca.cat\/wp-content\/uploads\/2018\/05\/0.jpg\" alt=\"\" width=\"299\" height=\"224\" \/><\/a><\/p>\n<p>En aquestes visites, la mainada podr\u00e0 con\u00e8ixer en directe el concepte d\u2019economia circular pels diferents espais on es desenvolupa l\u2018Economia circular, dinamitzats amb exposicions explicatives de cada activitat.<\/p>\n<p>Aquesta ruta comen\u00e7a als espais interiors on es realitza la restauraci\u00f3 i reutilitzaci\u00f3 de mobles, fins als espais exteriors on s\u2019explica com els residus org\u00e0nics generats a l\u2019Alberg es composten, a m\u00e9s de la recollida d\u2019aig\u00fces fluvials per poder regar l\u2019hort i el\u00a0 jard\u00ed. Tanquem el cicle d\u2019economia circular a l\u2019hort i es fa un recull de les esp\u00e8cies vegetals que hi ha plantades al jard\u00ed de les olors on podran gaudir de l\u2019esclat de la primavera tot descobrint la biodiversitat de l\u2019Alberg.<\/p>\n<p>&nbsp;<\/p>\n<p>Un cop acabada la visita guiada, els visitants podran realitzar un taller de sensibilitzaci\u00f3 per consolidar de manera pr\u00e0ctica el concepte d\u2019Economia Circular.<\/p>\n<p>Amb l\u2019objectiu de ser un referent de turisme responsable i sostenible a la zona. <strong><em>Connectem el lleure amb l\u2019economia circular.<\/em><\/strong><\/p>\n<p><a href=\"https:\/\/solidanca.cat\/wp-content\/uploads\/2019\/04\/Muntatge-HORT.jpg\"><img loading=\"lazy\" decoding=\"async\" class=\"wp-image-3810 aligncenter\" src=\"https:\/\/solidanca.cat\/wp-content\/uploads\/2019\/04\/Muntatge-HORT.jpg\" alt=\"\" width=\"756\" height=\"184\" \/><\/a><\/p>\n<p>&nbsp;<\/p>\n<p>&nbsp;<\/p>\n<p>&nbsp;<\/p>\n","protected":false},"excerpt":{"rendered":"<p>Tot a punt per rebre les escoles de Palafrugell a les visites guiades sobre economia circular. Comen\u00e7a la primavera a l\u2019Alberg!&#8230;<\/p>\n","protected":false},"author":2,"featured_media":4404,"comment_status":"open","ping_status":"closed","sticky":false,"template":"","format":"standard","meta":{"_uag_custom_page_level_css":"","_kad_blocks_custom_css":"","_kad_blocks_head_custom_js":"","_kad_blocks_body_custom_js":"","_kad_blocks_footer_custom_js":"","_kad_post_transparent":"","_kad_post_title":"","_kad_post_layout":"","_kad_post_sidebar_id":"","_kad_post_content_style":"","_kad_post_vertical_padding":"","_kad_post_feature":"","_kad_post_feature_position":"","_kad_post_header":false,"_kad_post_footer":false,"_kad_post_classname":"","footnotes":""},"categories":[8],"tags":[],"class_list":["post-7979","post","type-post","status-publish","format-standard","has-post-thumbnail","hentry","category-sin-categorizar"],"taxonomy_info":{"category":[{"value":8,"label":"Sin categorizar"}]},"featured_image_src_large":["https:\/\/solidanca.cat\/wp-content\/uploads\/2025\/04\/Muntatge-HORT-3.jpg",559,136,false],"author_info":{"display_name":"Solidan\u00e7a","author_link":"https:\/\/solidanca.cat\/es\/author\/alberg\/"},"comment_info":0,"category_info":[{"term_id":8,"name":"Sin categorizar","slug":"sin-categorizar","term_group":0,"term_taxonomy_id":8,"taxonomy":"category","description":"","parent":0,"count":199,"filter":"raw","cat_ID":8,"category_count":199,"category_description":"","cat_name":"Sin categorizar","category_nicename":"sin-categorizar","category_parent":0}],"tag_info":false,"uagb_featured_image_src":{"full":["https:\/\/solidanca.cat\/wp-content\/uploads\/2025\/04\/Muntatge-HORT-3.jpg",559,136,false],"thumbnail":["https:\/\/solidanca.cat\/wp-content\/uploads\/2025\/04\/Muntatge-HORT-3-150x136.jpg",150,136,true],"medium":["https:\/\/solidanca.cat\/wp-content\/uploads\/2025\/04\/Muntatge-HORT-3-300x73.jpg",300,73,true],"medium_large":["https:\/\/solidanca.cat\/wp-content\/uploads\/2025\/04\/Muntatge-HORT-3.jpg",559,136,false],"large":["https:\/\/solidanca.cat\/wp-content\/uploads\/2025\/04\/Muntatge-HORT-3.jpg",559,136,false],"1536x1536":["https:\/\/solidanca.cat\/wp-content\/uploads\/2025\/04\/Muntatge-HORT-3.jpg",559,136,false],"2048x2048":["https:\/\/solidanca.cat\/wp-content\/uploads\/2025\/04\/Muntatge-HORT-3.jpg",559,136,false]},"uagb_author_info":{"display_name":"Solidan\u00e7a","author_link":"https:\/\/solidanca.cat\/es\/author\/alberg\/"},"uagb_comment_info":0,"uagb_excerpt":"Tot a punt per rebre les escoles de Palafrugell a les visites guiades sobre economia circular. Comen\u00e7a la primavera a l\u2019Alberg!...","_links":{"self":[{"href":"https:\/\/solidanca.cat\/es\/wp-json\/wp\/v2\/posts\/7979","targetHints":{"allow":["GET"]}}],"collection":[{"href":"https:\/\/solidanca.cat\/es\/wp-json\/wp\/v2\/posts"}],"about":[{"href":"https:\/\/solidanca.cat\/es\/wp-json\/wp\/v2\/types\/post"}],"author":[{"embeddable":true,"href":"https:\/\/solidanca.cat\/es\/wp-json\/wp\/v2\/users\/2"}],"replies":[{"embeddable":true,"href":"https:\/\/solidanca.cat\/es\/wp-json\/wp\/v2\/comments?post=7979"}],"version-history":[{"count":0,"href":"https:\/\/solidanca.cat\/es\/wp-json\/wp\/v2\/posts\/7979\/revisions"}],"wp:featuredmedia":[{"embeddable":true,"href":"https:\/\/solidanca.cat\/es\/wp-json\/wp\/v2\/media\/4404"}],"wp:attachment":[{"href":"https:\/\/solidanca.cat\/es\/wp-json\/wp\/v2\/media?parent=7979"}],"wp:term":[{"taxonomy":"category","embeddable":true,"href":"https:\/\/solidanca.cat\/es\/wp-json\/wp\/v2\/categories?post=7979"},{"taxonomy":"post_tag","embeddable":true,"href":"https:\/\/solidanca.cat\/es\/wp-json\/wp\/v2\/tags?post=7979"}],"curies":[{"name":"wp","href":"https:\/\/api.w.org\/{rel}","templated":true}]}}