{"id":7984,"date":"2019-09-26T12:56:55","date_gmt":"2019-09-26T10:56:55","guid":{"rendered":"https:\/\/solidanca.con2webs.es\/presentacion-la-reparatruck-la-jornada-prevencion-residuos-municipales-larc\/"},"modified":"2019-09-26T12:56:55","modified_gmt":"2019-09-26T10:56:55","slug":"presentacion-la-reparatruck-la-jornada-prevencion-residuos-municipales-larc","status":"publish","type":"post","link":"https:\/\/solidanca.cat\/es\/presentacion-la-reparatruck-la-jornada-prevencion-residuos-municipales-larc\/","title":{"rendered":"Presentaci\u00f3n de la Reparatruck a la Jornada de Prevenci\u00f3n de Residuos Municipales de la ARC."},"content":{"rendered":"<p>La Reparatruck, servicio m\u00f3vil de autoreparaci\u00f3n, es la nueva propuesta de Solidan\u00e7a para impulsar la prevenci\u00f3n de residuos en los municipios. As\u00ed queremos sacar la reparaci\u00f3n en las calles y capacitar a la ciudadan\u00eda para reparar sus objetos estropeados, alargando su vida \u00fatil, evitando de esta manera la generaci\u00f3n de residuos y su impacto ambiental.<\/p>\n<p>Queremos invitar a la presentaci\u00f3n que haremos del proyecto el pr\u00f3ximo 2 de octubre en el marco de la Jornada de Prevenci\u00f3n y Gesti\u00f3n de los Residuos municipales: hacia el 2030 de la ARC en el Museo de la Ciencia Cosmocaixa de Barcelona, \u200b\u200bdonde contaremos con t\u00e9cnicos y la propia Reparatruck en directo para explicaros todo el funcionamiento. Tambi\u00e9n haremos difusi\u00f3n de la inminente puesta en marcha del servicio a partir del 9 de octubre en la ciudad de Barcelona.<\/p>\n<p>Empezamos a rodar con la Reparatruck para acercaros la reparaci\u00f3n y la prevenci\u00f3n de residuos en las plazas y en las calles, no dude en visitarnos, vuestros aparatos estropeados os lo agradecer\u00e1n y el medio ambiente mucho m\u00e1s. + Reparaciones &#8211; CO2<\/p>\n<p>&nbsp;<\/p>\n<p>&nbsp;<\/p>\n","protected":false},"excerpt":{"rendered":"<p>La Reparatruck, servicio m\u00f3vil de autoreparaci\u00f3n, es la nueva propuesta de Solidan\u00e7a para impulsar la prevenci\u00f3n de residuos en los municipios&#8230;.<\/p>\n","protected":false},"author":3,"featured_media":4459,"comment_status":"open","ping_status":"closed","sticky":false,"template":"","format":"standard","meta":{"_uag_custom_page_level_css":"","_kad_blocks_custom_css":"","_kad_blocks_head_custom_js":"","_kad_blocks_body_custom_js":"","_kad_blocks_footer_custom_js":"","_kad_post_transparent":"","_kad_post_title":"","_kad_post_layout":"","_kad_post_sidebar_id":"","_kad_post_content_style":"","_kad_post_vertical_padding":"","_kad_post_feature":"","_kad_post_feature_position":"","_kad_post_header":false,"_kad_post_footer":false,"_kad_post_classname":"","footnotes":""},"categories":[755,761],"tags":[],"class_list":["post-7984","post","type-post","status-publish","format-standard","has-post-thumbnail","hentry","category-agenda-es","category-medio-ambiente"],"taxonomy_info":{"category":[{"value":755,"label":"AGENDA"},{"value":761,"label":"MEDIO AMBIENTE"}]},"featured_image_src_large":["https:\/\/solidanca.cat\/wp-content\/uploads\/2025\/04\/CARTELL-INTERCANVI-DEF2-3-768x1024.jpg",768,1024,true],"author_info":{"display_name":"Comunicaci\u00f3","author_link":"https:\/\/solidanca.cat\/es\/author\/comunicacio\/"},"comment_info":0,"category_info":[{"term_id":755,"name":"AGENDA","slug":"agenda-es","term_group":0,"term_taxonomy_id":755,"taxonomy":"category","description":"","parent":0,"count":22,"filter":"raw","cat_ID":755,"category_count":22,"category_description":"","cat_name":"AGENDA","category_nicename":"agenda-es","category_parent":0},{"term_id":761,"name":"MEDIO AMBIENTE","slug":"medio-ambiente","term_group":0,"term_taxonomy_id":761,"taxonomy":"category","description":"","parent":0,"count":263,"filter":"raw","cat_ID":761,"category_count":263,"category_description":"","cat_name":"MEDIO AMBIENTE","category_nicename":"medio-ambiente","category_parent":0}],"tag_info":false,"uagb_featured_image_src":{"full":["https:\/\/solidanca.cat\/wp-content\/uploads\/2025\/04\/CARTELL-INTERCANVI-DEF2-3.jpg",1008,1344,false],"thumbnail":["https:\/\/solidanca.cat\/wp-content\/uploads\/2025\/04\/CARTELL-INTERCANVI-DEF2-3-150x150.jpg",150,150,true],"medium":["https:\/\/solidanca.cat\/wp-content\/uploads\/2025\/04\/CARTELL-INTERCANVI-DEF2-3-225x300.jpg",225,300,true],"medium_large":["https:\/\/solidanca.cat\/wp-content\/uploads\/2025\/04\/CARTELL-INTERCANVI-DEF2-3-768x1024.jpg",768,1024,true],"large":["https:\/\/solidanca.cat\/wp-content\/uploads\/2025\/04\/CARTELL-INTERCANVI-DEF2-3-768x1024.jpg",768,1024,true],"1536x1536":["https:\/\/solidanca.cat\/wp-content\/uploads\/2025\/04\/CARTELL-INTERCANVI-DEF2-3.jpg",1008,1344,false],"2048x2048":["https:\/\/solidanca.cat\/wp-content\/uploads\/2025\/04\/CARTELL-INTERCANVI-DEF2-3.jpg",1008,1344,false]},"uagb_author_info":{"display_name":"Comunicaci\u00f3","author_link":"https:\/\/solidanca.cat\/es\/author\/comunicacio\/"},"uagb_comment_info":0,"uagb_excerpt":"La Reparatruck, servicio m\u00f3vil de autoreparaci\u00f3n, es la nueva propuesta de Solidan\u00e7a para impulsar la prevenci\u00f3n de residuos en los municipios....","_links":{"self":[{"href":"https:\/\/solidanca.cat\/es\/wp-json\/wp\/v2\/posts\/7984","targetHints":{"allow":["GET"]}}],"collection":[{"href":"https:\/\/solidanca.cat\/es\/wp-json\/wp\/v2\/posts"}],"about":[{"href":"https:\/\/solidanca.cat\/es\/wp-json\/wp\/v2\/types\/post"}],"author":[{"embeddable":true,"href":"https:\/\/solidanca.cat\/es\/wp-json\/wp\/v2\/users\/3"}],"replies":[{"embeddable":true,"href":"https:\/\/solidanca.cat\/es\/wp-json\/wp\/v2\/comments?post=7984"}],"version-history":[{"count":0,"href":"https:\/\/solidanca.cat\/es\/wp-json\/wp\/v2\/posts\/7984\/revisions"}],"wp:featuredmedia":[{"embeddable":true,"href":"https:\/\/solidanca.cat\/es\/wp-json\/wp\/v2\/media\/4459"}],"wp:attachment":[{"href":"https:\/\/solidanca.cat\/es\/wp-json\/wp\/v2\/media?parent=7984"}],"wp:term":[{"taxonomy":"category","embeddable":true,"href":"https:\/\/solidanca.cat\/es\/wp-json\/wp\/v2\/categories?post=7984"},{"taxonomy":"post_tag","embeddable":true,"href":"https:\/\/solidanca.cat\/es\/wp-json\/wp\/v2\/tags?post=7984"}],"curies":[{"name":"wp","href":"https:\/\/api.w.org\/{rel}","templated":true}]}}