{"id":7993,"date":"2019-10-10T12:10:43","date_gmt":"2019-10-10T10:10:43","guid":{"rendered":"https:\/\/solidanca.con2webs.es\/la-reparatruck-se-trasladara-toledo-participar-la-congreso-nacional-raee-economia-circular\/"},"modified":"2025-04-02T13:25:07","modified_gmt":"2025-04-02T11:25:07","slug":"la-reparatruck-se-trasladara-toledo-participar-la-congreso-nacional-raee-economia-circular","status":"publish","type":"post","link":"https:\/\/solidanca.cat\/es\/la-reparatruck-se-trasladara-toledo-participar-la-congreso-nacional-raee-economia-circular\/","title":{"rendered":"La Reparatruck se trasladar\u00e1 a Toledo para participar en el III Congreso Nacional de gesti\u00f3n RAEE sobre econom\u00eda circular"},"content":{"rendered":"<p>La Reparatruck ya est\u00e1 en marcha! Tras presentarse oficialmente a la Jornada de prevenci\u00f3n de residuos municipales celebrada en el CosmoCaixa e iniciar el servicio en la ciudad de Barcelona, da otro paso como participante en el Congreso Nacional de RAEE que se celebrar\u00e1 los pr\u00f3ximos 17 y 18 de octubre en la ciudad de Toledo.<\/p>\n<p><a href=\"https:\/\/solidanca.cat\/wp-content\/uploads\/2019\/10\/REDES-RAEE-APAISADO-16-9.png\"><img loading=\"lazy\" decoding=\"async\" class=\"size-medium wp-image-4012 aligncenter\" src=\"https:\/\/solidanca.cat\/wp-content\/uploads\/2019\/10\/REDES-RAEE-APAISADO-16-9-300x169.png\" alt=\"\" width=\"300\" height=\"169\" \/><\/a><\/p>\n<p>As\u00ed pues, anunciamos a todas las personas asistentes al congreso, que podr\u00e1n probar de primera mano c\u00f3mo funciona el servicio con:<\/p>\n<p>Una muestra de peque\u00f1os aparatos para poder ver su funcionamiento<br \/>\nServicio operativo de asesoramiento<br \/>\nUna muestra de \u00abrobots\u00bb hechos con RAEE como muestra de upcycling.<\/p>\n<p><a href=\"https:\/\/solidanca.cat\/wp-content\/uploads\/2019\/10\/IMG_20191004_122833.jpg\"><img loading=\"lazy\" decoding=\"async\" class=\"alignnone size-medium wp-image-4015\" src=\"https:\/\/solidanca.cat\/wp-content\/uploads\/2019\/10\/IMG_20191004_122833-300x169.jpg\" alt=\"\" width=\"300\" height=\"169\" \/><\/a><img loading=\"lazy\" decoding=\"async\" class=\"alignnone wp-image-4013\" src=\"https:\/\/solidanca.cat\/wp-content\/uploads\/2019\/10\/IMG_20191004_120806-300x225.jpg\" alt=\"\" width=\"227\" height=\"170\" \/> <a href=\"https:\/\/solidanca.cat\/wp-content\/uploads\/2019\/10\/IMG_20191004_123039.jpg\"><img loading=\"lazy\" decoding=\"async\" class=\"alignnone size-medium wp-image-4014\" src=\"https:\/\/solidanca.cat\/wp-content\/uploads\/2019\/10\/IMG_20191004_123039-300x225.jpg\" alt=\"\" width=\"300\" height=\"225\" \/><\/a><\/p>\n<p>&nbsp;<\/p>\n<h4 style=\"text-align: center;\">Aprende a reparar con La ReparaTruck!<\/h4>\n<p>&nbsp;<\/p>\n<p>Este projecte tiene el soporte de l&#8217;Ag\u00e8ncia de Residus de Catalunya.<\/p>\n<p>&nbsp;<\/p>\n<p>&nbsp;<\/p>\n<p>&nbsp;<\/p>\n","protected":false},"excerpt":{"rendered":"<p>La Reparatruck ya est\u00e1 en marcha! Tras presentarse oficialmente a la Jornada de prevenci\u00f3n de residuos municipales celebrada en el CosmoCaixa&#8230;<\/p>\n","protected":false},"author":3,"featured_media":4494,"comment_status":"open","ping_status":"closed","sticky":false,"template":"","format":"standard","meta":{"_uag_custom_page_level_css":"","_kad_blocks_custom_css":"","_kad_blocks_head_custom_js":"","_kad_blocks_body_custom_js":"","_kad_blocks_footer_custom_js":"","_kad_post_transparent":"","_kad_post_title":"","_kad_post_layout":"","_kad_post_sidebar_id":"","_kad_post_content_style":"","_kad_post_vertical_padding":"","_kad_post_feature":"","_kad_post_feature_position":"","_kad_post_header":false,"_kad_post_footer":false,"_kad_post_classname":"","footnotes":""},"categories":[755,757,761],"tags":[],"class_list":["post-7993","post","type-post","status-publish","format-standard","has-post-thumbnail","hentry","category-agenda-es","category-educacion-ambiental","category-medio-ambiente"],"taxonomy_info":{"category":[{"value":755,"label":"AGENDA"},{"value":757,"label":"Educaci\u00f3n ambiental"},{"value":761,"label":"MEDIO AMBIENTE"}]},"featured_image_src_large":["https:\/\/solidanca.cat\/wp-content\/uploads\/2025\/04\/lg_Solidanca_def-3.png",485,295,false],"author_info":{"display_name":"Comunicaci\u00f3","author_link":"https:\/\/solidanca.cat\/es\/author\/comunicacio\/"},"comment_info":0,"category_info":[{"term_id":755,"name":"AGENDA","slug":"agenda-es","term_group":0,"term_taxonomy_id":755,"taxonomy":"category","description":"","parent":0,"count":22,"filter":"raw","cat_ID":755,"category_count":22,"category_description":"","cat_name":"AGENDA","category_nicename":"agenda-es","category_parent":0},{"term_id":757,"name":"Educaci\u00f3n ambiental","slug":"educacion-ambiental","term_group":0,"term_taxonomy_id":757,"taxonomy":"category","description":"","parent":0,"count":80,"filter":"raw","cat_ID":757,"category_count":80,"category_description":"","cat_name":"Educaci\u00f3n ambiental","category_nicename":"educacion-ambiental","category_parent":0},{"term_id":761,"name":"MEDIO AMBIENTE","slug":"medio-ambiente","term_group":0,"term_taxonomy_id":761,"taxonomy":"category","description":"","parent":0,"count":263,"filter":"raw","cat_ID":761,"category_count":263,"category_description":"","cat_name":"MEDIO AMBIENTE","category_nicename":"medio-ambiente","category_parent":0}],"tag_info":false,"uagb_featured_image_src":{"full":["https:\/\/solidanca.cat\/wp-content\/uploads\/2025\/04\/lg_Solidanca_def-3.png",485,295,false],"thumbnail":["https:\/\/solidanca.cat\/wp-content\/uploads\/2025\/04\/lg_Solidanca_def-3-150x150.png",150,150,true],"medium":["https:\/\/solidanca.cat\/wp-content\/uploads\/2025\/04\/lg_Solidanca_def-3-300x182.png",300,182,true],"medium_large":["https:\/\/solidanca.cat\/wp-content\/uploads\/2025\/04\/lg_Solidanca_def-3.png",485,295,false],"large":["https:\/\/solidanca.cat\/wp-content\/uploads\/2025\/04\/lg_Solidanca_def-3.png",485,295,false],"1536x1536":["https:\/\/solidanca.cat\/wp-content\/uploads\/2025\/04\/lg_Solidanca_def-3.png",485,295,false],"2048x2048":["https:\/\/solidanca.cat\/wp-content\/uploads\/2025\/04\/lg_Solidanca_def-3.png",485,295,false]},"uagb_author_info":{"display_name":"Comunicaci\u00f3","author_link":"https:\/\/solidanca.cat\/es\/author\/comunicacio\/"},"uagb_comment_info":0,"uagb_excerpt":"La Reparatruck ya est\u00e1 en marcha! Tras presentarse oficialmente a la Jornada de prevenci\u00f3n de residuos municipales celebrada en el CosmoCaixa...","_links":{"self":[{"href":"https:\/\/solidanca.cat\/es\/wp-json\/wp\/v2\/posts\/7993","targetHints":{"allow":["GET"]}}],"collection":[{"href":"https:\/\/solidanca.cat\/es\/wp-json\/wp\/v2\/posts"}],"about":[{"href":"https:\/\/solidanca.cat\/es\/wp-json\/wp\/v2\/types\/post"}],"author":[{"embeddable":true,"href":"https:\/\/solidanca.cat\/es\/wp-json\/wp\/v2\/users\/3"}],"replies":[{"embeddable":true,"href":"https:\/\/solidanca.cat\/es\/wp-json\/wp\/v2\/comments?post=7993"}],"version-history":[{"count":1,"href":"https:\/\/solidanca.cat\/es\/wp-json\/wp\/v2\/posts\/7993\/revisions"}],"predecessor-version":[{"id":8568,"href":"https:\/\/solidanca.cat\/es\/wp-json\/wp\/v2\/posts\/7993\/revisions\/8568"}],"wp:featuredmedia":[{"embeddable":true,"href":"https:\/\/solidanca.cat\/es\/wp-json\/wp\/v2\/media\/4494"}],"wp:attachment":[{"href":"https:\/\/solidanca.cat\/es\/wp-json\/wp\/v2\/media?parent=7993"}],"wp:term":[{"taxonomy":"category","embeddable":true,"href":"https:\/\/solidanca.cat\/es\/wp-json\/wp\/v2\/categories?post=7993"},{"taxonomy":"post_tag","embeddable":true,"href":"https:\/\/solidanca.cat\/es\/wp-json\/wp\/v2\/tags?post=7993"}],"curies":[{"name":"wp","href":"https:\/\/api.w.org\/{rel}","templated":true}]}}