{"id":7998,"date":"2019-11-25T09:25:17","date_gmt":"2019-11-25T08:25:17","guid":{"rendered":"https:\/\/solidanca.con2webs.es\/solidanca-se-adhiere-al-manifiesto-del-dia-internacional-la-eliminacion-la-violencia-genero\/"},"modified":"2019-11-25T09:34:27","modified_gmt":"2019-11-25T08:34:27","slug":"solidanca-se-adhiere-al-manifiesto-del-dia-internacional-la-eliminacion-la-violencia-genero","status":"publish","type":"post","link":"https:\/\/solidanca.cat\/es\/solidanca-se-adhiere-al-manifiesto-del-dia-internacional-la-eliminacion-la-violencia-genero\/","title":{"rendered":"Solidan\u00e7a se adhiere al manifiesto del D\u00eda Internacional para la eliminaci\u00f3n de la violencia de g\u00e9nero"},"content":{"rendered":"<p>En Solidan\u00e7a nos adherimos un a\u00f1o m\u00e1s, en el <a href=\"http:\/\/dones.gencat.cat\/ca\/ambits\/violencia_masclista\/dia-eliminacio-violencia-contra-dones\/\" target=\"_blank\" rel=\"noopener\">Manifiesto<\/a> del D\u00eda Internacional para la eliminaci\u00f3n de la violencia hacia las mujeres con motivo del 25 de noviembre.<br \/>\nDesde la entidad compartimos con todo el equipo este manifiesto para reflexionar y luchar sobre la violencia contra las mujeres y denunciar cada acto machista, violaci\u00f3n, agresi\u00f3n sexual o acoso producido. Porque creemos y seguiremos luchando por un mundo donde las mujeres sean libres y respetadas.<\/p>\n","protected":false},"excerpt":{"rendered":"<p>En Solidan\u00e7a nos adherimos un a\u00f1o m\u00e1s, en el Manifiesto del D\u00eda Internacional para la eliminaci\u00f3n de la violencia hacia las&#8230;<\/p>\n","protected":false},"author":3,"featured_media":4502,"comment_status":"open","ping_status":"closed","sticky":false,"template":"","format":"standard","meta":{"_uag_custom_page_level_css":"","_kad_blocks_custom_css":"","_kad_blocks_head_custom_js":"","_kad_blocks_body_custom_js":"","_kad_blocks_footer_custom_js":"","_kad_post_transparent":"","_kad_post_title":"","_kad_post_layout":"","_kad_post_sidebar_id":"","_kad_post_content_style":"","_kad_post_vertical_padding":"","_kad_post_feature":"","_kad_post_feature_position":"","_kad_post_header":false,"_kad_post_footer":false,"_kad_post_classname":"","footnotes":""},"categories":[8],"tags":[],"class_list":["post-7998","post","type-post","status-publish","format-standard","has-post-thumbnail","hentry","category-sin-categorizar"],"taxonomy_info":{"category":[{"value":8,"label":"Sin categorizar"}]},"featured_image_src_large":["https:\/\/solidanca.cat\/wp-content\/uploads\/2025\/04\/propostes-2018-1-7-1024x709.jpg",1024,709,true],"author_info":{"display_name":"Comunicaci\u00f3","author_link":"https:\/\/solidanca.cat\/es\/author\/comunicacio\/"},"comment_info":0,"category_info":[{"term_id":8,"name":"Sin categorizar","slug":"sin-categorizar","term_group":0,"term_taxonomy_id":8,"taxonomy":"category","description":"","parent":0,"count":199,"filter":"raw","cat_ID":8,"category_count":199,"category_description":"","cat_name":"Sin categorizar","category_nicename":"sin-categorizar","category_parent":0}],"tag_info":false,"uagb_featured_image_src":{"full":["https:\/\/solidanca.cat\/wp-content\/uploads\/2025\/04\/propostes-2018-1-7.jpg",1040,720,false],"thumbnail":["https:\/\/solidanca.cat\/wp-content\/uploads\/2025\/04\/propostes-2018-1-7-150x150.jpg",150,150,true],"medium":["https:\/\/solidanca.cat\/wp-content\/uploads\/2025\/04\/propostes-2018-1-7-300x208.jpg",300,208,true],"medium_large":["https:\/\/solidanca.cat\/wp-content\/uploads\/2025\/04\/propostes-2018-1-7-768x532.jpg",768,532,true],"large":["https:\/\/solidanca.cat\/wp-content\/uploads\/2025\/04\/propostes-2018-1-7-1024x709.jpg",1024,709,true],"1536x1536":["https:\/\/solidanca.cat\/wp-content\/uploads\/2025\/04\/propostes-2018-1-7.jpg",1040,720,false],"2048x2048":["https:\/\/solidanca.cat\/wp-content\/uploads\/2025\/04\/propostes-2018-1-7.jpg",1040,720,false]},"uagb_author_info":{"display_name":"Comunicaci\u00f3","author_link":"https:\/\/solidanca.cat\/es\/author\/comunicacio\/"},"uagb_comment_info":0,"uagb_excerpt":"En Solidan\u00e7a nos adherimos un a\u00f1o m\u00e1s, en el Manifiesto del D\u00eda Internacional para la eliminaci\u00f3n de la violencia hacia las...","_links":{"self":[{"href":"https:\/\/solidanca.cat\/es\/wp-json\/wp\/v2\/posts\/7998","targetHints":{"allow":["GET"]}}],"collection":[{"href":"https:\/\/solidanca.cat\/es\/wp-json\/wp\/v2\/posts"}],"about":[{"href":"https:\/\/solidanca.cat\/es\/wp-json\/wp\/v2\/types\/post"}],"author":[{"embeddable":true,"href":"https:\/\/solidanca.cat\/es\/wp-json\/wp\/v2\/users\/3"}],"replies":[{"embeddable":true,"href":"https:\/\/solidanca.cat\/es\/wp-json\/wp\/v2\/comments?post=7998"}],"version-history":[{"count":0,"href":"https:\/\/solidanca.cat\/es\/wp-json\/wp\/v2\/posts\/7998\/revisions"}],"wp:featuredmedia":[{"embeddable":true,"href":"https:\/\/solidanca.cat\/es\/wp-json\/wp\/v2\/media\/4502"}],"wp:attachment":[{"href":"https:\/\/solidanca.cat\/es\/wp-json\/wp\/v2\/media?parent=7998"}],"wp:term":[{"taxonomy":"category","embeddable":true,"href":"https:\/\/solidanca.cat\/es\/wp-json\/wp\/v2\/categories?post=7998"},{"taxonomy":"post_tag","embeddable":true,"href":"https:\/\/solidanca.cat\/es\/wp-json\/wp\/v2\/tags?post=7998"}],"curies":[{"name":"wp","href":"https:\/\/api.w.org\/{rel}","templated":true}]}}