{"id":8000,"date":"2019-11-18T12:53:21","date_gmt":"2019-11-18T11:53:21","guid":{"rendered":"https:\/\/solidanca.con2webs.es\/la-reparatruck-recibe-premio-rezero-2019\/"},"modified":"2019-11-18T12:58:46","modified_gmt":"2019-11-18T11:58:46","slug":"la-reparatruck-recibe-premio-rezero-2019","status":"publish","type":"post","link":"https:\/\/solidanca.cat\/es\/la-reparatruck-recibe-premio-rezero-2019\/","title":{"rendered":"El proyecto &#8216;ReparaTruck&#8217; recibe el Premio Rezer 2019 en la mejor iniciativa en prevenci\u00f3n de residuos"},"content":{"rendered":"<p>El pasado 14 de noviembre, <strong>&#8216;La Reparatruck servicio m\u00f3vil de autoreparaci\u00f3n&#8217;<\/strong> de Solidan\u00e7a fue reconocida como <strong>mejor iniciativa para fomentar la prevenci\u00f3n de residuos a pie de calle a los premios Rezero 2019<\/strong> * en la categor\u00eda de entidad. Estamos muy satisfechas y satisfechos de haber recibido este galard\u00f3n que valora el trabajo y el esfuerzo que se esconde detr\u00e1s el servicio de autoreparaci\u00f3n y nos anima a seguir trabajando por un mundo m\u00e1s sostenible.<\/p>\n<p>Los premios fueron acompa\u00f1ados por la Consejera de Agricultura, Ganader\u00eda y Pesca, Teresa Jord\u00e0 y conducidos por la presentadora Txell Bonet.<\/p>\n<p><em>* La Fundaci\u00f3n Catalana para la Prevenci\u00f3n de Residuos y Consumo Responsable Rezer, recompensa iniciativas anualmente en las categor\u00edas de comercios, empresas, entidades y administraciones p\u00fablicas que luchan contra el desperdicio de los alimentos o promueven y gestionan residuos, a fin de dar visibilidad a sus proyectos.<\/em><\/p>\n","protected":false},"excerpt":{"rendered":"<p>El pasado 14 de noviembre, &#8216;La Reparatruck servicio m\u00f3vil de autoreparaci\u00f3n&#8217; de Solidan\u00e7a fue reconocida como mejor iniciativa para fomentar la&#8230;<\/p>\n","protected":false},"author":3,"featured_media":4538,"comment_status":"open","ping_status":"closed","sticky":false,"template":"","format":"standard","meta":{"_uag_custom_page_level_css":"","_kad_blocks_custom_css":"","_kad_blocks_head_custom_js":"","_kad_blocks_body_custom_js":"","_kad_blocks_footer_custom_js":"","_kad_post_transparent":"","_kad_post_title":"","_kad_post_layout":"","_kad_post_sidebar_id":"","_kad_post_content_style":"","_kad_post_vertical_padding":"","_kad_post_feature":"","_kad_post_feature_position":"","_kad_post_header":false,"_kad_post_footer":false,"_kad_post_classname":"","footnotes":""},"categories":[8],"tags":[],"class_list":["post-8000","post","type-post","status-publish","format-standard","has-post-thumbnail","hentry","category-sin-categorizar"],"taxonomy_info":{"category":[{"value":8,"label":"Sin categorizar"}]},"featured_image_src_large":["https:\/\/solidanca.cat\/wp-content\/uploads\/2025\/04\/WhatsApp-Image-2019-12-10-at-19.35.18-3-1024x683.jpeg",1024,683,true],"author_info":{"display_name":"Comunicaci\u00f3","author_link":"https:\/\/solidanca.cat\/es\/author\/comunicacio\/"},"comment_info":0,"category_info":[{"term_id":8,"name":"Sin categorizar","slug":"sin-categorizar","term_group":0,"term_taxonomy_id":8,"taxonomy":"category","description":"","parent":0,"count":199,"filter":"raw","cat_ID":8,"category_count":199,"category_description":"","cat_name":"Sin categorizar","category_nicename":"sin-categorizar","category_parent":0}],"tag_info":false,"uagb_featured_image_src":{"full":["https:\/\/solidanca.cat\/wp-content\/uploads\/2025\/04\/WhatsApp-Image-2019-12-10-at-19.35.18-3.jpeg",2048,1365,false],"thumbnail":["https:\/\/solidanca.cat\/wp-content\/uploads\/2025\/04\/WhatsApp-Image-2019-12-10-at-19.35.18-3-150x150.jpeg",150,150,true],"medium":["https:\/\/solidanca.cat\/wp-content\/uploads\/2025\/04\/WhatsApp-Image-2019-12-10-at-19.35.18-3-300x200.jpeg",300,200,true],"medium_large":["https:\/\/solidanca.cat\/wp-content\/uploads\/2025\/04\/WhatsApp-Image-2019-12-10-at-19.35.18-3-768x512.jpeg",768,512,true],"large":["https:\/\/solidanca.cat\/wp-content\/uploads\/2025\/04\/WhatsApp-Image-2019-12-10-at-19.35.18-3-1024x683.jpeg",1024,683,true],"1536x1536":["https:\/\/solidanca.cat\/wp-content\/uploads\/2025\/04\/WhatsApp-Image-2019-12-10-at-19.35.18-3-1536x1024.jpeg",1536,1024,true],"2048x2048":["https:\/\/solidanca.cat\/wp-content\/uploads\/2025\/04\/WhatsApp-Image-2019-12-10-at-19.35.18-3.jpeg",2048,1365,false]},"uagb_author_info":{"display_name":"Comunicaci\u00f3","author_link":"https:\/\/solidanca.cat\/es\/author\/comunicacio\/"},"uagb_comment_info":0,"uagb_excerpt":"El pasado 14 de noviembre, &#8216;La Reparatruck servicio m\u00f3vil de autoreparaci\u00f3n&#8217; de Solidan\u00e7a fue reconocida como mejor iniciativa para fomentar la...","_links":{"self":[{"href":"https:\/\/solidanca.cat\/es\/wp-json\/wp\/v2\/posts\/8000","targetHints":{"allow":["GET"]}}],"collection":[{"href":"https:\/\/solidanca.cat\/es\/wp-json\/wp\/v2\/posts"}],"about":[{"href":"https:\/\/solidanca.cat\/es\/wp-json\/wp\/v2\/types\/post"}],"author":[{"embeddable":true,"href":"https:\/\/solidanca.cat\/es\/wp-json\/wp\/v2\/users\/3"}],"replies":[{"embeddable":true,"href":"https:\/\/solidanca.cat\/es\/wp-json\/wp\/v2\/comments?post=8000"}],"version-history":[{"count":0,"href":"https:\/\/solidanca.cat\/es\/wp-json\/wp\/v2\/posts\/8000\/revisions"}],"wp:featuredmedia":[{"embeddable":true,"href":"https:\/\/solidanca.cat\/es\/wp-json\/wp\/v2\/media\/4538"}],"wp:attachment":[{"href":"https:\/\/solidanca.cat\/es\/wp-json\/wp\/v2\/media?parent=8000"}],"wp:term":[{"taxonomy":"category","embeddable":true,"href":"https:\/\/solidanca.cat\/es\/wp-json\/wp\/v2\/categories?post=8000"},{"taxonomy":"post_tag","embeddable":true,"href":"https:\/\/solidanca.cat\/es\/wp-json\/wp\/v2\/tags?post=8000"}],"curies":[{"name":"wp","href":"https:\/\/api.w.org\/{rel}","templated":true}]}}