{"id":8002,"date":"2019-11-28T08:39:00","date_gmt":"2019-11-28T07:39:00","guid":{"rendered":"https:\/\/solidanca.con2webs.es\/madres-tambien-se-forman-se-empoderan\/"},"modified":"2025-04-02T13:25:08","modified_gmt":"2025-04-02T11:25:08","slug":"madres-tambien-se-forman-se-empoderan","status":"publish","type":"post","link":"https:\/\/solidanca.cat\/es\/madres-tambien-se-forman-se-empoderan\/","title":{"rendered":"Madres que tambi\u00e9n se forman y se empoderan"},"content":{"rendered":"<p>Un grupo de madres migradas de la escuela Montserrat de Cornell\u00e1 aprovechan que sus criaturas est\u00e1n en clase para formarse. Estas sesiones permiten a las mujeres que participan sumar sinergias entre ellas y compartir inquietudes y experiencias que las ayudan a adaptarse a su nuevo entorno social, cultural y laboral y al mismo tiempo adquirir competencias transversales b\u00e1sicas para favorecer su empoderamiento personal.<\/p>\n","protected":false},"excerpt":{"rendered":"<p>Un grupo de madres migradas de la escuela Montserrat de Cornell\u00e1 aprovechan que sus criaturas est\u00e1n en clase para formarse. Estas&#8230;<\/p>\n","protected":false},"author":3,"featured_media":4548,"comment_status":"open","ping_status":"closed","sticky":false,"template":"","format":"standard","meta":{"_uag_custom_page_level_css":"","_kad_blocks_custom_css":"","_kad_blocks_head_custom_js":"","_kad_blocks_body_custom_js":"","_kad_blocks_footer_custom_js":"","_kad_post_transparent":"","_kad_post_title":"","_kad_post_layout":"","_kad_post_sidebar_id":"","_kad_post_content_style":"","_kad_post_vertical_padding":"","_kad_post_feature":"","_kad_post_feature_position":"","_kad_post_header":false,"_kad_post_footer":false,"_kad_post_classname":"","footnotes":""},"categories":[758],"tags":[],"class_list":["post-8002","post","type-post","status-publish","format-standard","has-post-thumbnail","hentry","category-formacion"],"taxonomy_info":{"category":[{"value":758,"label":"Formaci\u00f3n"}]},"featured_image_src_large":["https:\/\/solidanca.cat\/wp-content\/uploads\/2025\/04\/WhatsApp-Image-2018-12-21-at-16.35.01-3.jpeg",700,477,false],"author_info":{"display_name":"Comunicaci\u00f3","author_link":"https:\/\/solidanca.cat\/es\/author\/comunicacio\/"},"comment_info":0,"category_info":[{"term_id":758,"name":"Formaci\u00f3n","slug":"formacion","term_group":0,"term_taxonomy_id":758,"taxonomy":"category","description":"","parent":0,"count":107,"filter":"raw","cat_ID":758,"category_count":107,"category_description":"","cat_name":"Formaci\u00f3n","category_nicename":"formacion","category_parent":0}],"tag_info":false,"uagb_featured_image_src":{"full":["https:\/\/solidanca.cat\/wp-content\/uploads\/2025\/04\/WhatsApp-Image-2018-12-21-at-16.35.01-3.jpeg",700,477,false],"thumbnail":["https:\/\/solidanca.cat\/wp-content\/uploads\/2025\/04\/WhatsApp-Image-2018-12-21-at-16.35.01-3-150x150.jpeg",150,150,true],"medium":["https:\/\/solidanca.cat\/wp-content\/uploads\/2025\/04\/WhatsApp-Image-2018-12-21-at-16.35.01-3-300x204.jpeg",300,204,true],"medium_large":["https:\/\/solidanca.cat\/wp-content\/uploads\/2025\/04\/WhatsApp-Image-2018-12-21-at-16.35.01-3.jpeg",700,477,false],"large":["https:\/\/solidanca.cat\/wp-content\/uploads\/2025\/04\/WhatsApp-Image-2018-12-21-at-16.35.01-3.jpeg",700,477,false],"1536x1536":["https:\/\/solidanca.cat\/wp-content\/uploads\/2025\/04\/WhatsApp-Image-2018-12-21-at-16.35.01-3.jpeg",700,477,false],"2048x2048":["https:\/\/solidanca.cat\/wp-content\/uploads\/2025\/04\/WhatsApp-Image-2018-12-21-at-16.35.01-3.jpeg",700,477,false]},"uagb_author_info":{"display_name":"Comunicaci\u00f3","author_link":"https:\/\/solidanca.cat\/es\/author\/comunicacio\/"},"uagb_comment_info":0,"uagb_excerpt":"Un grupo de madres migradas de la escuela Montserrat de Cornell\u00e1 aprovechan que sus criaturas est\u00e1n en clase para formarse. Estas...","_links":{"self":[{"href":"https:\/\/solidanca.cat\/es\/wp-json\/wp\/v2\/posts\/8002","targetHints":{"allow":["GET"]}}],"collection":[{"href":"https:\/\/solidanca.cat\/es\/wp-json\/wp\/v2\/posts"}],"about":[{"href":"https:\/\/solidanca.cat\/es\/wp-json\/wp\/v2\/types\/post"}],"author":[{"embeddable":true,"href":"https:\/\/solidanca.cat\/es\/wp-json\/wp\/v2\/users\/3"}],"replies":[{"embeddable":true,"href":"https:\/\/solidanca.cat\/es\/wp-json\/wp\/v2\/comments?post=8002"}],"version-history":[{"count":1,"href":"https:\/\/solidanca.cat\/es\/wp-json\/wp\/v2\/posts\/8002\/revisions"}],"predecessor-version":[{"id":8571,"href":"https:\/\/solidanca.cat\/es\/wp-json\/wp\/v2\/posts\/8002\/revisions\/8571"}],"wp:featuredmedia":[{"embeddable":true,"href":"https:\/\/solidanca.cat\/es\/wp-json\/wp\/v2\/media\/4548"}],"wp:attachment":[{"href":"https:\/\/solidanca.cat\/es\/wp-json\/wp\/v2\/media?parent=8002"}],"wp:term":[{"taxonomy":"category","embeddable":true,"href":"https:\/\/solidanca.cat\/es\/wp-json\/wp\/v2\/categories?post=8002"},{"taxonomy":"post_tag","embeddable":true,"href":"https:\/\/solidanca.cat\/es\/wp-json\/wp\/v2\/tags?post=8002"}],"curies":[{"name":"wp","href":"https:\/\/api.w.org\/{rel}","templated":true}]}}