{"id":8006,"date":"2019-11-29T09:58:17","date_gmt":"2019-11-29T08:58:17","guid":{"rendered":"https:\/\/solidanca.con2webs.es\/participamos-sustainable-challenge-cediendo-roba-amiga\/"},"modified":"2019-11-29T10:00:42","modified_gmt":"2019-11-29T09:00:42","slug":"participamos-sustainable-challenge-cediendo-roba-amiga","status":"publish","type":"post","link":"https:\/\/solidanca.cat\/es\/participamos-sustainable-challenge-cediendo-roba-amiga\/","title":{"rendered":"Colaboramos en el Sustainable Challenge realizado durante la 1\u00aa edici\u00f3n del Re-Barcelona"},"content":{"rendered":"<p>Este 29 y 30 de noviembre, hemos participado en el primer encuentro de moda sostenible y \u00e9tica Re-Barcelona cediendo ropa y mobiliario. Este\u00a0evento internacional tiene como objetivo reunir las iniciativas m\u00e1s innovadoras y\u00a0escuchar a los\u00a0expertos del sector textil sostenible. Desde Solidan\u00e7a \/ Roba Amiga hemos cedido residuos textiles para los participantes\u00a0del Sustainable Challenge 2019. A trav\u00e9s del upcycling, estos estudiantes de moda y dise\u00f1o, bajo la direcci\u00f3n y ayuda de expertos en diferentes \u00e1reas, han reinventado la disciplina de la moda transformando residuos textiles a nuevos productos con marca propia. Solidan\u00e7a tambi\u00e9n ha ambientalizado los espacios con mobiliario de nuestras tiendas.<\/p>\n","protected":false},"excerpt":{"rendered":"<p>Este 29 y 30 de noviembre, hemos participado en el primer encuentro de moda sostenible y \u00e9tica Re-Barcelona cediendo ropa y&#8230;<\/p>\n","protected":false},"author":3,"featured_media":4571,"comment_status":"closed","ping_status":"closed","sticky":false,"template":"","format":"standard","meta":{"_uag_custom_page_level_css":"","_kad_blocks_custom_css":"","_kad_blocks_head_custom_js":"","_kad_blocks_body_custom_js":"","_kad_blocks_footer_custom_js":"","_kad_post_transparent":"","_kad_post_title":"","_kad_post_layout":"","_kad_post_sidebar_id":"","_kad_post_content_style":"","_kad_post_vertical_padding":"","_kad_post_feature":"","_kad_post_feature_position":"","_kad_post_header":false,"_kad_post_footer":false,"_kad_post_classname":"","footnotes":""},"categories":[763],"tags":[],"class_list":["post-8006","post","type-post","status-publish","format-standard","has-post-thumbnail","hentry","category-area-social-es"],"taxonomy_info":{"category":[{"value":763,"label":"Area Social"}]},"featured_image_src_large":["https:\/\/solidanca.cat\/wp-content\/uploads\/2025\/04\/Resultats-2019-3.png",800,800,false],"author_info":{"display_name":"Comunicaci\u00f3","author_link":"https:\/\/solidanca.cat\/es\/author\/comunicacio\/"},"comment_info":0,"category_info":[{"term_id":763,"name":"Area Social","slug":"area-social-es","term_group":0,"term_taxonomy_id":763,"taxonomy":"category","description":"","parent":0,"count":208,"filter":"raw","cat_ID":763,"category_count":208,"category_description":"","cat_name":"Area Social","category_nicename":"area-social-es","category_parent":0}],"tag_info":false,"uagb_featured_image_src":{"full":["https:\/\/solidanca.cat\/wp-content\/uploads\/2025\/04\/Resultats-2019-3.png",800,800,false],"thumbnail":["https:\/\/solidanca.cat\/wp-content\/uploads\/2025\/04\/Resultats-2019-3-150x150.png",150,150,true],"medium":["https:\/\/solidanca.cat\/wp-content\/uploads\/2025\/04\/Resultats-2019-3-300x300.png",300,300,true],"medium_large":["https:\/\/solidanca.cat\/wp-content\/uploads\/2025\/04\/Resultats-2019-3-768x768.png",768,768,true],"large":["https:\/\/solidanca.cat\/wp-content\/uploads\/2025\/04\/Resultats-2019-3.png",800,800,false],"1536x1536":["https:\/\/solidanca.cat\/wp-content\/uploads\/2025\/04\/Resultats-2019-3.png",800,800,false],"2048x2048":["https:\/\/solidanca.cat\/wp-content\/uploads\/2025\/04\/Resultats-2019-3.png",800,800,false]},"uagb_author_info":{"display_name":"Comunicaci\u00f3","author_link":"https:\/\/solidanca.cat\/es\/author\/comunicacio\/"},"uagb_comment_info":0,"uagb_excerpt":"Este 29 y 30 de noviembre, hemos participado en el primer encuentro de moda sostenible y \u00e9tica Re-Barcelona cediendo ropa y...","_links":{"self":[{"href":"https:\/\/solidanca.cat\/es\/wp-json\/wp\/v2\/posts\/8006","targetHints":{"allow":["GET"]}}],"collection":[{"href":"https:\/\/solidanca.cat\/es\/wp-json\/wp\/v2\/posts"}],"about":[{"href":"https:\/\/solidanca.cat\/es\/wp-json\/wp\/v2\/types\/post"}],"author":[{"embeddable":true,"href":"https:\/\/solidanca.cat\/es\/wp-json\/wp\/v2\/users\/3"}],"replies":[{"embeddable":true,"href":"https:\/\/solidanca.cat\/es\/wp-json\/wp\/v2\/comments?post=8006"}],"version-history":[{"count":0,"href":"https:\/\/solidanca.cat\/es\/wp-json\/wp\/v2\/posts\/8006\/revisions"}],"wp:featuredmedia":[{"embeddable":true,"href":"https:\/\/solidanca.cat\/es\/wp-json\/wp\/v2\/media\/4571"}],"wp:attachment":[{"href":"https:\/\/solidanca.cat\/es\/wp-json\/wp\/v2\/media?parent=8006"}],"wp:term":[{"taxonomy":"category","embeddable":true,"href":"https:\/\/solidanca.cat\/es\/wp-json\/wp\/v2\/categories?post=8006"},{"taxonomy":"post_tag","embeddable":true,"href":"https:\/\/solidanca.cat\/es\/wp-json\/wp\/v2\/tags?post=8006"}],"curies":[{"name":"wp","href":"https:\/\/api.w.org\/{rel}","templated":true}]}}