{"id":8012,"date":"2019-12-13T13:54:10","date_gmt":"2019-12-13T12:54:10","guid":{"rendered":"https:\/\/solidanca.con2webs.es\/ven-conocer-nuestra-labor-la-fira-consum-responsable-deconomia-social-i-solidaria\/"},"modified":"2019-12-13T13:57:16","modified_gmt":"2019-12-13T12:57:16","slug":"ven-conocer-nuestra-labor-la-fira-consum-responsable-deconomia-social-i-solidaria","status":"publish","type":"post","link":"https:\/\/solidanca.cat\/es\/ven-conocer-nuestra-labor-la-fira-consum-responsable-deconomia-social-i-solidaria\/","title":{"rendered":"Vis\u00edtanos en la Feria de Consumo Responsable y en nuestras tiendas Solidan\u00e7a \/ Roba Amiga"},"content":{"rendered":"<p>Se acercan las fiestas y si t\u00fa tambi\u00e9n quieres hacer regalos de consumo responsable, <strong>te esperamos los d\u00edas 20 al 24 de diciembre en la caseta n\u00famero 8 de la Feria de Consumo Responsable de Econom\u00eda Social y Solidaria de Plaza Catalu\u00f1a<\/strong>. Encontrar\u00e1s productos de segunda mano de calidad, originales y diferentes para contribuir a la econom\u00eda circular.<\/p>\n<p>Si en la Feria no encuentras lo que buscas, a s\u00f3lo 5 minutos andando llegar\u00e1s la <strong><a href=\"https:\/\/solidanca.cat\/es\/tiendas-solidancaroba-amiga\/\">tienda Solidan\u00e7a \/ Roba Amiga<\/a> del barrio de San Antonio (C \/ Casanova, 26)<\/strong>. Tambi\u00e9n puedes buscar cu\u00e1l de nuestros establecimientos te queda m\u00e1s cerca de casa para contribuir al consumo responsable.<\/p>\n<p>** Si tienes aparatos el\u00e9ctricos e inform\u00e1ticos o bicicletas, <strong>la<a href=\"https:\/\/solidanca.cat\/es\/reparatruck\/\"> ReparaTruck<\/a> estar\u00e1 el domingo 22 de 10 a 13h a tu disposici\u00f3n en la zona de consumo responsable de la Feria<\/strong>. Trae tus aparatos y te ense\u00f1aremos a repararlos!<\/p>\n","protected":false},"excerpt":{"rendered":"<p>Se acercan las fiestas y si t\u00fa tambi\u00e9n quieres hacer regalos de consumo responsable, te esperamos los d\u00edas 20 al 24&#8230;<\/p>\n","protected":false},"author":3,"featured_media":4598,"comment_status":"closed","ping_status":"closed","sticky":false,"template":"","format":"standard","meta":{"_uag_custom_page_level_css":"","_kad_blocks_custom_css":"","_kad_blocks_head_custom_js":"","_kad_blocks_body_custom_js":"","_kad_blocks_footer_custom_js":"","_kad_post_transparent":"","_kad_post_title":"","_kad_post_layout":"","_kad_post_sidebar_id":"","_kad_post_content_style":"","_kad_post_vertical_padding":"","_kad_post_feature":"","_kad_post_feature_position":"","_kad_post_header":false,"_kad_post_footer":false,"_kad_post_classname":"","footnotes":""},"categories":[8],"tags":[],"class_list":["post-8012","post","type-post","status-publish","format-standard","has-post-thumbnail","hentry","category-sin-categorizar"],"taxonomy_info":{"category":[{"value":8,"label":"Sin categorizar"}]},"featured_image_src_large":["https:\/\/solidanca.cat\/wp-content\/uploads\/2025\/04\/imatges-noticies-16-9.png",1024,512,false],"author_info":{"display_name":"Comunicaci\u00f3","author_link":"https:\/\/solidanca.cat\/es\/author\/comunicacio\/"},"comment_info":0,"category_info":[{"term_id":8,"name":"Sin categorizar","slug":"sin-categorizar","term_group":0,"term_taxonomy_id":8,"taxonomy":"category","description":"","parent":0,"count":199,"filter":"raw","cat_ID":8,"category_count":199,"category_description":"","cat_name":"Sin categorizar","category_nicename":"sin-categorizar","category_parent":0}],"tag_info":false,"uagb_featured_image_src":{"full":["https:\/\/solidanca.cat\/wp-content\/uploads\/2025\/04\/imatges-noticies-16-9.png",1024,512,false],"thumbnail":["https:\/\/solidanca.cat\/wp-content\/uploads\/2025\/04\/imatges-noticies-16-9-150x150.png",150,150,true],"medium":["https:\/\/solidanca.cat\/wp-content\/uploads\/2025\/04\/imatges-noticies-16-9-300x150.png",300,150,true],"medium_large":["https:\/\/solidanca.cat\/wp-content\/uploads\/2025\/04\/imatges-noticies-16-9-768x384.png",768,384,true],"large":["https:\/\/solidanca.cat\/wp-content\/uploads\/2025\/04\/imatges-noticies-16-9.png",1024,512,false],"1536x1536":["https:\/\/solidanca.cat\/wp-content\/uploads\/2025\/04\/imatges-noticies-16-9.png",1024,512,false],"2048x2048":["https:\/\/solidanca.cat\/wp-content\/uploads\/2025\/04\/imatges-noticies-16-9.png",1024,512,false]},"uagb_author_info":{"display_name":"Comunicaci\u00f3","author_link":"https:\/\/solidanca.cat\/es\/author\/comunicacio\/"},"uagb_comment_info":0,"uagb_excerpt":"Se acercan las fiestas y si t\u00fa tambi\u00e9n quieres hacer regalos de consumo responsable, te esperamos los d\u00edas 20 al 24...","_links":{"self":[{"href":"https:\/\/solidanca.cat\/es\/wp-json\/wp\/v2\/posts\/8012","targetHints":{"allow":["GET"]}}],"collection":[{"href":"https:\/\/solidanca.cat\/es\/wp-json\/wp\/v2\/posts"}],"about":[{"href":"https:\/\/solidanca.cat\/es\/wp-json\/wp\/v2\/types\/post"}],"author":[{"embeddable":true,"href":"https:\/\/solidanca.cat\/es\/wp-json\/wp\/v2\/users\/3"}],"replies":[{"embeddable":true,"href":"https:\/\/solidanca.cat\/es\/wp-json\/wp\/v2\/comments?post=8012"}],"version-history":[{"count":0,"href":"https:\/\/solidanca.cat\/es\/wp-json\/wp\/v2\/posts\/8012\/revisions"}],"wp:featuredmedia":[{"embeddable":true,"href":"https:\/\/solidanca.cat\/es\/wp-json\/wp\/v2\/media\/4598"}],"wp:attachment":[{"href":"https:\/\/solidanca.cat\/es\/wp-json\/wp\/v2\/media?parent=8012"}],"wp:term":[{"taxonomy":"category","embeddable":true,"href":"https:\/\/solidanca.cat\/es\/wp-json\/wp\/v2\/categories?post=8012"},{"taxonomy":"post_tag","embeddable":true,"href":"https:\/\/solidanca.cat\/es\/wp-json\/wp\/v2\/tags?post=8012"}],"curies":[{"name":"wp","href":"https:\/\/api.w.org\/{rel}","templated":true}]}}