{"id":8031,"date":"1970-01-01T00:00:00","date_gmt":"1969-12-31T23:00:00","guid":{"rendered":"https:\/\/solidanca.con2webs.es\/mejoramos-la-integracion-social-las-personas-migradas-nuevo-curso-gestion-residuos-inicio-17-febrero\/"},"modified":"2020-02-12T07:46:49","modified_gmt":"2020-02-12T06:46:49","slug":"mejoramos-la-integracion-social-las-personas-migradas-nuevo-curso-gestion-residuos-inicio-17-febrero","status":"publish","type":"post","link":"https:\/\/solidanca.cat\/es\/mejoramos-la-integracion-social-las-personas-migradas-nuevo-curso-gestion-residuos-inicio-17-febrero\/","title":{"rendered":"Mejoramos la integraci\u00f3n social de las personas migradas. Nuevo curso de Gesti\u00f3n de Residuos &#8211; inicio 17 de febrero"},"content":{"rendered":"<p><em><strong>Iniciamos el a\u00f1o con nuevas acciones formativas para mejorar la empleabilidad de las personas que se encuentran en situaci\u00f3n de vulnerabilidad social, en especial a aquellas que han migrado de su pa\u00eds natal.<\/strong><\/em><\/p>\n<p>Abrimos inscripciones para el curso <strong>de Gesti\u00f3n de Residuos dirigido a personas migradas en situaci\u00f3n legal irregular<\/strong> con inicio el pr\u00f3ximo 17 de febrero en horarios de 9 a 14 en el centro de formaci\u00f3n Solidan\u00e7a.<\/p>\n<p>Esta formaci\u00f3n tiene el objetivo de dar herramientas para la mejora de su empleabilidad, as\u00ed como, para obtener m\u00e1s puntuaci\u00f3n a la hora de oficializar los permisos de residencia complement\u00e1ndolo con la obtenci\u00f3n del t\u00edtulo B1 de catal\u00e1n (de 45 horas por el Consorcio de Normalizaci\u00f3n ling\u00fc\u00edstica) y as\u00ed conseguir el certificado de primera acogida.<\/p>\n<p>Esta formaci\u00f3n forma parte de un proyecto de atenci\u00f3n a personas migradas en el que se incluyen el acompa\u00f1amiento de una pareja ling\u00fc\u00edstica as\u00ed como de un mentoraje. Si conoces personas que se encuentren en esta situaci\u00f3n legal irregular las puede dirigir a nuestra entidad.<\/p>\n<p>Este proyecto recibe el apoyo de la Secretar\u00eda de Igualdad, Migraciones y Ciudadan\u00eda de la Generalitat<\/p>\n","protected":false},"excerpt":{"rendered":"<p>Iniciamos el a\u00f1o con nuevas acciones formativas para mejorar la empleabilidad de las personas que se encuentran en situaci\u00f3n de vulnerabilidad&#8230;<\/p>\n","protected":false},"author":3,"featured_media":4688,"comment_status":"open","ping_status":"closed","sticky":false,"template":"","format":"standard","meta":{"_uag_custom_page_level_css":"","_kad_blocks_custom_css":"","_kad_blocks_head_custom_js":"","_kad_blocks_body_custom_js":"","_kad_blocks_footer_custom_js":"","_kad_post_transparent":"","_kad_post_title":"","_kad_post_layout":"","_kad_post_sidebar_id":"","_kad_post_content_style":"","_kad_post_vertical_padding":"","_kad_post_feature":"","_kad_post_feature_position":"","_kad_post_header":false,"_kad_post_footer":false,"_kad_post_classname":"","footnotes":""},"categories":[758],"tags":[],"class_list":["post-8031","post","type-post","status-publish","format-standard","has-post-thumbnail","hentry","category-formacion"],"taxonomy_info":{"category":[{"value":758,"label":"Formaci\u00f3n"}]},"featured_image_src_large":["https:\/\/solidanca.cat\/wp-content\/uploads\/2025\/04\/Captura-de-pantalla-2020-03-24-a-las-13.12.43-3.png",609,599,false],"author_info":{"display_name":"Comunicaci\u00f3","author_link":"https:\/\/solidanca.cat\/es\/author\/comunicacio\/"},"comment_info":0,"category_info":[{"term_id":758,"name":"Formaci\u00f3n","slug":"formacion","term_group":0,"term_taxonomy_id":758,"taxonomy":"category","description":"","parent":0,"count":107,"filter":"raw","cat_ID":758,"category_count":107,"category_description":"","cat_name":"Formaci\u00f3n","category_nicename":"formacion","category_parent":0}],"tag_info":false,"uagb_featured_image_src":{"full":["https:\/\/solidanca.cat\/wp-content\/uploads\/2025\/04\/Captura-de-pantalla-2020-03-24-a-las-13.12.43-3.png",609,599,false],"thumbnail":["https:\/\/solidanca.cat\/wp-content\/uploads\/2025\/04\/Captura-de-pantalla-2020-03-24-a-las-13.12.43-3-150x150.png",150,150,true],"medium":["https:\/\/solidanca.cat\/wp-content\/uploads\/2025\/04\/Captura-de-pantalla-2020-03-24-a-las-13.12.43-3-300x295.png",300,295,true],"medium_large":["https:\/\/solidanca.cat\/wp-content\/uploads\/2025\/04\/Captura-de-pantalla-2020-03-24-a-las-13.12.43-3.png",609,599,false],"large":["https:\/\/solidanca.cat\/wp-content\/uploads\/2025\/04\/Captura-de-pantalla-2020-03-24-a-las-13.12.43-3.png",609,599,false],"1536x1536":["https:\/\/solidanca.cat\/wp-content\/uploads\/2025\/04\/Captura-de-pantalla-2020-03-24-a-las-13.12.43-3.png",609,599,false],"2048x2048":["https:\/\/solidanca.cat\/wp-content\/uploads\/2025\/04\/Captura-de-pantalla-2020-03-24-a-las-13.12.43-3.png",609,599,false]},"uagb_author_info":{"display_name":"Comunicaci\u00f3","author_link":"https:\/\/solidanca.cat\/es\/author\/comunicacio\/"},"uagb_comment_info":0,"uagb_excerpt":"Iniciamos el a\u00f1o con nuevas acciones formativas para mejorar la empleabilidad de las personas que se encuentran en situaci\u00f3n de vulnerabilidad...","_links":{"self":[{"href":"https:\/\/solidanca.cat\/es\/wp-json\/wp\/v2\/posts\/8031","targetHints":{"allow":["GET"]}}],"collection":[{"href":"https:\/\/solidanca.cat\/es\/wp-json\/wp\/v2\/posts"}],"about":[{"href":"https:\/\/solidanca.cat\/es\/wp-json\/wp\/v2\/types\/post"}],"author":[{"embeddable":true,"href":"https:\/\/solidanca.cat\/es\/wp-json\/wp\/v2\/users\/3"}],"replies":[{"embeddable":true,"href":"https:\/\/solidanca.cat\/es\/wp-json\/wp\/v2\/comments?post=8031"}],"version-history":[{"count":0,"href":"https:\/\/solidanca.cat\/es\/wp-json\/wp\/v2\/posts\/8031\/revisions"}],"wp:featuredmedia":[{"embeddable":true,"href":"https:\/\/solidanca.cat\/es\/wp-json\/wp\/v2\/media\/4688"}],"wp:attachment":[{"href":"https:\/\/solidanca.cat\/es\/wp-json\/wp\/v2\/media?parent=8031"}],"wp:term":[{"taxonomy":"category","embeddable":true,"href":"https:\/\/solidanca.cat\/es\/wp-json\/wp\/v2\/categories?post=8031"},{"taxonomy":"post_tag","embeddable":true,"href":"https:\/\/solidanca.cat\/es\/wp-json\/wp\/v2\/tags?post=8031"}],"curies":[{"name":"wp","href":"https:\/\/api.w.org\/{rel}","templated":true}]}}