{"id":8038,"date":"2020-02-20T10:47:39","date_gmt":"2020-02-20T09:47:39","guid":{"rendered":"https:\/\/solidanca.con2webs.es\/rabia-explica-caso-exito-la-revista-utopies\/"},"modified":"2020-02-20T10:51:05","modified_gmt":"2020-02-20T09:51:05","slug":"rabia-explica-caso-exito-la-revista-utopies","status":"publish","type":"post","link":"https:\/\/solidanca.cat\/es\/rabia-explica-caso-exito-la-revista-utopies\/","title":{"rendered":"Rabia explica su caso de \u00e9xito en la revista Utopies"},"content":{"rendered":"<p>La Rabia, que actualmente trabaja de apoyo administrativo a Solidan\u00e7a despu\u00e9s de haber realizado una de las formaciones que ofrecemos desde la entidad en el centro de formaci\u00f3n de Sant Joan Desp\u00ed, explica en la revista Utop\u00edas como conoci\u00f3 el programa de acogida para personas reci\u00e9n llegadas del Ayuntamiento de Sant Joan Desp\u00ed y c\u00f3mo se interes\u00f3 por Solidan\u00e7a. En la Rabia le llam\u00f3 la atenci\u00f3n nuestro proyecto y se anim\u00f3 a hacer el Curso de Gesti\u00f3n de Residuos para personas que no disponen de una situaci\u00f3n legal regularizada. M\u00e1s tarde entr\u00f3 a formar parte del programa ACOL, con lo que pudo regularizar su situaci\u00f3n, para empezar a trabajar la entidad y seguir recibiendo formaci\u00f3n. Gracias por compartir tu experiencia!<\/p>\n","protected":false},"excerpt":{"rendered":"<p>La Rabia, que actualmente trabaja de apoyo administrativo a Solidan\u00e7a despu\u00e9s de haber realizado una de las formaciones que ofrecemos desde&#8230;<\/p>\n","protected":false},"author":3,"featured_media":4721,"comment_status":"open","ping_status":"closed","sticky":false,"template":"","format":"standard","meta":{"_uag_custom_page_level_css":"","_kad_blocks_custom_css":"","_kad_blocks_head_custom_js":"","_kad_blocks_body_custom_js":"","_kad_blocks_footer_custom_js":"","_kad_post_transparent":"","_kad_post_title":"","_kad_post_layout":"","_kad_post_sidebar_id":"","_kad_post_content_style":"","_kad_post_vertical_padding":"","_kad_post_feature":"","_kad_post_feature_position":"","_kad_post_header":false,"_kad_post_footer":false,"_kad_post_classname":"","footnotes":""},"categories":[8],"tags":[],"class_list":["post-8038","post","type-post","status-publish","format-standard","has-post-thumbnail","hentry","category-sin-categorizar"],"taxonomy_info":{"category":[{"value":8,"label":"Sin categorizar"}]},"featured_image_src_large":["https:\/\/solidanca.cat\/wp-content\/uploads\/2025\/04\/info-reparatic-3.png",380,287,false],"author_info":{"display_name":"Comunicaci\u00f3","author_link":"https:\/\/solidanca.cat\/es\/author\/comunicacio\/"},"comment_info":0,"category_info":[{"term_id":8,"name":"Sin categorizar","slug":"sin-categorizar","term_group":0,"term_taxonomy_id":8,"taxonomy":"category","description":"","parent":0,"count":199,"filter":"raw","cat_ID":8,"category_count":199,"category_description":"","cat_name":"Sin categorizar","category_nicename":"sin-categorizar","category_parent":0}],"tag_info":false,"uagb_featured_image_src":{"full":["https:\/\/solidanca.cat\/wp-content\/uploads\/2025\/04\/info-reparatic-3.png",380,287,false],"thumbnail":["https:\/\/solidanca.cat\/wp-content\/uploads\/2025\/04\/info-reparatic-3-150x150.png",150,150,true],"medium":["https:\/\/solidanca.cat\/wp-content\/uploads\/2025\/04\/info-reparatic-3-300x227.png",300,227,true],"medium_large":["https:\/\/solidanca.cat\/wp-content\/uploads\/2025\/04\/info-reparatic-3.png",380,287,false],"large":["https:\/\/solidanca.cat\/wp-content\/uploads\/2025\/04\/info-reparatic-3.png",380,287,false],"1536x1536":["https:\/\/solidanca.cat\/wp-content\/uploads\/2025\/04\/info-reparatic-3.png",380,287,false],"2048x2048":["https:\/\/solidanca.cat\/wp-content\/uploads\/2025\/04\/info-reparatic-3.png",380,287,false]},"uagb_author_info":{"display_name":"Comunicaci\u00f3","author_link":"https:\/\/solidanca.cat\/es\/author\/comunicacio\/"},"uagb_comment_info":0,"uagb_excerpt":"La Rabia, que actualmente trabaja de apoyo administrativo a Solidan\u00e7a despu\u00e9s de haber realizado una de las formaciones que ofrecemos desde...","_links":{"self":[{"href":"https:\/\/solidanca.cat\/es\/wp-json\/wp\/v2\/posts\/8038","targetHints":{"allow":["GET"]}}],"collection":[{"href":"https:\/\/solidanca.cat\/es\/wp-json\/wp\/v2\/posts"}],"about":[{"href":"https:\/\/solidanca.cat\/es\/wp-json\/wp\/v2\/types\/post"}],"author":[{"embeddable":true,"href":"https:\/\/solidanca.cat\/es\/wp-json\/wp\/v2\/users\/3"}],"replies":[{"embeddable":true,"href":"https:\/\/solidanca.cat\/es\/wp-json\/wp\/v2\/comments?post=8038"}],"version-history":[{"count":0,"href":"https:\/\/solidanca.cat\/es\/wp-json\/wp\/v2\/posts\/8038\/revisions"}],"wp:featuredmedia":[{"embeddable":true,"href":"https:\/\/solidanca.cat\/es\/wp-json\/wp\/v2\/media\/4721"}],"wp:attachment":[{"href":"https:\/\/solidanca.cat\/es\/wp-json\/wp\/v2\/media?parent=8038"}],"wp:term":[{"taxonomy":"category","embeddable":true,"href":"https:\/\/solidanca.cat\/es\/wp-json\/wp\/v2\/categories?post=8038"},{"taxonomy":"post_tag","embeddable":true,"href":"https:\/\/solidanca.cat\/es\/wp-json\/wp\/v2\/tags?post=8038"}],"curies":[{"name":"wp","href":"https:\/\/api.w.org\/{rel}","templated":true}]}}