{"id":8041,"date":"2019-08-01T07:00:15","date_gmt":"2019-08-01T05:00:15","guid":{"rendered":"https:\/\/solidanca.con2webs.es\/mas-ano-upcycling-la-restauracion-muebles\/"},"modified":"2019-08-01T07:10:46","modified_gmt":"2019-08-01T05:10:46","slug":"mas-ano-upcycling-la-restauracion-muebles","status":"publish","type":"post","link":"https:\/\/solidanca.cat\/es\/mas-ano-upcycling-la-restauracion-muebles\/","title":{"rendered":"M\u00e1s de un a\u00f1o de upcycling con la restauraci\u00f3n de muebles"},"content":{"rendered":"<p>El proyecto de preparaci\u00f3n para la restauraci\u00f3n de muebles de Solidan\u00e7a es una iniciativa innovadora prevenci\u00f3n de residuos, econom\u00eda circular y upcycling que es consolida cada vez m\u00e1s con m\u00e1s de <strong>9207kg de residuos reutilizados<\/strong> gracias a\u00a0esta actividad.<\/p>\n<p>Esta\u00a0iniciativa, que cuenta con el soporte de la Agencia de Residuos de Catalu\u00f1a, ha permitido <strong>restaurar 430 muebles<\/strong> a poco m\u00e1s de un a\u00f1o, <strong>evitando as\u00ed la emisi\u00f3n de 16.688,80 kg de CO2 a la atm\u00f3sfera<\/strong> y la<strong> restauraci\u00f3n de el 25% del total de muebles<\/strong> recibidos de los diferentes servicios de recogida.<\/p>\n<p>Complementariamente, Solidan\u00e7a realiza talleres de restauraci\u00f3n de muebles <strong>cada tercer s\u00e1bado de mes<\/strong> para fomentar el autoaprendizaje la restauraci\u00f3n y poner a\u00a0disposici\u00f3n de las personas el espacio y materiales necesarios para llevar a cabo esta actividad.<\/p>\n<p>Este proyecto con valor social potencia la prevenci\u00f3n de residuos y el upcycling y ha permitido la <strong>inserci\u00f3n laboral de una persona<\/strong> con discapacidad para dar soporte a las tareas de restauraci\u00f3n.<\/p>\n","protected":false},"excerpt":{"rendered":"<p>El proyecto de preparaci\u00f3n para la restauraci\u00f3n de muebles de Solidan\u00e7a es una iniciativa innovadora prevenci\u00f3n de residuos, econom\u00eda circular y&#8230;<\/p>\n","protected":false},"author":3,"featured_media":4740,"comment_status":"open","ping_status":"closed","sticky":false,"template":"","format":"standard","meta":{"_uag_custom_page_level_css":"","_kad_blocks_custom_css":"","_kad_blocks_head_custom_js":"","_kad_blocks_body_custom_js":"","_kad_blocks_footer_custom_js":"","_kad_post_transparent":"","_kad_post_title":"","_kad_post_layout":"","_kad_post_sidebar_id":"","_kad_post_content_style":"","_kad_post_vertical_padding":"","_kad_post_feature":"","_kad_post_feature_position":"","_kad_post_header":false,"_kad_post_footer":false,"_kad_post_classname":"","footnotes":""},"categories":[8],"tags":[],"class_list":["post-8041","post","type-post","status-publish","format-standard","has-post-thumbnail","hentry","category-sin-categorizar"],"taxonomy_info":{"category":[{"value":8,"label":"Sin categorizar"}]},"featured_image_src_large":["https:\/\/solidanca.cat\/wp-content\/uploads\/2025\/04\/genere-accio-3.jpg",437,218,false],"author_info":{"display_name":"Comunicaci\u00f3","author_link":"https:\/\/solidanca.cat\/es\/author\/comunicacio\/"},"comment_info":0,"category_info":[{"term_id":8,"name":"Sin categorizar","slug":"sin-categorizar","term_group":0,"term_taxonomy_id":8,"taxonomy":"category","description":"","parent":0,"count":199,"filter":"raw","cat_ID":8,"category_count":199,"category_description":"","cat_name":"Sin categorizar","category_nicename":"sin-categorizar","category_parent":0}],"tag_info":false,"uagb_featured_image_src":{"full":["https:\/\/solidanca.cat\/wp-content\/uploads\/2025\/04\/genere-accio-3.jpg",437,218,false],"thumbnail":["https:\/\/solidanca.cat\/wp-content\/uploads\/2025\/04\/genere-accio-3-150x150.jpg",150,150,true],"medium":["https:\/\/solidanca.cat\/wp-content\/uploads\/2025\/04\/genere-accio-3-300x150.jpg",300,150,true],"medium_large":["https:\/\/solidanca.cat\/wp-content\/uploads\/2025\/04\/genere-accio-3.jpg",437,218,false],"large":["https:\/\/solidanca.cat\/wp-content\/uploads\/2025\/04\/genere-accio-3.jpg",437,218,false],"1536x1536":["https:\/\/solidanca.cat\/wp-content\/uploads\/2025\/04\/genere-accio-3.jpg",437,218,false],"2048x2048":["https:\/\/solidanca.cat\/wp-content\/uploads\/2025\/04\/genere-accio-3.jpg",437,218,false]},"uagb_author_info":{"display_name":"Comunicaci\u00f3","author_link":"https:\/\/solidanca.cat\/es\/author\/comunicacio\/"},"uagb_comment_info":0,"uagb_excerpt":"El proyecto de preparaci\u00f3n para la restauraci\u00f3n de muebles de Solidan\u00e7a es una iniciativa innovadora prevenci\u00f3n de residuos, econom\u00eda circular y...","_links":{"self":[{"href":"https:\/\/solidanca.cat\/es\/wp-json\/wp\/v2\/posts\/8041","targetHints":{"allow":["GET"]}}],"collection":[{"href":"https:\/\/solidanca.cat\/es\/wp-json\/wp\/v2\/posts"}],"about":[{"href":"https:\/\/solidanca.cat\/es\/wp-json\/wp\/v2\/types\/post"}],"author":[{"embeddable":true,"href":"https:\/\/solidanca.cat\/es\/wp-json\/wp\/v2\/users\/3"}],"replies":[{"embeddable":true,"href":"https:\/\/solidanca.cat\/es\/wp-json\/wp\/v2\/comments?post=8041"}],"version-history":[{"count":0,"href":"https:\/\/solidanca.cat\/es\/wp-json\/wp\/v2\/posts\/8041\/revisions"}],"wp:featuredmedia":[{"embeddable":true,"href":"https:\/\/solidanca.cat\/es\/wp-json\/wp\/v2\/media\/4740"}],"wp:attachment":[{"href":"https:\/\/solidanca.cat\/es\/wp-json\/wp\/v2\/media?parent=8041"}],"wp:term":[{"taxonomy":"category","embeddable":true,"href":"https:\/\/solidanca.cat\/es\/wp-json\/wp\/v2\/categories?post=8041"},{"taxonomy":"post_tag","embeddable":true,"href":"https:\/\/solidanca.cat\/es\/wp-json\/wp\/v2\/tags?post=8041"}],"curies":[{"name":"wp","href":"https:\/\/api.w.org\/{rel}","templated":true}]}}