{"id":8044,"date":"2020-03-05T17:42:33","date_gmt":"2020-03-05T16:42:33","guid":{"rendered":"https:\/\/solidanca.con2webs.es\/hacemos-fuerza-hacia-una-sociedad-mujeres-empoderadas\/"},"modified":"2020-03-05T17:48:46","modified_gmt":"2020-03-05T16:48:46","slug":"hacemos-fuerza-hacia-una-sociedad-mujeres-empoderadas","status":"publish","type":"post","link":"https:\/\/solidanca.cat\/es\/hacemos-fuerza-hacia-una-sociedad-mujeres-empoderadas\/","title":{"rendered":"Hacemos fuerza hacia una sociedad de mujeres empoderadas"},"content":{"rendered":"<h4><em><strong>Nos sumamos en la lucha por la igualdad de g\u00e9nero en el marco del 8 de marzo<\/strong><\/em><\/h4>\n<p>A Solidan\u00e7a, desde los inicios, trabajamos para dar respuesta a la necesidad de luchar por la igualdad de g\u00e9nero en el entorno laboral y social. Desde la entidad ponemos nuestro grano de arena a lo largo del a\u00f1o realizando <strong>actividades de sensibilizaci\u00f3n<\/strong> a todas las personas vinculadas -alumnos, trabajadoras, usuarias, voluntarias, etc- para denunciar esta desigualdad contra las mujeres que todav\u00eda hoy se sit\u00faa en el marco de la emergencia social.<\/p>\n<p>Las medidas y acciones positivas que refuerzan nuestra reivindicaci\u00f3n se basan en: la igualdad salarial entre g\u00e9neros, la paridad de mujeres y hombres en puestos de trabajo &#8211; posicion\u00e1ndonos en contra de la de la segregaci\u00f3n vertical y horizontal-, la defensa de la sororidad que nos ha llevado hasta aqu\u00ed, entre otros.<\/p>\n<p>Este a\u00f1o, destacamos<strong> tres nuevos proyectos<\/strong> promovidos por la entidad:<\/p>\n<ul>\n<li><strong>Dones en acci\u00f3<\/strong>, iniciativa que pusimos en marcha en colaboraci\u00f3n con Ayuda en Acci\u00f3n, lucha por el empoderamiento femenino a trav\u00e9s de la formaci\u00f3n para el empleo de madres migradas en la misma escuela donde estudian sus hijas e hijos.<\/li>\n<li><strong>G\u00e8nere-acci<\/strong>\u00f3, proyecto que ofrece talleres de empoderamiento personal a mujeres migradas en las instalaciones de Solidan\u00e7a con el objetivo de mejorar las competencias b\u00e1sicas y transversales.<\/li>\n<li><strong>Te\u00a0n&#8217;aDones,<\/strong> proyecto destinado a empresas y entidades que quieran realizar talleres de sensibilizaci\u00f3n hacia la igualdad de g\u00e9nero en el entorno laboral con sus equipos.<br \/>\n<h3><em>Desde Solidan\u00e7a seguiremos trabajando de manera incansable para hacer efectiva la igualdad entre mujeres y hombres<\/em><\/h3>\n<h2 style=\"text-align: center;\">#nocallarem<\/h2>\n<\/li>\n<\/ul>\n<p><a href=\"https:\/\/solidanca.cat\/wp-content\/uploads\/2020\/03\/Captura.png\"><img loading=\"lazy\" decoding=\"async\" class=\"size-large wp-image-5717 aligncenter\" src=\"https:\/\/solidanca.cat\/wp-content\/uploads\/2020\/03\/Captura-1024x573.png\" alt=\"\" width=\"1024\" height=\"573\" \/><\/a><\/p>\n<p><a href=\"https:\/\/solidanca.cat\/wp-content\/uploads\/2020\/03\/EEE.png\"><img loading=\"lazy\" decoding=\"async\" class=\"size-large wp-image-5718 aligncenter\" src=\"https:\/\/solidanca.cat\/wp-content\/uploads\/2020\/03\/EEE-1024x436.png\" alt=\"\" width=\"1024\" height=\"436\" \/><\/a><\/p>\n","protected":false},"excerpt":{"rendered":"<p>Nos sumamos en la lucha por la igualdad de g\u00e9nero en el marco del 8 de marzo A Solidan\u00e7a, desde los&#8230;<\/p>\n","protected":false},"author":3,"featured_media":4749,"comment_status":"open","ping_status":"closed","sticky":false,"template":"","format":"standard","meta":{"_uag_custom_page_level_css":"","_kad_blocks_custom_css":"","_kad_blocks_head_custom_js":"","_kad_blocks_body_custom_js":"","_kad_blocks_footer_custom_js":"","_kad_post_transparent":"","_kad_post_title":"","_kad_post_layout":"","_kad_post_sidebar_id":"","_kad_post_content_style":"","_kad_post_vertical_padding":"","_kad_post_feature":"","_kad_post_feature_position":"","_kad_post_header":false,"_kad_post_footer":false,"_kad_post_classname":"","footnotes":""},"categories":[8],"tags":[],"class_list":["post-8044","post","type-post","status-publish","format-standard","has-post-thumbnail","hentry","category-sin-categorizar"],"taxonomy_info":{"category":[{"value":8,"label":"Sin categorizar"}]},"featured_image_src_large":["https:\/\/solidanca.cat\/wp-content\/uploads\/2025\/04\/imatges-noticies-8-6.png",1024,512,false],"author_info":{"display_name":"Comunicaci\u00f3","author_link":"https:\/\/solidanca.cat\/es\/author\/comunicacio\/"},"comment_info":0,"category_info":[{"term_id":8,"name":"Sin categorizar","slug":"sin-categorizar","term_group":0,"term_taxonomy_id":8,"taxonomy":"category","description":"","parent":0,"count":199,"filter":"raw","cat_ID":8,"category_count":199,"category_description":"","cat_name":"Sin categorizar","category_nicename":"sin-categorizar","category_parent":0}],"tag_info":false,"uagb_featured_image_src":{"full":["https:\/\/solidanca.cat\/wp-content\/uploads\/2025\/04\/imatges-noticies-8-6.png",1024,512,false],"thumbnail":["https:\/\/solidanca.cat\/wp-content\/uploads\/2025\/04\/imatges-noticies-8-6-150x150.png",150,150,true],"medium":["https:\/\/solidanca.cat\/wp-content\/uploads\/2025\/04\/imatges-noticies-8-6-300x150.png",300,150,true],"medium_large":["https:\/\/solidanca.cat\/wp-content\/uploads\/2025\/04\/imatges-noticies-8-6-768x384.png",768,384,true],"large":["https:\/\/solidanca.cat\/wp-content\/uploads\/2025\/04\/imatges-noticies-8-6.png",1024,512,false],"1536x1536":["https:\/\/solidanca.cat\/wp-content\/uploads\/2025\/04\/imatges-noticies-8-6.png",1024,512,false],"2048x2048":["https:\/\/solidanca.cat\/wp-content\/uploads\/2025\/04\/imatges-noticies-8-6.png",1024,512,false]},"uagb_author_info":{"display_name":"Comunicaci\u00f3","author_link":"https:\/\/solidanca.cat\/es\/author\/comunicacio\/"},"uagb_comment_info":0,"uagb_excerpt":"Nos sumamos en la lucha por la igualdad de g\u00e9nero en el marco del 8 de marzo A Solidan\u00e7a, desde los...","_links":{"self":[{"href":"https:\/\/solidanca.cat\/es\/wp-json\/wp\/v2\/posts\/8044","targetHints":{"allow":["GET"]}}],"collection":[{"href":"https:\/\/solidanca.cat\/es\/wp-json\/wp\/v2\/posts"}],"about":[{"href":"https:\/\/solidanca.cat\/es\/wp-json\/wp\/v2\/types\/post"}],"author":[{"embeddable":true,"href":"https:\/\/solidanca.cat\/es\/wp-json\/wp\/v2\/users\/3"}],"replies":[{"embeddable":true,"href":"https:\/\/solidanca.cat\/es\/wp-json\/wp\/v2\/comments?post=8044"}],"version-history":[{"count":0,"href":"https:\/\/solidanca.cat\/es\/wp-json\/wp\/v2\/posts\/8044\/revisions"}],"wp:featuredmedia":[{"embeddable":true,"href":"https:\/\/solidanca.cat\/es\/wp-json\/wp\/v2\/media\/4749"}],"wp:attachment":[{"href":"https:\/\/solidanca.cat\/es\/wp-json\/wp\/v2\/media?parent=8044"}],"wp:term":[{"taxonomy":"category","embeddable":true,"href":"https:\/\/solidanca.cat\/es\/wp-json\/wp\/v2\/categories?post=8044"},{"taxonomy":"post_tag","embeddable":true,"href":"https:\/\/solidanca.cat\/es\/wp-json\/wp\/v2\/tags?post=8044"}],"curies":[{"name":"wp","href":"https:\/\/api.w.org\/{rel}","templated":true}]}}