{"id":8054,"date":"2020-04-07T07:25:46","date_gmt":"2020-04-07T05:25:46","guid":{"rendered":"https:\/\/solidanca.con2webs.es\/solidanca-cerca-tuyo-ahora-mas-nunca\/"},"modified":"2020-04-07T07:46:00","modified_gmt":"2020-04-07T05:46:00","slug":"solidanca-cerca-tuyo-ahora-mas-nunca","status":"publish","type":"post","link":"https:\/\/solidanca.cat\/es\/solidanca-cerca-tuyo-ahora-mas-nunca\/","title":{"rendered":"Solidan\u00e7a cerca tuyo ahora m\u00e1s que nunca"},"content":{"rendered":"<h4 style=\"text-align: center;\">Los h\u00e9roes y hero\u00ednas de Solidan\u00e7a<\/h4>\n<p id=\"tw-target-text\" class=\"tw-data-text tw-text-large tw-ta\" dir=\"ltr\" data-placeholder=\"Traducci\u00f3n\"><span lang=\"es\">Ante la situaci\u00f3n de excepcionalidad provocada por Covid-19, el equipo de Solidan\u00e7a sigue activo para ofrecer servicios m\u00ednimos esenciales a la ciudadan\u00eda y en especial a las personas que se encuentran en situaci\u00f3n de vulnerabilidad social. Con el fin de hacer frente a la emergencia sanitaria y garantizar las necesidades b\u00e1sicas a los colectivos m\u00e1s desfavorecidos, parte del personal de Solidan\u00e7a sigue al pie del ca\u00f1\u00f3n\u00a0y asumiendo el riesgo de trabajar para garantizar servicios m\u00ednimos. A pesar de las dificultosas condiciones, siguen haciendo un trabajo, para muchos invisible, pero llena de humildad y disposici\u00f3n de ayudar a aquellos que m\u00e1s lo necesitan. <strong>\u00a1Para Solidan\u00e7a vosotros tambi\u00e9n sois h\u00e9roes y hero\u00ednas! <\/strong><\/span><\/p>\n<h4 class=\"tw-data-text tw-text-large tw-ta\" dir=\"ltr\" style=\"text-align: center;\" data-placeholder=\"Traducci\u00f3n\"><span lang=\"es\">\u00a1Gracias equipo! <\/span><\/h4>\n<h4 class=\"tw-data-text tw-text-large tw-ta\" dir=\"ltr\" style=\"text-align: center;\" data-placeholder=\"Traducci\u00f3n\"><span lang=\"es\">#ahora m\u00e1s que nunca<\/span><\/h4>\n","protected":false},"excerpt":{"rendered":"<p>Los h\u00e9roes y hero\u00ednas de Solidan\u00e7a Ante la situaci\u00f3n de excepcionalidad provocada por Covid-19, el equipo de Solidan\u00e7a sigue activo para&#8230;<\/p>\n","protected":false},"author":2,"featured_media":4806,"comment_status":"open","ping_status":"closed","sticky":false,"template":"","format":"standard","meta":{"_uag_custom_page_level_css":"","_kad_blocks_custom_css":"","_kad_blocks_head_custom_js":"","_kad_blocks_body_custom_js":"","_kad_blocks_footer_custom_js":"","_kad_post_transparent":"","_kad_post_title":"","_kad_post_layout":"","_kad_post_sidebar_id":"","_kad_post_content_style":"","_kad_post_vertical_padding":"","_kad_post_feature":"","_kad_post_feature_position":"","_kad_post_header":false,"_kad_post_footer":false,"_kad_post_classname":"","footnotes":""},"categories":[8],"tags":[],"class_list":["post-8054","post","type-post","status-publish","format-standard","has-post-thumbnail","hentry","category-sin-categorizar"],"taxonomy_info":{"category":[{"value":8,"label":"Sin categorizar"}]},"featured_image_src_large":["https:\/\/solidanca.cat\/wp-content\/uploads\/2025\/04\/imatges-noticies-4-7.png",1024,512,false],"author_info":{"display_name":"Solidan\u00e7a","author_link":"https:\/\/solidanca.cat\/es\/author\/alberg\/"},"comment_info":0,"category_info":[{"term_id":8,"name":"Sin categorizar","slug":"sin-categorizar","term_group":0,"term_taxonomy_id":8,"taxonomy":"category","description":"","parent":0,"count":199,"filter":"raw","cat_ID":8,"category_count":199,"category_description":"","cat_name":"Sin categorizar","category_nicename":"sin-categorizar","category_parent":0}],"tag_info":false,"uagb_featured_image_src":{"full":["https:\/\/solidanca.cat\/wp-content\/uploads\/2025\/04\/imatges-noticies-4-7.png",1024,512,false],"thumbnail":["https:\/\/solidanca.cat\/wp-content\/uploads\/2025\/04\/imatges-noticies-4-7-150x150.png",150,150,true],"medium":["https:\/\/solidanca.cat\/wp-content\/uploads\/2025\/04\/imatges-noticies-4-7-300x150.png",300,150,true],"medium_large":["https:\/\/solidanca.cat\/wp-content\/uploads\/2025\/04\/imatges-noticies-4-7-768x384.png",768,384,true],"large":["https:\/\/solidanca.cat\/wp-content\/uploads\/2025\/04\/imatges-noticies-4-7.png",1024,512,false],"1536x1536":["https:\/\/solidanca.cat\/wp-content\/uploads\/2025\/04\/imatges-noticies-4-7.png",1024,512,false],"2048x2048":["https:\/\/solidanca.cat\/wp-content\/uploads\/2025\/04\/imatges-noticies-4-7.png",1024,512,false]},"uagb_author_info":{"display_name":"Solidan\u00e7a","author_link":"https:\/\/solidanca.cat\/es\/author\/alberg\/"},"uagb_comment_info":0,"uagb_excerpt":"Los h\u00e9roes y hero\u00ednas de Solidan\u00e7a Ante la situaci\u00f3n de excepcionalidad provocada por Covid-19, el equipo de Solidan\u00e7a sigue activo para...","_links":{"self":[{"href":"https:\/\/solidanca.cat\/es\/wp-json\/wp\/v2\/posts\/8054","targetHints":{"allow":["GET"]}}],"collection":[{"href":"https:\/\/solidanca.cat\/es\/wp-json\/wp\/v2\/posts"}],"about":[{"href":"https:\/\/solidanca.cat\/es\/wp-json\/wp\/v2\/types\/post"}],"author":[{"embeddable":true,"href":"https:\/\/solidanca.cat\/es\/wp-json\/wp\/v2\/users\/2"}],"replies":[{"embeddable":true,"href":"https:\/\/solidanca.cat\/es\/wp-json\/wp\/v2\/comments?post=8054"}],"version-history":[{"count":0,"href":"https:\/\/solidanca.cat\/es\/wp-json\/wp\/v2\/posts\/8054\/revisions"}],"wp:featuredmedia":[{"embeddable":true,"href":"https:\/\/solidanca.cat\/es\/wp-json\/wp\/v2\/media\/4806"}],"wp:attachment":[{"href":"https:\/\/solidanca.cat\/es\/wp-json\/wp\/v2\/media?parent=8054"}],"wp:term":[{"taxonomy":"category","embeddable":true,"href":"https:\/\/solidanca.cat\/es\/wp-json\/wp\/v2\/categories?post=8054"},{"taxonomy":"post_tag","embeddable":true,"href":"https:\/\/solidanca.cat\/es\/wp-json\/wp\/v2\/tags?post=8054"}],"curies":[{"name":"wp","href":"https:\/\/api.w.org\/{rel}","templated":true}]}}