{"id":8058,"date":"2020-09-14T10:38:09","date_gmt":"2020-09-14T08:38:09","guid":{"rendered":"https:\/\/solidanca.con2webs.es\/nuevos-cursos-nuevas-oportunidades\/"},"modified":"2020-09-14T10:59:51","modified_gmt":"2020-09-14T08:59:51","slug":"nuevos-cursos-nuevas-oportunidades","status":"publish","type":"post","link":"https:\/\/solidanca.cat\/es\/nuevos-cursos-nuevas-oportunidades\/","title":{"rendered":"Nuevos cursos, nuevas oportunidades."},"content":{"rendered":"<p>A Solidan\u00e7a empezamos el nuevo curso! Una nueva edici\u00f3n que hemos adaptado al contexto de la alerta sanitaria para seguir atendiendo con seguridad a nuestros alumnos garantizando el bienestar de toda nuestra comunidad. Hemos reducido el n\u00famero de plazas de los grupos, en el aula trabajamos en espacios grandes y con distancia de seguridad, con mascarilla obligatoria y hielo desinfectante a disposici\u00f3n. Adem\u00e1s, las aulas se desinfectan despu\u00e9s de cada grupo.<\/p>\n<p>Estamos poniendo todos nuestros esfuerzos para estar lo m\u00e1s cerca posible de todas las personas que acompa\u00f1amos, con v\u00ednculos fortalecidos y abiertos a la comunidad.<\/p>\n<p>&nbsp;<\/p>\n<p>Los cursos que ofrecemos son:<\/p>\n<ul>\n<li>El Curso de Repar@Tic (<strong>REPARACI\u00d3N DE M\u00d3VILES Y TABLETAS<\/strong>) con inicio el 14 de octubre. <span style=\"color: #ff9900;\"><em><strong>*Nuevas fechas y \u00faltimas plazas libres!\u00a0<\/strong><\/em><\/span><\/li>\n<li>El Curso de <strong>AUXILIAR DE ALMAC\u00c9N<\/strong> del Punto Formativo Incorpora con inicio el 14 de octubre.<\/li>\n<\/ul>\n<p><a href=\"https:\/\/solidanca.cat\/wp-content\/uploads\/2020\/09\/reparatic-II-oct-2020_CAST-Noves-DATES.jpg\"><img loading=\"lazy\" decoding=\"async\" class=\"alignnone  wp-image-6120\" src=\"https:\/\/solidanca.cat\/wp-content\/uploads\/2020\/09\/reparatic-II-oct-2020_CAST-Noves-DATES.jpg\" alt=\"\" width=\"211\" height=\"304\" \/><\/a>\u00a0 \u00a0 \u00a0 \u00a0\u00a0<a href=\"https:\/\/solidanca.cat\/wp-content\/uploads\/2020\/09\/2020.10-PFI-magatzem_CAST.jpg\"><img loading=\"lazy\" decoding=\"async\" class=\"alignnone wp-image-6089\" src=\"https:\/\/solidanca.cat\/wp-content\/uploads\/2020\/09\/2020.10-PFI-magatzem_CAST.jpg\" alt=\"\" width=\"202\" height=\"294\" \/><\/a><\/p>\n<p>Estas formaciones son una gran oportunidad para personas en paro y j\u00f3venes que se encuentran en b\u00fasqueda de trabajo y necesitan mejorar sus conocimientos y experiencia para ampliar sus posibilidades de encontrar trabajo.<\/p>\n<p>En las formaciones a Solidan\u00e7a no s\u00f3lo ofrecemos una formaci\u00f3n t\u00e9cnica en el oficio del curso, si no que nos preocupamos para potenciar las <strong>competencias transversales<\/strong> de cada persona con un trato individualizado, realizamos <strong>sesiones de coaching<\/strong> grupales, buscamos posibles carn\u00e9s t\u00e9cnicos o formaciones complementarias y creamos un m\u00f3dulo extra. Por ejemplo, en este \u00faltimo caso, en el <strong>curso de Auxiliar de almac\u00e9n<\/strong> se trabajan t\u00e9cnicas de Picking (radiofrecuencia PDA) e incluye la obtenci\u00f3n del carnet de carretillero\/a \u00a0y, en el caso del <strong>curso de Repar@Tic<\/strong>, incluye pr\u00e1cticas en la misma aula con impresoras 3D para motivar a los j\u00f3venes en el sector.<\/p>\n<p>&nbsp;<\/p>\n<p>Actualmente est\u00e1 creciendo la demanda de personal en el sector log\u00edstico y tecnol\u00f3gico (sobre todo en los servicios t\u00e9cnicos) por esta raz\u00f3n creemos que estas formaciones pueden ser de mucha utilidad para los usuarios con los que trabajamos. Adem\u00e1s, el \u00faltimo m\u00f3dulo de la formaci\u00f3n est\u00e1 enfocado a la <strong>creaci\u00f3n del curriclum y la preparaci\u00f3n para la b\u00fasqueda de empleo<\/strong> en este nuevo sector.<\/p>\n<p>&nbsp;<\/p>\n<p>REQUISITOS PARA SER ALUMNO<\/p>\n<p><a href=\"https:\/\/solidanca.cat\/wp-content\/uploads\/2020\/09\/CAST-requisits.png\"><img loading=\"lazy\" decoding=\"async\" class=\"alignnone size-full wp-image-6085\" src=\"https:\/\/solidanca.cat\/wp-content\/uploads\/2020\/09\/CAST-requisits.png\" alt=\"\" width=\"704\" height=\"288\" \/><\/a><\/p>\n<p>&nbsp;<\/p>\n<h3 style=\"text-align: center;\">Queremos as\u00ed preparar a nuevas trabajadoras y trabajadores para adentrarse en un nuevo sector laboral!<\/h3>\n<p>Os animamos a que hag\u00e1is difusi\u00f3n y, si te interesa o conoces a alguien que le pueda interesar, contacta con nosotros!<\/p>\n<p>&nbsp;<\/p>\n<p>&nbsp;<\/p>\n","protected":false},"excerpt":{"rendered":"<p>A Solidan\u00e7a empezamos el nuevo curso! Una nueva edici\u00f3n que hemos adaptado al contexto de la alerta sanitaria para seguir atendiendo&#8230;<\/p>\n","protected":false},"author":2,"featured_media":4838,"comment_status":"open","ping_status":"closed","sticky":false,"template":"","format":"standard","meta":{"_uag_custom_page_level_css":"","_kad_blocks_custom_css":"","_kad_blocks_head_custom_js":"","_kad_blocks_body_custom_js":"","_kad_blocks_footer_custom_js":"","_kad_post_transparent":"","_kad_post_title":"","_kad_post_layout":"","_kad_post_sidebar_id":"","_kad_post_content_style":"","_kad_post_vertical_padding":"","_kad_post_feature":"","_kad_post_feature_position":"","_kad_post_header":false,"_kad_post_footer":false,"_kad_post_classname":"","footnotes":""},"categories":[763,758],"tags":[],"class_list":["post-8058","post","type-post","status-publish","format-standard","has-post-thumbnail","hentry","category-area-social-es","category-formacion"],"taxonomy_info":{"category":[{"value":763,"label":"Area Social"},{"value":758,"label":"Formaci\u00f3n"}]},"featured_image_src_large":["https:\/\/solidanca.cat\/wp-content\/uploads\/2025\/04\/oferta-de-feina_-DEF-medi-ambient-3.png",960,600,false],"author_info":{"display_name":"Solidan\u00e7a","author_link":"https:\/\/solidanca.cat\/es\/author\/alberg\/"},"comment_info":0,"category_info":[{"term_id":763,"name":"Area Social","slug":"area-social-es","term_group":0,"term_taxonomy_id":763,"taxonomy":"category","description":"","parent":0,"count":208,"filter":"raw","cat_ID":763,"category_count":208,"category_description":"","cat_name":"Area Social","category_nicename":"area-social-es","category_parent":0},{"term_id":758,"name":"Formaci\u00f3n","slug":"formacion","term_group":0,"term_taxonomy_id":758,"taxonomy":"category","description":"","parent":0,"count":107,"filter":"raw","cat_ID":758,"category_count":107,"category_description":"","cat_name":"Formaci\u00f3n","category_nicename":"formacion","category_parent":0}],"tag_info":false,"uagb_featured_image_src":{"full":["https:\/\/solidanca.cat\/wp-content\/uploads\/2025\/04\/oferta-de-feina_-DEF-medi-ambient-3.png",960,600,false],"thumbnail":["https:\/\/solidanca.cat\/wp-content\/uploads\/2025\/04\/oferta-de-feina_-DEF-medi-ambient-3-150x150.png",150,150,true],"medium":["https:\/\/solidanca.cat\/wp-content\/uploads\/2025\/04\/oferta-de-feina_-DEF-medi-ambient-3-300x188.png",300,188,true],"medium_large":["https:\/\/solidanca.cat\/wp-content\/uploads\/2025\/04\/oferta-de-feina_-DEF-medi-ambient-3-768x480.png",768,480,true],"large":["https:\/\/solidanca.cat\/wp-content\/uploads\/2025\/04\/oferta-de-feina_-DEF-medi-ambient-3.png",960,600,false],"1536x1536":["https:\/\/solidanca.cat\/wp-content\/uploads\/2025\/04\/oferta-de-feina_-DEF-medi-ambient-3.png",960,600,false],"2048x2048":["https:\/\/solidanca.cat\/wp-content\/uploads\/2025\/04\/oferta-de-feina_-DEF-medi-ambient-3.png",960,600,false]},"uagb_author_info":{"display_name":"Solidan\u00e7a","author_link":"https:\/\/solidanca.cat\/es\/author\/alberg\/"},"uagb_comment_info":0,"uagb_excerpt":"A Solidan\u00e7a empezamos el nuevo curso! Una nueva edici\u00f3n que hemos adaptado al contexto de la alerta sanitaria para seguir atendiendo...","_links":{"self":[{"href":"https:\/\/solidanca.cat\/es\/wp-json\/wp\/v2\/posts\/8058","targetHints":{"allow":["GET"]}}],"collection":[{"href":"https:\/\/solidanca.cat\/es\/wp-json\/wp\/v2\/posts"}],"about":[{"href":"https:\/\/solidanca.cat\/es\/wp-json\/wp\/v2\/types\/post"}],"author":[{"embeddable":true,"href":"https:\/\/solidanca.cat\/es\/wp-json\/wp\/v2\/users\/2"}],"replies":[{"embeddable":true,"href":"https:\/\/solidanca.cat\/es\/wp-json\/wp\/v2\/comments?post=8058"}],"version-history":[{"count":0,"href":"https:\/\/solidanca.cat\/es\/wp-json\/wp\/v2\/posts\/8058\/revisions"}],"wp:featuredmedia":[{"embeddable":true,"href":"https:\/\/solidanca.cat\/es\/wp-json\/wp\/v2\/media\/4838"}],"wp:attachment":[{"href":"https:\/\/solidanca.cat\/es\/wp-json\/wp\/v2\/media?parent=8058"}],"wp:term":[{"taxonomy":"category","embeddable":true,"href":"https:\/\/solidanca.cat\/es\/wp-json\/wp\/v2\/categories?post=8058"},{"taxonomy":"post_tag","embeddable":true,"href":"https:\/\/solidanca.cat\/es\/wp-json\/wp\/v2\/tags?post=8058"}],"curies":[{"name":"wp","href":"https:\/\/api.w.org\/{rel}","templated":true}]}}